{"id":6952,"date":"2022-11-14T01:20:37","date_gmt":"2022-11-14T01:20:37","guid":{"rendered":"https:\/\/tribunavm.com.ar\/?p=6952"},"modified":"2022-11-14T02:59:05","modified_gmt":"2022-11-14T02:59:05","slug":"movilizacion-por-la-salud-publica","status":"publish","type":"post","link":"https:\/\/tribunavm.com.ar\/index.php\/2022\/11\/14\/movilizacion-por-la-salud-publica\/","title":{"rendered":"Movilizaci\u00f3n por la salud p\u00fablica"},"content":{"rendered":"<div class=\"row clearfix\">\n<div class=\"col-md-8\">\n<div class=\"intro-text\">\n<p><span style=\"font-weight: 400;\">Las trabajadoras del Hospital Regional Pasteur llaman a movilizarse en la ciudad por el estado de salud. Habr\u00e1 paro y acciones gremiales en toda la provincia.<\/span><\/p>\n<\/div>\n<p><span style=\"font-weight: 400;\"><span class=\"dropcap \" style=\"background-color: #ffffff; color: #dd9933; border-color: #ffffff;\">D<\/span>esde hace dos semanas trabajadoras del Hospital Pasteur comenzaron a realizar asambleas en las inmediaciones del edificio reclamando mayores ingresos a planta para cubrir con las demandas de usuarios y mejoras salariales.<\/span><\/p>\n<p><span style=\"font-weight: 400;\">Entre los convocantes se encontraban los trabajadores del \u00e1rea de pediatr\u00eda, que denunciaron un panorama \u201ccomplejo\u201d que atraviesan tambi\u00e9n quienes realizan sus labores en Diagn\u00f3stico por Im\u00e1genes, Laboratorio y Enfermer\u00eda.<\/span><\/p>\n<p><span style=\"font-weight: 400;\">Ver: <\/span><span style=\"color: #ff9900;\"><a style=\"color: #ff9900;\" href=\"https:\/\/tribunavm.com.ar\/index.php\/2022\/10\/28\/por-salario-digno-y-mas-personal\/\"><span style=\"font-weight: 400;\">Por salario digno y m\u00e1s personal<\/span><\/a><\/span><\/p>\n<p><span style=\"font-weight: 400;\">A trav\u00e9s de un comunicado sostuvieron que en los \u00faltimos tiempos la situaci\u00f3n se volvi\u00f3 insostenible ante la falta de m\u00e9dicos en la guardia pedi\u00e1trica lo que conlleva a ejercer \u201cjornadas de 24 horas y multitareas\u201d. Por ello, desde el sector han convocado a encontrarse en el ingreso al Hospital el d\u00eda mi\u00e9rcoles 16 a las 10:00 am para movilizarse.<\/span><\/p>\n<p><img loading=\"lazy\" decoding=\"async\" class=\"aligncenter size-full wp-image-6956\" src=\"https:\/\/tribunavm.com.ar\/wp-content\/uploads\/2022\/11\/movilizacion-al-pasteur.jpeg\" alt=\"\" width=\"1205\" height=\"1280\" srcset=\"https:\/\/tribunavm.com.ar\/wp-content\/uploads\/2022\/11\/movilizacion-al-pasteur.jpeg 1205w, https:\/\/tribunavm.com.ar\/wp-content\/uploads\/2022\/11\/movilizacion-al-pasteur-282x300.jpeg 282w, https:\/\/tribunavm.com.ar\/wp-content\/uploads\/2022\/11\/movilizacion-al-pasteur-964x1024.jpeg 964w, https:\/\/tribunavm.com.ar\/wp-content\/uploads\/2022\/11\/movilizacion-al-pasteur-768x816.jpeg 768w, https:\/\/tribunavm.com.ar\/wp-content\/uploads\/2022\/11\/movilizacion-al-pasteur-750x797.jpeg 750w, https:\/\/tribunavm.com.ar\/wp-content\/uploads\/2022\/11\/movilizacion-al-pasteur-1140x1211.jpeg 1140w\" sizes=\"(max-width: 1205px) 100vw, 1205px\" \/><\/p>\n<p><span style=\"font-weight: 400;\">A trav\u00e9s de m\u00faltiples flyer circularon convocatorias de m\u00e9dicos, enfermeros y dem\u00e1s trabajadores del sector salud que realizar\u00e1n diversas acciones gremiales el d\u00eda mi\u00e9rcoles en Capital, Villa Dolores, Punilla, Cruz del Eje, San Jos\u00e9 de la Dormida, Bell Ville.<\/span><\/p>\n<h4><span style=\"color: #ff9900;\"><b>Nacionales<\/b><\/span><\/h4>\n<p><span style=\"font-weight: 400;\">La situaci\u00f3n es compartida en otros puntos del pa\u00eds donde trabajadores y profesionales de la salud llaman a movilizarse en sus lugares de trabajo. Por caso, la Fesprosa defini\u00f3 un paro nacional de salud \u201cpara exigir recomposici\u00f3n salarial y una paritaria para el sector\u201d para los d\u00edas 17 y 23 de noviembre.<\/span><\/p>\n<p><img loading=\"lazy\" decoding=\"async\" class=\"aligncenter size-full wp-image-6953\" src=\"https:\/\/tribunavm.com.ar\/wp-content\/uploads\/2022\/11\/trabajador-de-salud-movilizado.jpeg\" alt=\"\" width=\"1023\" height=\"682\" srcset=\"https:\/\/tribunavm.com.ar\/wp-content\/uploads\/2022\/11\/trabajador-de-salud-movilizado.jpeg 1023w, https:\/\/tribunavm.com.ar\/wp-content\/uploads\/2022\/11\/trabajador-de-salud-movilizado-300x200.jpeg 300w, https:\/\/tribunavm.com.ar\/wp-content\/uploads\/2022\/11\/trabajador-de-salud-movilizado-768x512.jpeg 768w, https:\/\/tribunavm.com.ar\/wp-content\/uploads\/2022\/11\/trabajador-de-salud-movilizado-750x500.jpeg 750w\" sizes=\"(max-width: 1023px) 100vw, 1023px\" \/><\/p>\n<p><span style=\"font-weight: 400;\">En la ciudad de R\u00edo Cuarto, 17 de los 30 m\u00e9dicos de la guardia del Hospital San Antonio de Padua presentaron sus renuncias ante las autoridades provinciales al exigir ser declarados \u201crecurso humano cr\u00edtico\u201d y llevar los salarios b\u00e1sicos a $150.000 pesos.<\/span><\/p>\n<p><span style=\"font-weight: 400;\">Por su parte, en la ciudad de Rosario cerca de 200 trabajadores municipales de salud se convocaron en el Centro de Especialidades M\u00e9dicas de la ciudad (CEMAR). Piden elevar la paritaria firmada por el sindicato de municipales de un 78% anual.<\/span><\/p>\n<p><span style=\"font-weight: 400;\">En C\u00f3rdoba, Jer\u00f3nimo Ainsuain, Secretario General de SiPrUs declar\u00f3 ante Cadena 3 que \u201cel 70% de los m\u00e9dicos de guardia son monotributistas\u201d, lo que\u201csignifica una precarizaci\u00f3n de los trabajadores de salud\u201d. Y afirma que \u201cen muchas oportunidades llegan hasta los 5 a\u00f1os en esta condici\u00f3n\u201d.<\/span><\/p>\n<\/div>\n<\/div>\n","protected":false},"excerpt":{"rendered":"<p>Las trabajadoras del Hospital Regional Pasteur llaman a movilizarse en la ciudad por el estado de salud. Habr\u00e1 paro y acciones gremiales en toda la provincia. Desde hace dos semanas trabajadoras del Hospital Pasteur comenzaron a realizar asambleas en las inmediaciones del edificio reclamando mayores ingresos a planta para cubrir con las demandas de usuarios [&hellip;]<\/p>\n","protected":false},"author":2,"featured_media":6960,"comment_status":"open","ping_status":"open","sticky":false,"template":"","format":"standard","meta":{"_exactmetrics_skip_tracking":false,"_exactmetrics_sitenote_active":false,"_exactmetrics_sitenote_note":"","_exactmetrics_sitenote_category":0,"jnews-multi-image_gallery":[],"jnews_single_post":{"source_name":"","source_url":"","via_name":"","via_url":"","override_template":"0","override":[{"template":"1","single_blog_custom":"","parallax":"1","fullscreen":"1","layout":"right-sidebar","sidebar":"default-sidebar","second_sidebar":"default-sidebar","sticky_sidebar":"1","share_position":"top","share_float_style":"share-monocrhome","show_share_counter":"1","show_view_counter":"1","show_featured":"1","show_post_meta":"1","show_post_author":"1","show_post_author_image":"1","show_post_date":"1","post_date_format":"default","post_date_format_custom":"Y\/m\/d","show_post_category":"1","show_post_reading_time":"0","post_reading_time_wpm":"300","show_zoom_button":"0","zoom_button_out_step":"2","zoom_button_in_step":"3","show_post_tag":"1","show_prev_next_post":"1","show_popup_post":"1","number_popup_post":"1","show_author_box":"0","show_post_related":"0","show_inline_post_related":"0"}],"override_image_size":"0","image_override":[{"single_post_thumbnail_size":"crop-500","single_post_gallery_size":"crop-500"}],"trending_post":"0","trending_post_position":"meta","trending_post_label":"Trending","sponsored_post":"0","sponsored_post_label":"Sponsored by","sponsored_post_name":"","sponsored_post_url":"","sponsored_post_logo_enable":"0","sponsored_post_logo":"","sponsored_post_desc":""},"jnews_primary_category":{"id":"22"},"jnews_social_meta":{"fb_title":"","fb_description":"","fb_image":"","twitter_title":"","twitter_description":"","twitter_image":""},"jnews_override_counter":{"override_view_counter":"0","view_counter_number":"0","override_share_counter":"0","share_counter_number":"0","override_like_counter":"0","like_counter_number":"0","override_dislike_counter":"0","dislike_counter_number":"0"},"_joinchat":[],"footnotes":""},"categories":[22],"tags":[269,85,68,35],"class_list":["post-6952","post","type-post","status-publish","format-standard","has-post-thumbnail","hentry","category-actualidad","tag-edicion-101","tag-movilizaciones","tag-salud","tag-trabajadores"],"_links":{"self":[{"href":"https:\/\/tribunavm.com.ar\/index.php\/wp-json\/wp\/v2\/posts\/6952"}],"collection":[{"href":"https:\/\/tribunavm.com.ar\/index.php\/wp-json\/wp\/v2\/posts"}],"about":[{"href":"https:\/\/tribunavm.com.ar\/index.php\/wp-json\/wp\/v2\/types\/post"}],"author":[{"embeddable":true,"href":"https:\/\/tribunavm.com.ar\/index.php\/wp-json\/wp\/v2\/users\/2"}],"replies":[{"embeddable":true,"href":"https:\/\/tribunavm.com.ar\/index.php\/wp-json\/wp\/v2\/comments?post=6952"}],"version-history":[{"count":4,"href":"https:\/\/tribunavm.com.ar\/index.php\/wp-json\/wp\/v2\/posts\/6952\/revisions"}],"predecessor-version":[{"id":6959,"href":"https:\/\/tribunavm.com.ar\/index.php\/wp-json\/wp\/v2\/posts\/6952\/revisions\/6959"}],"wp:featuredmedia":[{"embeddable":true,"href":"https:\/\/tribunavm.com.ar\/index.php\/wp-json\/wp\/v2\/media\/6960"}],"wp:attachment":[{"href":"https:\/\/tribunavm.com.ar\/index.php\/wp-json\/wp\/v2\/media?parent=6952"}],"wp:term":[{"taxonomy":"category","embeddable":true,"href":"https:\/\/tribunavm.com.ar\/index.php\/wp-json\/wp\/v2\/categories?post=6952"},{"taxonomy":"post_tag","embeddable":true,"href":"https:\/\/tribunavm.com.ar\/index.php\/wp-json\/wp\/v2\/tags?post=6952"}],"curies":[{"name":"wp","href":"https:\/\/api.w.org\/{rel}","templated":true}]}}