{"id":7011,"date":"2022-11-16T17:52:40","date_gmt":"2022-11-16T17:52:40","guid":{"rendered":"https:\/\/tribunavm.com.ar\/?p=7011"},"modified":"2022-11-16T17:52:40","modified_gmt":"2022-11-16T17:52:40","slug":"por-la-dignidad-laboral","status":"publish","type":"post","link":"https:\/\/tribunavm.com.ar\/index.php\/2022\/11\/16\/por-la-dignidad-laboral\/","title":{"rendered":"Por la dignidad laboral"},"content":{"rendered":"<div class=\"row clearfix\">\n<div class=\"col-md-8\">\n<div class=\"intro-text\">\n<p><span style=\"font-weight: 400;\">Trabajadores del Hospital Pasteur realizaron una masiva asamblea y movilizaci\u00f3n hacia el Bv. V\u00e9lez Sarsfield. Tambi\u00e9n concentraron en la Asistencia P\u00fablica.\u00a0<\/span><\/p>\n<\/div>\n<p><span style=\"font-weight: 400;\"><span class=\"dropcap \" style=\"background-color: #ffffff; color: #dd9933; border-color: #ffffff;\">E<\/span>l d\u00eda de hoy el personal de salud del Hospital Pasteur realiz\u00f3 una asamblea junto a la comunidad villamariense en reclamo por salarios dignos y mayor personal. Adem\u00e1s, el personal de la Asistencia P\u00fablica realiz\u00f3 una concentraci\u00f3n en la puerta de la instituci\u00f3n.<\/span><\/p>\n<p><img loading=\"lazy\" decoding=\"async\" class=\"aligncenter size-full wp-image-7012\" src=\"https:\/\/tribunavm.com.ar\/wp-content\/uploads\/2022\/11\/DSC_0011-scaled.jpg\" alt=\"\" width=\"2560\" height=\"1707\" srcset=\"https:\/\/tribunavm.com.ar\/wp-content\/uploads\/2022\/11\/DSC_0011-scaled.jpg 2560w, https:\/\/tribunavm.com.ar\/wp-content\/uploads\/2022\/11\/DSC_0011-300x200.jpg 300w, https:\/\/tribunavm.com.ar\/wp-content\/uploads\/2022\/11\/DSC_0011-1024x683.jpg 1024w, https:\/\/tribunavm.com.ar\/wp-content\/uploads\/2022\/11\/DSC_0011-768x512.jpg 768w, https:\/\/tribunavm.com.ar\/wp-content\/uploads\/2022\/11\/DSC_0011-1536x1024.jpg 1536w, https:\/\/tribunavm.com.ar\/wp-content\/uploads\/2022\/11\/DSC_0011-2048x1365.jpg 2048w, https:\/\/tribunavm.com.ar\/wp-content\/uploads\/2022\/11\/DSC_0011-750x500.jpg 750w, https:\/\/tribunavm.com.ar\/wp-content\/uploads\/2022\/11\/DSC_0011-1140x760.jpg 1140w\" sizes=\"(max-width: 2560px) 100vw, 2560px\" \/><\/p>\n<p><span style=\"font-weight: 400;\">La medida forma parte de un plan de lucha que emprendieron los\/as trabajadores\/as desde hace varias semanas y que hoy tuvo su correlato en toda la provincia. El personal de C\u00f3rdoba Capital, R\u00edo Cuarto, San Francisco, Villa Dolores, Bell Ville, y muchos otros pueblos y ciudades de la provincia hicieron sentir su reclamo.<\/span><\/p>\n<p><img loading=\"lazy\" decoding=\"async\" class=\"aligncenter size-full wp-image-7013\" src=\"https:\/\/tribunavm.com.ar\/wp-content\/uploads\/2022\/11\/DSC_0022-scaled.jpg\" alt=\"\" width=\"2560\" height=\"1707\" srcset=\"https:\/\/tribunavm.com.ar\/wp-content\/uploads\/2022\/11\/DSC_0022-scaled.jpg 2560w, https:\/\/tribunavm.com.ar\/wp-content\/uploads\/2022\/11\/DSC_0022-300x200.jpg 300w, https:\/\/tribunavm.com.ar\/wp-content\/uploads\/2022\/11\/DSC_0022-1024x683.jpg 1024w, https:\/\/tribunavm.com.ar\/wp-content\/uploads\/2022\/11\/DSC_0022-768x512.jpg 768w, https:\/\/tribunavm.com.ar\/wp-content\/uploads\/2022\/11\/DSC_0022-1536x1024.jpg 1536w, https:\/\/tribunavm.com.ar\/wp-content\/uploads\/2022\/11\/DSC_0022-2048x1365.jpg 2048w, https:\/\/tribunavm.com.ar\/wp-content\/uploads\/2022\/11\/DSC_0022-750x500.jpg 750w, https:\/\/tribunavm.com.ar\/wp-content\/uploads\/2022\/11\/DSC_0022-1140x760.jpg 1140w\" sizes=\"(max-width: 2560px) 100vw, 2560px\" \/><\/p>\n<p><span style=\"font-weight: 400;\">Guillero Nardi, trabajador del Hospital Pasteur, dijo a Tribuna que &#8220;fue una medida contundente, porque se moviliz\u00f3 todo el Hospital&#8221;. &#8220;Lo que viene es conformar una mesa directiva que organice la protesta a nivel provincial y nos permita sentarnos a dialogar con el Gobierno&#8221;, coment\u00f3. &#8220;<strong>En caso de no haber respuesta se va a endurecer la medida de fuerza<\/strong>&#8220;.<\/span><\/p>\n<p><img loading=\"lazy\" decoding=\"async\" class=\"aligncenter size-full wp-image-7014\" src=\"https:\/\/tribunavm.com.ar\/wp-content\/uploads\/2022\/11\/DSC_0029-scaled.jpg\" alt=\"\" width=\"2560\" height=\"1707\" srcset=\"https:\/\/tribunavm.com.ar\/wp-content\/uploads\/2022\/11\/DSC_0029-scaled.jpg 2560w, https:\/\/tribunavm.com.ar\/wp-content\/uploads\/2022\/11\/DSC_0029-300x200.jpg 300w, https:\/\/tribunavm.com.ar\/wp-content\/uploads\/2022\/11\/DSC_0029-1024x683.jpg 1024w, https:\/\/tribunavm.com.ar\/wp-content\/uploads\/2022\/11\/DSC_0029-768x512.jpg 768w, https:\/\/tribunavm.com.ar\/wp-content\/uploads\/2022\/11\/DSC_0029-1536x1024.jpg 1536w, https:\/\/tribunavm.com.ar\/wp-content\/uploads\/2022\/11\/DSC_0029-2048x1365.jpg 2048w, https:\/\/tribunavm.com.ar\/wp-content\/uploads\/2022\/11\/DSC_0029-750x500.jpg 750w, https:\/\/tribunavm.com.ar\/wp-content\/uploads\/2022\/11\/DSC_0029-1140x760.jpg 1140w\" sizes=\"(max-width: 2560px) 100vw, 2560px\" \/><\/p>\n<p><span style=\"font-weight: 400;\">En la asamblea, Sonia P\u00e9rez, trabajadora de la instituci\u00f3n, tom\u00f3 la palabra para leer un comunicado acordado por el personal de todos los hospitales de la provincia en la que denunciaron la gravedad de la situaci\u00f3n: \u201c<\/span><b>tenemos servicios colapsados y trabajadores con p\u00e9simas condiciones salariales y laborales y con alt\u00edsimos niveles de precarizaci\u00f3n<\/b><span style=\"font-weight: 400;\">\u201d.<\/span><\/p>\n<p><img loading=\"lazy\" decoding=\"async\" class=\"aligncenter size-full wp-image-7015\" src=\"https:\/\/tribunavm.com.ar\/wp-content\/uploads\/2022\/11\/DSC_0034-scaled.jpg\" alt=\"\" width=\"2560\" height=\"1707\" srcset=\"https:\/\/tribunavm.com.ar\/wp-content\/uploads\/2022\/11\/DSC_0034-scaled.jpg 2560w, https:\/\/tribunavm.com.ar\/wp-content\/uploads\/2022\/11\/DSC_0034-300x200.jpg 300w, https:\/\/tribunavm.com.ar\/wp-content\/uploads\/2022\/11\/DSC_0034-1024x683.jpg 1024w, https:\/\/tribunavm.com.ar\/wp-content\/uploads\/2022\/11\/DSC_0034-768x512.jpg 768w, https:\/\/tribunavm.com.ar\/wp-content\/uploads\/2022\/11\/DSC_0034-1536x1024.jpg 1536w, https:\/\/tribunavm.com.ar\/wp-content\/uploads\/2022\/11\/DSC_0034-2048x1365.jpg 2048w, https:\/\/tribunavm.com.ar\/wp-content\/uploads\/2022\/11\/DSC_0034-750x500.jpg 750w, https:\/\/tribunavm.com.ar\/wp-content\/uploads\/2022\/11\/DSC_0034-1140x760.jpg 1140w\" sizes=\"(max-width: 2560px) 100vw, 2560px\" \/><\/p>\n<p><span style=\"font-weight: 400;\">Adem\u00e1s, las trabajadoras comentaron que a pesar de haberse puesto al hombro los hospitales y centros de atenci\u00f3n primaria frente a la pandemia mundial <\/span><b>\u201caun as\u00ed el gobierno NO RECONOCI\u00d3 nuestro trabajo<\/b><span style=\"font-weight: 400;\">\u201d.\u00a0<\/span><\/p>\n<a href=\"https:\/\/tribunavm.com.ar\/wp-content\/uploads\/2022\/11\/Documento-Paro-16-11-22.pdf\" class=\"pdfemb-viewer\" style=\"width:600px;height:900px;\" data-width=\"600\" data-height=\"900\" data-toolbar=\"bottom\" data-toolbar-fixed=\"off\">Documento Paro 16-11-22<\/a>\n<p><span style=\"font-weight: 400;\">\u201c<\/span><b>La pol\u00edtica sigue siendo de ajuste a la salud p\u00fablica y en el camino beneficiar negocios privados<\/b><span style=\"font-weight: 400;\">. Esto se siente en el intento de imponer cambios en el r\u00e9gimen de trabajo en diversos sectores, el desmantelamiento de equipos o la sobrecarga laboral. Tambi\u00e9n en el avance de la tercerizaci\u00f3n y privatizaci\u00f3n de servicios\u201d, contin\u00faa el comunicado.\u00a0\u00a0<\/span><\/p>\n<p><img loading=\"lazy\" decoding=\"async\" class=\"aligncenter size-full wp-image-7022\" src=\"https:\/\/tribunavm.com.ar\/wp-content\/uploads\/2022\/11\/DSC_0055-scaled.jpg\" alt=\"\" width=\"2560\" height=\"1707\" srcset=\"https:\/\/tribunavm.com.ar\/wp-content\/uploads\/2022\/11\/DSC_0055-scaled.jpg 2560w, https:\/\/tribunavm.com.ar\/wp-content\/uploads\/2022\/11\/DSC_0055-300x200.jpg 300w, https:\/\/tribunavm.com.ar\/wp-content\/uploads\/2022\/11\/DSC_0055-1024x683.jpg 1024w, https:\/\/tribunavm.com.ar\/wp-content\/uploads\/2022\/11\/DSC_0055-768x512.jpg 768w, https:\/\/tribunavm.com.ar\/wp-content\/uploads\/2022\/11\/DSC_0055-1536x1024.jpg 1536w, https:\/\/tribunavm.com.ar\/wp-content\/uploads\/2022\/11\/DSC_0055-2048x1365.jpg 2048w, https:\/\/tribunavm.com.ar\/wp-content\/uploads\/2022\/11\/DSC_0055-750x500.jpg 750w, https:\/\/tribunavm.com.ar\/wp-content\/uploads\/2022\/11\/DSC_0055-1140x760.jpg 1140w\" sizes=\"(max-width: 2560px) 100vw, 2560px\" \/><\/p>\n<p><span style=\"font-weight: 400;\">Tambi\u00e9n aclararon que \u201c<\/span><b>no vamos a aceptar que nos dividan<\/b><span style=\"font-weight: 400;\">. Nuestro reclamo es por un salario digno para todas y todos los trabajadores de salud\u201d. Y, en caso de no tener respuestas por parte de las autoridades \u201cestado de asamblea permanente y 72 horas de paro la semana pr\u00f3xima\u201d.<\/span><\/p>\n<p><img loading=\"lazy\" decoding=\"async\" class=\"aligncenter size-full wp-image-7024\" src=\"https:\/\/tribunavm.com.ar\/wp-content\/uploads\/2022\/11\/DSC_0048-scaled.jpg\" alt=\"\" width=\"2560\" height=\"1707\" srcset=\"https:\/\/tribunavm.com.ar\/wp-content\/uploads\/2022\/11\/DSC_0048-scaled.jpg 2560w, https:\/\/tribunavm.com.ar\/wp-content\/uploads\/2022\/11\/DSC_0048-300x200.jpg 300w, https:\/\/tribunavm.com.ar\/wp-content\/uploads\/2022\/11\/DSC_0048-1024x683.jpg 1024w, https:\/\/tribunavm.com.ar\/wp-content\/uploads\/2022\/11\/DSC_0048-768x512.jpg 768w, https:\/\/tribunavm.com.ar\/wp-content\/uploads\/2022\/11\/DSC_0048-1536x1024.jpg 1536w, https:\/\/tribunavm.com.ar\/wp-content\/uploads\/2022\/11\/DSC_0048-2048x1365.jpg 2048w, https:\/\/tribunavm.com.ar\/wp-content\/uploads\/2022\/11\/DSC_0048-750x500.jpg 750w, https:\/\/tribunavm.com.ar\/wp-content\/uploads\/2022\/11\/DSC_0048-1140x760.jpg 1140w\" sizes=\"(max-width: 2560px) 100vw, 2560px\" \/><\/p>\n<p><span style=\"font-weight: 400;\">\u201c<\/span><b>\u00a1Sigamos adelante, esta lucha es justa y la vamos a ganar!<\/b><span style=\"font-weight: 400;\">\u201d, concluyeron.\u00a0<\/span><\/p>\n<p><span style=\"font-weight: 400;\">Reproducimos a continuaci\u00f3n los puntos del documento:<\/span><\/p>\n<p><span style=\"color: #ff9900;\"><b>Los y las trabajadoras\/es de Salud de C\u00f3rdoba EXIGIMOS:\u00a0<\/b><\/span><\/p>\n<ul>\n<li><span style=\"font-weight: 400;\"> Recomposici\u00f3n salarial del 200% al b\u00e1sico, ajustable al proceso inflacionario. Con un piso no negociable inferior a la canasta b\u00e1sica total (CBT alimentaria m\u00e1s bienes y servicios). Ning\u00fan trabajador\/a de salud por debajo de la l\u00ednea de pobreza.<\/span><\/li>\n<li><span style=\"font-weight: 400;\"> Pase a planta para todas y todos los contratados y monotributistas a fin de terminar con la precarizaci\u00f3n laboral.<\/span><\/li>\n<li><span style=\"font-weight: 400;\"> Blanqueo salarial de todas las sumas no remunerativas.<\/span><\/li>\n<li><span style=\"font-weight: 400;\"> Bono diciembre de 150 mil pesos.<\/span><\/li>\n<li><span style=\"font-weight: 400;\"> Incorporaci\u00f3n de TODAS las profesiones universitarias al Grupo Ocupacional 1 de la Ley 7625.<\/span><\/li>\n<li><span style=\"font-weight: 400;\"> Unificaci\u00f3n de las dos leyes en salud, con la incorporaci\u00f3n de la 7233 a la 7625.<\/span><\/li>\n<li><span style=\"font-weight: 400;\"> Recuperaci\u00f3n del 82% m\u00f3vil del b\u00e1sico para el c\u00e1lculo de las jubilaciones.<\/span><\/li>\n<li><span style=\"font-weight: 400;\"> Vigencia y respeto de las actuales Leyes 7233 y 7625 para pago de adicionales, categorizaciones, cargos de jefatura e incorporaci\u00f3n de personal.<\/span><\/li>\n<li><span style=\"font-weight: 400;\"> Reconocimiento laboral para todos las y los residentes, en tanto profesionales en formaci\u00f3n.<\/span><\/li>\n<li><span style=\"font-weight: 400;\"> Desconocimiento del SEP como \u00daNICO interlocutor de los trabajadores de la Salud.<\/span><\/li>\n<\/ul>\n<p><img loading=\"lazy\" decoding=\"async\" class=\"aligncenter size-full wp-image-7025\" src=\"https:\/\/tribunavm.com.ar\/wp-content\/uploads\/2022\/11\/DSC_0025-scaled.jpg\" alt=\"\" width=\"2560\" height=\"1707\" srcset=\"https:\/\/tribunavm.com.ar\/wp-content\/uploads\/2022\/11\/DSC_0025-scaled.jpg 2560w, https:\/\/tribunavm.com.ar\/wp-content\/uploads\/2022\/11\/DSC_0025-300x200.jpg 300w, https:\/\/tribunavm.com.ar\/wp-content\/uploads\/2022\/11\/DSC_0025-1024x683.jpg 1024w, https:\/\/tribunavm.com.ar\/wp-content\/uploads\/2022\/11\/DSC_0025-768x512.jpg 768w, https:\/\/tribunavm.com.ar\/wp-content\/uploads\/2022\/11\/DSC_0025-1536x1024.jpg 1536w, https:\/\/tribunavm.com.ar\/wp-content\/uploads\/2022\/11\/DSC_0025-2048x1365.jpg 2048w, https:\/\/tribunavm.com.ar\/wp-content\/uploads\/2022\/11\/DSC_0025-750x500.jpg 750w, https:\/\/tribunavm.com.ar\/wp-content\/uploads\/2022\/11\/DSC_0025-1140x760.jpg 1140w\" sizes=\"(max-width: 2560px) 100vw, 2560px\" \/> <img loading=\"lazy\" decoding=\"async\" class=\"aligncenter size-jnews750x536 wp-image-7026\" src=\"https:\/\/tribunavm.com.ar\/wp-content\/uploads\/2022\/11\/DSC_0027-scaled.jpg\" alt=\"\" width=\"2560\" height=\"1707\" srcset=\"https:\/\/tribunavm.com.ar\/wp-content\/uploads\/2022\/11\/DSC_0027-scaled.jpg 2560w, https:\/\/tribunavm.com.ar\/wp-content\/uploads\/2022\/11\/DSC_0027-300x200.jpg 300w, https:\/\/tribunavm.com.ar\/wp-content\/uploads\/2022\/11\/DSC_0027-1024x683.jpg 1024w, https:\/\/tribunavm.com.ar\/wp-content\/uploads\/2022\/11\/DSC_0027-768x512.jpg 768w, https:\/\/tribunavm.com.ar\/wp-content\/uploads\/2022\/11\/DSC_0027-1536x1024.jpg 1536w, https:\/\/tribunavm.com.ar\/wp-content\/uploads\/2022\/11\/DSC_0027-2048x1365.jpg 2048w, https:\/\/tribunavm.com.ar\/wp-content\/uploads\/2022\/11\/DSC_0027-750x500.jpg 750w, https:\/\/tribunavm.com.ar\/wp-content\/uploads\/2022\/11\/DSC_0027-1140x760.jpg 1140w\" sizes=\"(max-width: 2560px) 100vw, 2560px\" \/> <img loading=\"lazy\" decoding=\"async\" class=\"aligncenter size-jnews750x536 wp-image-7027\" src=\"https:\/\/tribunavm.com.ar\/wp-content\/uploads\/2022\/11\/DSC_0041-scaled.jpg\" alt=\"\" width=\"2560\" height=\"1707\" srcset=\"https:\/\/tribunavm.com.ar\/wp-content\/uploads\/2022\/11\/DSC_0041-scaled.jpg 2560w, https:\/\/tribunavm.com.ar\/wp-content\/uploads\/2022\/11\/DSC_0041-300x200.jpg 300w, https:\/\/tribunavm.com.ar\/wp-content\/uploads\/2022\/11\/DSC_0041-1024x683.jpg 1024w, https:\/\/tribunavm.com.ar\/wp-content\/uploads\/2022\/11\/DSC_0041-768x512.jpg 768w, https:\/\/tribunavm.com.ar\/wp-content\/uploads\/2022\/11\/DSC_0041-1536x1024.jpg 1536w, https:\/\/tribunavm.com.ar\/wp-content\/uploads\/2022\/11\/DSC_0041-2048x1365.jpg 2048w, https:\/\/tribunavm.com.ar\/wp-content\/uploads\/2022\/11\/DSC_0041-750x500.jpg 750w, https:\/\/tribunavm.com.ar\/wp-content\/uploads\/2022\/11\/DSC_0041-1140x760.jpg 1140w\" sizes=\"(max-width: 2560px) 100vw, 2560px\" \/> <img loading=\"lazy\" decoding=\"async\" class=\"aligncenter size-jnews750x536 wp-image-7028\" src=\"https:\/\/tribunavm.com.ar\/wp-content\/uploads\/2022\/11\/DSC_0052-scaled.jpg\" alt=\"\" width=\"2560\" height=\"1707\" srcset=\"https:\/\/tribunavm.com.ar\/wp-content\/uploads\/2022\/11\/DSC_0052-scaled.jpg 2560w, https:\/\/tribunavm.com.ar\/wp-content\/uploads\/2022\/11\/DSC_0052-300x200.jpg 300w, https:\/\/tribunavm.com.ar\/wp-content\/uploads\/2022\/11\/DSC_0052-1024x683.jpg 1024w, https:\/\/tribunavm.com.ar\/wp-content\/uploads\/2022\/11\/DSC_0052-768x512.jpg 768w, https:\/\/tribunavm.com.ar\/wp-content\/uploads\/2022\/11\/DSC_0052-1536x1024.jpg 1536w, https:\/\/tribunavm.com.ar\/wp-content\/uploads\/2022\/11\/DSC_0052-2048x1365.jpg 2048w, https:\/\/tribunavm.com.ar\/wp-content\/uploads\/2022\/11\/DSC_0052-750x500.jpg 750w, https:\/\/tribunavm.com.ar\/wp-content\/uploads\/2022\/11\/DSC_0052-1140x760.jpg 1140w\" sizes=\"(max-width: 2560px) 100vw, 2560px\" \/> <img loading=\"lazy\" decoding=\"async\" class=\"aligncenter size-jnews750x536 wp-image-7029\" src=\"https:\/\/tribunavm.com.ar\/wp-content\/uploads\/2022\/11\/DSC_0053-scaled.jpg\" alt=\"\" width=\"2560\" height=\"1707\" srcset=\"https:\/\/tribunavm.com.ar\/wp-content\/uploads\/2022\/11\/DSC_0053-scaled.jpg 2560w, https:\/\/tribunavm.com.ar\/wp-content\/uploads\/2022\/11\/DSC_0053-300x200.jpg 300w, https:\/\/tribunavm.com.ar\/wp-content\/uploads\/2022\/11\/DSC_0053-1024x683.jpg 1024w, https:\/\/tribunavm.com.ar\/wp-content\/uploads\/2022\/11\/DSC_0053-768x512.jpg 768w, https:\/\/tribunavm.com.ar\/wp-content\/uploads\/2022\/11\/DSC_0053-1536x1024.jpg 1536w, https:\/\/tribunavm.com.ar\/wp-content\/uploads\/2022\/11\/DSC_0053-2048x1365.jpg 2048w, https:\/\/tribunavm.com.ar\/wp-content\/uploads\/2022\/11\/DSC_0053-750x500.jpg 750w, https:\/\/tribunavm.com.ar\/wp-content\/uploads\/2022\/11\/DSC_0053-1140x760.jpg 1140w\" sizes=\"(max-width: 2560px) 100vw, 2560px\" \/> <img loading=\"lazy\" decoding=\"async\" class=\"aligncenter size-jnews750x536 wp-image-7030\" src=\"https:\/\/tribunavm.com.ar\/wp-content\/uploads\/2022\/11\/DSC_0059-scaled.jpg\" alt=\"\" width=\"2560\" height=\"1707\" srcset=\"https:\/\/tribunavm.com.ar\/wp-content\/uploads\/2022\/11\/DSC_0059-scaled.jpg 2560w, https:\/\/tribunavm.com.ar\/wp-content\/uploads\/2022\/11\/DSC_0059-300x200.jpg 300w, https:\/\/tribunavm.com.ar\/wp-content\/uploads\/2022\/11\/DSC_0059-1024x683.jpg 1024w, https:\/\/tribunavm.com.ar\/wp-content\/uploads\/2022\/11\/DSC_0059-768x512.jpg 768w, https:\/\/tribunavm.com.ar\/wp-content\/uploads\/2022\/11\/DSC_0059-1536x1024.jpg 1536w, https:\/\/tribunavm.com.ar\/wp-content\/uploads\/2022\/11\/DSC_0059-2048x1365.jpg 2048w, https:\/\/tribunavm.com.ar\/wp-content\/uploads\/2022\/11\/DSC_0059-750x500.jpg 750w, https:\/\/tribunavm.com.ar\/wp-content\/uploads\/2022\/11\/DSC_0059-1140x760.jpg 1140w\" sizes=\"(max-width: 2560px) 100vw, 2560px\" \/><\/p>\n<\/div>\n<div class=\"col-md-3\">\n<p>&nbsp;<\/p>\n<\/div>\n<\/div>\n","protected":false},"excerpt":{"rendered":"<p>Trabajadores del Hospital Pasteur realizaron una masiva asamblea y movilizaci\u00f3n hacia el Bv. V\u00e9lez Sarsfield. Tambi\u00e9n concentraron en la Asistencia P\u00fablica.\u00a0 El d\u00eda de hoy el personal de salud del Hospital Pasteur realiz\u00f3 una asamblea junto a la comunidad villamariense en reclamo por salarios dignos y mayor personal. Adem\u00e1s, el personal de la Asistencia P\u00fablica [&hellip;]<\/p>\n","protected":false},"author":2,"featured_media":7019,"comment_status":"open","ping_status":"open","sticky":false,"template":"","format":"standard","meta":{"_exactmetrics_skip_tracking":false,"_exactmetrics_sitenote_active":false,"_exactmetrics_sitenote_note":"","_exactmetrics_sitenote_category":0,"jnews-multi-image_gallery":[],"jnews_single_post":{"source_name":"","source_url":"","via_name":"","via_url":"","override_template":"0","override":[{"template":"1","single_blog_custom":"","parallax":"1","fullscreen":"1","layout":"right-sidebar","sidebar":"default-sidebar","second_sidebar":"default-sidebar","sticky_sidebar":"1","share_position":"top","share_float_style":"share-monocrhome","show_share_counter":"1","show_view_counter":"1","show_featured":"1","show_post_meta":"1","show_post_author":"1","show_post_author_image":"1","show_post_date":"1","post_date_format":"default","post_date_format_custom":"Y\/m\/d","show_post_category":"1","show_post_reading_time":"0","post_reading_time_wpm":"300","show_zoom_button":"0","zoom_button_out_step":"2","zoom_button_in_step":"3","show_post_tag":"1","show_prev_next_post":"1","show_popup_post":"1","number_popup_post":"1","show_author_box":"0","show_post_related":"0","show_inline_post_related":"0"}],"override_image_size":"0","image_override":[{"single_post_thumbnail_size":"crop-500","single_post_gallery_size":"crop-500"}],"trending_post":"0","trending_post_position":"meta","trending_post_label":"Trending","sponsored_post":"0","sponsored_post_label":"Sponsored by","sponsored_post_name":"","sponsored_post_url":"","sponsored_post_logo_enable":"0","sponsored_post_logo":"","sponsored_post_desc":""},"jnews_primary_category":{"id":"22"},"jnews_social_meta":{"fb_title":"","fb_description":"","fb_image":"","twitter_title":"","twitter_description":"","twitter_image":""},"jnews_override_counter":{"override_view_counter":"0","view_counter_number":"0","override_share_counter":"0","share_counter_number":"0","override_like_counter":"0","like_counter_number":"0","override_dislike_counter":"0","dislike_counter_number":"0"},"_joinchat":[],"footnotes":""},"categories":[22],"tags":[85,92,36,68,34,35],"class_list":["post-7011","post","type-post","status-publish","format-standard","has-post-thumbnail","hentry","category-actualidad","tag-movilizaciones","tag-paritarias","tag-que-paso","tag-salud","tag-social","tag-trabajadores"],"_links":{"self":[{"href":"https:\/\/tribunavm.com.ar\/index.php\/wp-json\/wp\/v2\/posts\/7011"}],"collection":[{"href":"https:\/\/tribunavm.com.ar\/index.php\/wp-json\/wp\/v2\/posts"}],"about":[{"href":"https:\/\/tribunavm.com.ar\/index.php\/wp-json\/wp\/v2\/types\/post"}],"author":[{"embeddable":true,"href":"https:\/\/tribunavm.com.ar\/index.php\/wp-json\/wp\/v2\/users\/2"}],"replies":[{"embeddable":true,"href":"https:\/\/tribunavm.com.ar\/index.php\/wp-json\/wp\/v2\/comments?post=7011"}],"version-history":[{"count":1,"href":"https:\/\/tribunavm.com.ar\/index.php\/wp-json\/wp\/v2\/posts\/7011\/revisions"}],"predecessor-version":[{"id":7031,"href":"https:\/\/tribunavm.com.ar\/index.php\/wp-json\/wp\/v2\/posts\/7011\/revisions\/7031"}],"wp:featuredmedia":[{"embeddable":true,"href":"https:\/\/tribunavm.com.ar\/index.php\/wp-json\/wp\/v2\/media\/7019"}],"wp:attachment":[{"href":"https:\/\/tribunavm.com.ar\/index.php\/wp-json\/wp\/v2\/media?parent=7011"}],"wp:term":[{"taxonomy":"category","embeddable":true,"href":"https:\/\/tribunavm.com.ar\/index.php\/wp-json\/wp\/v2\/categories?post=7011"},{"taxonomy":"post_tag","embeddable":true,"href":"https:\/\/tribunavm.com.ar\/index.php\/wp-json\/wp\/v2\/tags?post=7011"}],"curies":[{"name":"wp","href":"https:\/\/api.w.org\/{rel}","templated":true}]}}