{"id":712,"date":"2019-10-03T17:55:20","date_gmt":"2019-10-03T17:55:20","guid":{"rendered":"https:\/\/tribunavm.com.ar\/?p=712"},"modified":"2019-10-29T18:14:36","modified_gmt":"2019-10-29T18:14:36","slug":"por-una-educacion-justa","status":"publish","type":"post","link":"https:\/\/tribunavm.com.ar\/index.php\/2019\/10\/03\/por-una-educacion-justa\/","title":{"rendered":"POR UNA EDUCACI\u00d3N JUSTA"},"content":{"rendered":"<div class=\"row clearfix\">\n<div class=\"col-md-8\">\n<p><span style=\"color: #212121; font-size: 1.5em; letter-spacing: -0.01em;\">\u201cQue todos tengan la oportunidad de acceder a una educaci\u00f3n justa, que no haya distinci\u00f3n seg\u00fan la clase social\u201d.<img loading=\"lazy\" decoding=\"async\" class=\"wp-image-715 alignright\" src=\"https:\/\/tribunavm.com.ar\/wp-content\/uploads\/2019\/10\/45182235_363081921100396_888924983206608896_n.jpg\" alt=\"\" width=\"373\" height=\"663\" srcset=\"https:\/\/tribunavm.com.ar\/wp-content\/uploads\/2019\/10\/45182235_363081921100396_888924983206608896_n.jpg 540w, https:\/\/tribunavm.com.ar\/wp-content\/uploads\/2019\/10\/45182235_363081921100396_888924983206608896_n-169x300.jpg 169w\" sizes=\"(max-width: 373px) 100vw, 373px\" \/><\/span><\/p>\n<p><span style=\"font-weight: 400;\"><span class=\"dropcap \" style=\"background-color: #ffffff; color: #dd9933; border-color: #ffffff;\">E<\/span>n la puerta de la Escuela del Trabajo nos esperaba Lucas Delfino, estudiante de 6to a\u00f1o de la instituci\u00f3n y presidente de la Federaci\u00f3n de Estudiantes Secundarios de Villa Mar\u00eda, para hablar sobre las consignas que buscan dar impulso a la movilizaci\u00f3n y organizaci\u00f3n estudiantil en la ciudad.\u00a0<\/span><\/p>\n<p><span style=\"color: #ff6600;\"><b>\u00bfC\u00f3mo y por qu\u00e9 se form\u00f3 la Federaci\u00f3n?<\/b><\/span><\/p>\n<p><span style=\"font-weight: 400;\">La Federaci\u00f3n de Estudiantes Secundarios se form\u00f3 porque ve\u00edamos que la juventud y los estudiantes secundarios no estaban representados ni ten\u00edan una organizaci\u00f3n gremial aparte de los Centros de Estudiantes de la ciudad. Entonces el Presidente del Rivadavia y del San Antonio se reunieron y se pusieron en contacto con todos, e hicimos la primer reuni\u00f3n.<\/span><\/p>\n<p><span style=\"font-weight: 400;\">Nos reunimos en la biblioteca del Rivadavia, a discutir las problem\u00e1ticas, y vimos que la mejor manera de trabajar era yendo para adelante en la formaci\u00f3n de la Federaci\u00f3n.<\/span><\/p>\n<p><span style=\"color: #ff6600;\"><b>\u00bfCu\u00e1les son las problem\u00e1ticas que atraviesan los estudiantes?<\/b><\/span><\/p>\n<p><span style=\"font-weight: 400;\">Estamos trabajando para que cuando el estudiante tenga problemas con alg\u00fan docente podamos estar ayud\u00e1ndolo. Aunque lo principal es que cada secundario pueda tener su propio Centro de Estudiantes, y as\u00ed est\u00e9n representados todos los estudiantes de la ciudad.<\/span><\/p>\n<p><span style=\"color: #ff6600;\"><b>\u00bfCu\u00e1les son las principales reivindicaciones del movimiento estudiantil en Villa Mar\u00eda?<\/b><\/span><\/p>\n<p><span style=\"font-weight: 400;\">Se intenta trabajar para un movimiento estudiantil unido, que sea participativo y que pueda representar a la totalidad de los estudiantes. Quiz\u00e1 muchos no nos conocen porque no hay una gran difusi\u00f3n de la Federaci\u00f3n, ni una gran llegada de los Centros de Estudiantes frente al estudiantado.<\/span><\/p>\n<p><span style=\"color: #ff6600;\"><b>Recientemente estuvieron organizando una actividad por \u201cLa noche de los l\u00e1pices\u201d, \u00bfLos derechos humanos es un \u00e1rea de trabajo? \u00bfHay otras lineas?<\/b><\/span><\/p>\n<p><span style=\"font-weight: 400;\">Los derechos humanos es uno de los temas principales que trabajamos, porque sin derechos humanos no se puede hacer nada. Pero el problema principal es la igualdad, el trabajo para todos, y que todos tengan la oportunidad de tener una educaci\u00f3n justa, que no haya distinci\u00f3n seg\u00fan la clase social. Nosotros trabajamos para que todos puedan luchar de la misma manera.<\/span><\/p>\n<p><span style=\"color: #ff6600;\"><b>\u00bfCu\u00e1les son los desaf\u00edos de la Federaci\u00f3n de Estudiantes Secundarios?<\/b><\/span><\/p>\n<p><span style=\"font-weight: 400;\">Queremos que las organizaciones pol\u00edticas nos tomen en cuenta como Federaci\u00f3n, que empecemos a trabajar en conjunto. Pero que tambi\u00e9n podamos ser m\u00e1s representativos en la ciudad, que se escuche la voz de los estudiantes.<img loading=\"lazy\" decoding=\"async\" class=\"wp-image-714 alignright\" src=\"https:\/\/tribunavm.com.ar\/wp-content\/uploads\/2019\/10\/21032686_139506036653021_1947223961662219123_n.jpg\" alt=\"\" width=\"512\" height=\"288\" srcset=\"https:\/\/tribunavm.com.ar\/wp-content\/uploads\/2019\/10\/21032686_139506036653021_1947223961662219123_n.jpg 720w, https:\/\/tribunavm.com.ar\/wp-content\/uploads\/2019\/10\/21032686_139506036653021_1947223961662219123_n-300x169.jpg 300w\" sizes=\"(max-width: 512px) 100vw, 512px\" \/><\/span><\/p>\n<p><span style=\"color: #ff6600;\"><b>\u00bfCu\u00e1l es el rol que tiene el movimiento estudiantil en relaci\u00f3n a otros movimientos de la ciudad?<\/b><\/span><\/p>\n<p><span style=\"font-weight: 400;\">El sector estudiantil est\u00e1 teniendo un rol bastante b\u00e1sico por ahora. Cuando hay alguna manifestaci\u00f3n, est\u00e1 faltando la presencia estudiantil. Creo que es por una cuesti\u00f3n cultural, ya que \u201cla pol\u00edtica es algo a lo que no te ten\u00e9s que acercar porque te hace mal\u201d. La idea es entonces reivindicar a la pol\u00edtica, y que el sector estudiantil pueda estar militando al lado de los sectores obreros, para que la lucha se d\u00e9 mejor para todos.<\/span><\/p>\n<\/div>\n<\/div>\n","protected":false},"excerpt":{"rendered":"<p>\u201cQue todos tengan la oportunidad de acceder a una educaci\u00f3n justa, que no haya distinci\u00f3n seg\u00fan la clase social\u201d. En la puerta de la Escuela del Trabajo nos esperaba Lucas Delfino, estudiante de 6to a\u00f1o de la instituci\u00f3n y presidente de la Federaci\u00f3n de Estudiantes Secundarios de Villa Mar\u00eda, para hablar sobre las consignas que [&hellip;]<\/p>\n","protected":false},"author":2,"featured_media":713,"comment_status":"open","ping_status":"open","sticky":false,"template":"","format":"standard","meta":{"_exactmetrics_skip_tracking":false,"_exactmetrics_sitenote_active":false,"_exactmetrics_sitenote_note":"","_exactmetrics_sitenote_category":0,"jnews-multi-image_gallery":[],"jnews_single_post":{"source_name":"","source_url":"","via_name":"","via_url":"","override_template":"0","override":[{"template":"1","single_blog_custom":"","parallax":"1","fullscreen":"0","layout":"right-sidebar","sidebar":"default-sidebar","second_sidebar":"default-sidebar","sticky_sidebar":"1","share_position":"top","share_float_style":"share-monocrhome","show_share_counter":"1","show_view_counter":"1","show_featured":"1","show_post_meta":"1","show_post_author":"1","show_post_author_image":"1","show_post_date":"1","post_date_format":"default","post_date_format_custom":"Y\/m\/d","show_post_category":"1","show_post_reading_time":"0","post_reading_time_wpm":"300","show_zoom_button":"0","zoom_button_out_step":"2","zoom_button_in_step":"3","show_post_tag":"1","show_prev_next_post":"1","show_popup_post":"1","number_popup_post":"1","show_author_box":"0","show_post_related":"0","show_inline_post_related":"0"}],"override_image_size":"0","image_override":[{"single_post_thumbnail_size":"crop-500","single_post_gallery_size":"crop-500"}],"trending_post":"0","trending_post_position":"meta","trending_post_label":"Trending"},"jnews_primary_category":{"id":"24"},"jnews_social_meta":{"fb_title":"","fb_description":"","fb_image":"","twitter_title":"","twitter_description":"","twitter_image":""},"jnews_override_counter":{"override_view_counter":"0","view_counter_number":"0","override_share_counter":"0","share_counter_number":"0","override_like_counter":"0","like_counter_number":"0","override_dislike_counter":"0","dislike_counter_number":"0"},"_joinchat":[],"footnotes":""},"categories":[24],"tags":[29,50,60,61,34],"class_list":["post-712","post","type-post","status-publish","format-standard","has-post-thumbnail","hentry","category-opinion","tag-edicion-10","tag-educacion","tag-fesvima","tag-lucas-delfino","tag-social"],"_links":{"self":[{"href":"https:\/\/tribunavm.com.ar\/index.php\/wp-json\/wp\/v2\/posts\/712"}],"collection":[{"href":"https:\/\/tribunavm.com.ar\/index.php\/wp-json\/wp\/v2\/posts"}],"about":[{"href":"https:\/\/tribunavm.com.ar\/index.php\/wp-json\/wp\/v2\/types\/post"}],"author":[{"embeddable":true,"href":"https:\/\/tribunavm.com.ar\/index.php\/wp-json\/wp\/v2\/users\/2"}],"replies":[{"embeddable":true,"href":"https:\/\/tribunavm.com.ar\/index.php\/wp-json\/wp\/v2\/comments?post=712"}],"version-history":[{"count":1,"href":"https:\/\/tribunavm.com.ar\/index.php\/wp-json\/wp\/v2\/posts\/712\/revisions"}],"predecessor-version":[{"id":716,"href":"https:\/\/tribunavm.com.ar\/index.php\/wp-json\/wp\/v2\/posts\/712\/revisions\/716"}],"wp:featuredmedia":[{"embeddable":true,"href":"https:\/\/tribunavm.com.ar\/index.php\/wp-json\/wp\/v2\/media\/713"}],"wp:attachment":[{"href":"https:\/\/tribunavm.com.ar\/index.php\/wp-json\/wp\/v2\/media?parent=712"}],"wp:term":[{"taxonomy":"category","embeddable":true,"href":"https:\/\/tribunavm.com.ar\/index.php\/wp-json\/wp\/v2\/categories?post=712"},{"taxonomy":"post_tag","embeddable":true,"href":"https:\/\/tribunavm.com.ar\/index.php\/wp-json\/wp\/v2\/tags?post=712"}],"curies":[{"name":"wp","href":"https:\/\/api.w.org\/{rel}","templated":true}]}}