{"id":7219,"date":"2022-12-12T02:28:12","date_gmt":"2022-12-12T02:28:12","guid":{"rendered":"https:\/\/tribunavm.com.ar\/?p=7219"},"modified":"2022-12-12T02:28:28","modified_gmt":"2022-12-12T02:28:28","slug":"deudas-con-deudas-se-pagan","status":"publish","type":"post","link":"https:\/\/tribunavm.com.ar\/index.php\/2022\/12\/12\/deudas-con-deudas-se-pagan\/","title":{"rendered":"Deudas con deudas se pagan"},"content":{"rendered":"<div class=\"row clearfix\">\n<div class=\"col-md-8\">\n<div class=\"intro-text\">\n<p><span style=\"font-weight: 400;\">En s\u00f3lo una semana se aprobaron alrededor de 6.700 millones de d\u00f3lares por el \u201ccumplimiento del programa financiero\u201d impuesto por los organismos internacionales de cr\u00e9dito.<\/span><\/p>\n<\/div>\n<p><span style=\"font-weight: 400;\"><span class=\"dropcap \" style=\"background-color: #ffffff; color: #dd9933; border-color: #ffffff;\">D<\/span>urante los \u00faltimos d\u00edas <\/span><b>la troika financiera <\/b><span style=\"font-weight: 400;\">-formada por el Fondo Monetario Internacional (FMI), Banco Mundial (BM) y Banco Interamericano de Desarrollo (BID)- <\/span><b>desembols\u00f3 en total 6.700 millones de d\u00f3lares<\/b><span style=\"font-weight: 400;\"> al Tesoro de Argentina.<\/span><\/p>\n<p><span style=\"font-weight: 400;\">El FMI anunci\u00f3 el viernes 2 un nuevo acuerdo t\u00e9cnico con el Gobierno Nacional para completar la tercera revisi\u00f3n del programa de endeudamiento con el organismo. El acuerdo pretende <\/span><b>liberar unos 6000 millones de d\u00f3lares<\/b><span style=\"font-weight: 400;\"> antes de que termine el a\u00f1o.<\/span><\/p>\n<p><span style=\"font-weight: 400;\">\u201c<\/span><span style=\"font-weight: 400;\">La <\/span><b>gesti\u00f3n macroecon\u00f3mica prudente y los esfuerzos para movilizar financiamiento externo<\/b><span style=\"font-weight: 400;\"> est\u00e1n respaldando la estabilidad macroecon\u00f3mica: se est\u00e1 restableciendo el orden fiscal, se est\u00e1 moderando la inflaci\u00f3n, est\u00e1 mejorando la balanza comercial y se est\u00e1 fortaleciendo la cobertura de reservas. <\/span><b>La implementaci\u00f3n continua y decisiva de pol\u00edticas sigue siendo esencial para reducir a\u00fan m\u00e1s los desequilibrios macroecon\u00f3micos<\/b><span style=\"font-weight: 400;\">\u201d, coment\u00f3 el Fondo en un comunicado<\/span><\/p>\n<p><b>Ver: <\/b><span style=\"color: #ff9900;\"><a style=\"color: #ff9900;\" href=\"https:\/\/tribunavm.com.ar\/index.php\/2022\/11\/28\/mas-dependencia-con-china-y-un-ministro-disciplinado\/\"><b>M\u00e1s dependencia con China y un ministro disciplinado<\/b><\/a><\/span><\/p>\n<p><span style=\"font-weight: 400;\">El d\u00eda anterior el Directorio del BID autoriz\u00f3 el desembolso de otros <\/span><b>500 millones de d\u00f3lares<\/b><span style=\"font-weight: 400;\">. <\/span><span style=\"font-weight: 400;\">&#8220;Esta es la primera de dos operaciones consecutivas vinculadas (&#8230;) las cuales <\/span><b>est\u00e1n destinadas a vigorizar el crecimiento sostenible y resiliente del pa\u00eds<\/b><span style=\"font-weight: 400;\">&#8220;, comentaron en un comunicado oficial del organismo.<\/span><\/p>\n<p><span style=\"font-weight: 400;\">Seg\u00fan el Banco, con el pr\u00e9stamo \u201cla Argentina fortalecer\u00e1 su capacidad de <\/span><b>planificar y financiar la acci\u00f3n clim\u00e1tica<\/b><span style=\"font-weight: 400;\">, desarrollar\u00e1 un marco favorable para las <\/span><b>finanzas sostenibles<\/b><span style=\"font-weight: 400;\"> para asegurar las inversiones necesarias para una <\/span><b>transici\u00f3n sostenible e inclusiva del sector privado<\/b><span style=\"font-weight: 400;\">\u201d.<\/span><\/p>\n<p><span style=\"font-weight: 400;\">Por \u00faltimo, el mi\u00e9rcoles pasado el BM aprob\u00f3 un financiamiento de <\/span><b>200 millones de d\u00f3lares<\/b><span style=\"font-weight: 400;\"> con el objetivo de financiar el desarrollo digital del pa\u00eds para &#8220;contribuir a cerrar la brecha digital&#8221;.<\/span><\/p>\n<p><span style=\"font-weight: 400;\">Seg\u00fan \u00c1mbito Financiero, el pr\u00e9stamo permitir\u00e1 la extensi\u00f3n de la infraestructura de banda ancha con el lanzamiento de <\/span><b>cuatro nuevos centros de datos<\/b><span style=\"font-weight: 400;\"> que operar\u00e1n de manera descentralizada en el pa\u00eds, teniendo por objetivo <\/span><b>mejorar la resiliencia, la eficiencia y la seguridad de los datos<\/b><span style=\"font-weight: 400;\">.<\/span><\/p>\n<p><span style=\"font-weight: 400;\">Luego del anuncio, un comunicado oficial del Ministerio de Econom\u00eda que conduce Sergio Massa, coment\u00f3 que \u201ceste programa de financiamiento para la Argentina no s\u00f3lo son 200 millones de d\u00f3lares sino tambi\u00e9n la oportunidad de que miles de chicas y chicos de todo el pa\u00eds accedan a conectividad y equipamiento para poder achicar esa brecha digital&#8221;.<\/span><\/p>\n<\/div>\n<\/div>\n","protected":false},"excerpt":{"rendered":"<p>En s\u00f3lo una semana se aprobaron alrededor de 6.700 millones de d\u00f3lares por el \u201ccumplimiento del programa financiero\u201d impuesto por los organismos internacionales de cr\u00e9dito. Durante los \u00faltimos d\u00edas la troika financiera -formada por el Fondo Monetario Internacional (FMI), Banco Mundial (BM) y Banco Interamericano de Desarrollo (BID)- desembols\u00f3 en total 6.700 millones de d\u00f3lares [&hellip;]<\/p>\n","protected":false},"author":2,"featured_media":7220,"comment_status":"open","ping_status":"open","sticky":false,"template":"","format":"standard","meta":{"_exactmetrics_skip_tracking":false,"_exactmetrics_sitenote_active":false,"_exactmetrics_sitenote_note":"","_exactmetrics_sitenote_category":0,"jnews-multi-image_gallery":[],"jnews_single_post":{"source_name":"","source_url":"","via_name":"","via_url":"","override_template":"0","override":[{"template":"1","single_blog_custom":"","parallax":"1","fullscreen":"1","layout":"right-sidebar","sidebar":"default-sidebar","second_sidebar":"default-sidebar","sticky_sidebar":"1","share_position":"top","share_float_style":"share-monocrhome","show_share_counter":"1","show_view_counter":"1","show_featured":"1","show_post_meta":"1","show_post_author":"1","show_post_author_image":"1","show_post_date":"1","post_date_format":"default","post_date_format_custom":"Y\/m\/d","show_post_category":"1","show_post_reading_time":"0","post_reading_time_wpm":"300","show_zoom_button":"0","zoom_button_out_step":"2","zoom_button_in_step":"3","show_post_tag":"1","show_prev_next_post":"1","show_popup_post":"1","number_popup_post":"1","show_author_box":"0","show_post_related":"0","show_inline_post_related":"0"}],"override_image_size":"0","image_override":[{"single_post_thumbnail_size":"crop-500","single_post_gallery_size":"crop-500"}],"trending_post":"0","trending_post_position":"meta","trending_post_label":"Trending","sponsored_post":"0","sponsored_post_label":"Sponsored by","sponsored_post_name":"","sponsored_post_url":"","sponsored_post_logo_enable":"0","sponsored_post_logo":"","sponsored_post_desc":""},"jnews_primary_category":{"id":"22"},"jnews_social_meta":{"fb_title":"","fb_description":"","fb_image":"","twitter_title":"","twitter_description":"","twitter_image":""},"jnews_override_counter":{"override_view_counter":"0","view_counter_number":"0","override_share_counter":"0","share_counter_number":"0","override_like_counter":"0","like_counter_number":"0","override_dislike_counter":"0","dislike_counter_number":"0"},"_joinchat":[],"footnotes":""},"categories":[22],"tags":[80,272,39],"class_list":["post-7219","post","type-post","status-publish","format-standard","has-post-thumbnail","hentry","category-actualidad","tag-deuda","tag-edicion-103","tag-gobierno"],"_links":{"self":[{"href":"https:\/\/tribunavm.com.ar\/index.php\/wp-json\/wp\/v2\/posts\/7219"}],"collection":[{"href":"https:\/\/tribunavm.com.ar\/index.php\/wp-json\/wp\/v2\/posts"}],"about":[{"href":"https:\/\/tribunavm.com.ar\/index.php\/wp-json\/wp\/v2\/types\/post"}],"author":[{"embeddable":true,"href":"https:\/\/tribunavm.com.ar\/index.php\/wp-json\/wp\/v2\/users\/2"}],"replies":[{"embeddable":true,"href":"https:\/\/tribunavm.com.ar\/index.php\/wp-json\/wp\/v2\/comments?post=7219"}],"version-history":[{"count":1,"href":"https:\/\/tribunavm.com.ar\/index.php\/wp-json\/wp\/v2\/posts\/7219\/revisions"}],"predecessor-version":[{"id":7221,"href":"https:\/\/tribunavm.com.ar\/index.php\/wp-json\/wp\/v2\/posts\/7219\/revisions\/7221"}],"wp:featuredmedia":[{"embeddable":true,"href":"https:\/\/tribunavm.com.ar\/index.php\/wp-json\/wp\/v2\/media\/7220"}],"wp:attachment":[{"href":"https:\/\/tribunavm.com.ar\/index.php\/wp-json\/wp\/v2\/media?parent=7219"}],"wp:term":[{"taxonomy":"category","embeddable":true,"href":"https:\/\/tribunavm.com.ar\/index.php\/wp-json\/wp\/v2\/categories?post=7219"},{"taxonomy":"post_tag","embeddable":true,"href":"https:\/\/tribunavm.com.ar\/index.php\/wp-json\/wp\/v2\/tags?post=7219"}],"curies":[{"name":"wp","href":"https:\/\/api.w.org\/{rel}","templated":true}]}}