{"id":7236,"date":"2022-12-12T03:10:00","date_gmt":"2022-12-12T03:10:00","guid":{"rendered":"https:\/\/tribunavm.com.ar\/?p=7236"},"modified":"2023-01-07T04:19:59","modified_gmt":"2023-01-07T04:19:59","slug":"socialismo-de-mercado-del-siglo-xxi","status":"publish","type":"post","link":"https:\/\/tribunavm.com.ar\/index.php\/2022\/12\/12\/socialismo-de-mercado-del-siglo-xxi\/","title":{"rendered":"Socialismo de mercado del siglo XXI"},"content":{"rendered":"<div class=\"row clearfix\">\n<div class=\"col-md-8\" data-wp-editing=\"1\">\n<div class=\"intro-text\">\n<p><span style=\"font-weight: 400;\">China se erige como el principal socio comercial de Latinoam\u00e9rica siendo el principal destino de las materias primas y de gran injerencia en la deuda p\u00fablica, las inversiones y la valorizaci\u00f3n de las monedas nacionales.<\/span><\/p>\n<\/div>\n<p><span style=\"font-weight: 400;\"><span class=\"dropcap \" style=\"background-color: #ffffff; color: #dd9933; border-color: #ffffff;\">C<\/span>on las reformas del Estado chino promovidas en 1978 se dio impulso al desarrollo del \u201csocialismo de mercado\u201d permitiendo la <\/span><b>apertura de la econom\u00eda a los capitales financieros globales<\/b><span style=\"font-weight: 400;\">. All\u00ed vieron grandes posibilidades de crecimiento gracias a su gran riqueza natural y la gran cantidad de mano de obra urbana formada por el proceso revolucionario anterior.<\/span><\/p>\n<p><span style=\"font-weight: 400;\">Desde entonces, sumado al fin de la era de Deng Xiaoping en 1989 y las reformas radicales promovidas desde 1991, <\/span><b>las inversiones extranjeras directas (IED) no han hecho m\u00e1s que aumentar. En paralelo, se formaron grandes conglomerados econ\u00f3micos que comenzaron a actuar de forma monop\u00f3lica en el mercado interno, desplegando sus capacidades financieras <\/b><span style=\"font-weight: 400;\">a trav\u00e9s de pr\u00e9stamos y cr\u00e9ditos en todo el mundo.<\/span><\/p>\n<figure id=\"attachment_7244\" aria-describedby=\"caption-attachment-7244\" style=\"width: 1920px\" class=\"wp-caption aligncenter\"><img loading=\"lazy\" decoding=\"async\" class=\"size-full wp-image-7244\" src=\"https:\/\/tribunavm.com.ar\/wp-content\/uploads\/2022\/12\/MASACRE-DE-TIANANMEN.jpg\" alt=\"\" width=\"1920\" height=\"1080\" srcset=\"https:\/\/tribunavm.com.ar\/wp-content\/uploads\/2022\/12\/MASACRE-DE-TIANANMEN.jpg 1920w, https:\/\/tribunavm.com.ar\/wp-content\/uploads\/2022\/12\/MASACRE-DE-TIANANMEN-300x169.jpg 300w, https:\/\/tribunavm.com.ar\/wp-content\/uploads\/2022\/12\/MASACRE-DE-TIANANMEN-1024x576.jpg 1024w, https:\/\/tribunavm.com.ar\/wp-content\/uploads\/2022\/12\/MASACRE-DE-TIANANMEN-768x432.jpg 768w, https:\/\/tribunavm.com.ar\/wp-content\/uploads\/2022\/12\/MASACRE-DE-TIANANMEN-1536x864.jpg 1536w, https:\/\/tribunavm.com.ar\/wp-content\/uploads\/2022\/12\/MASACRE-DE-TIANANMEN-750x422.jpg 750w, https:\/\/tribunavm.com.ar\/wp-content\/uploads\/2022\/12\/MASACRE-DE-TIANANMEN-1140x641.jpg 1140w\" sizes=\"(max-width: 1920px) 100vw, 1920px\" \/><figcaption id=\"caption-attachment-7244\" class=\"wp-caption-text\">Fotograf\u00eda tomada en la Masacre de Tiananmen (1989) donde Deng Xiaoping, presidente del PCCh y principal impulsor de la reforma econ\u00f3mica, dict\u00f3 la ley marcial enviando al Ej\u00e9rcito Popular de Liberaci\u00f3n a masacrar a miles de manifestantes.<\/figcaption><\/figure>\n<p><span style=\"font-weight: 400;\">Para inicios del nuevo siglo, ya se hab\u00eda formado la estructura principal del desarrollo capitalista en el pa\u00eds jugando un papel cada vez mas m\u00e1s preponderante en el comercio mundial ingresando en 2001 <\/span><b>a la Organizaci\u00f3n Mundial del Comercio (OMC)<\/b><span style=\"font-weight: 400;\">.\u00a0<\/span><\/p>\n<p><span style=\"font-weight: 400;\">Ya en 2003 el gobierno cre\u00f3 la <\/span><b>Comisi\u00f3n de Supervisi\u00f3n y Administraci\u00f3n de Bienes del Estado (SASAC)<\/b><span style=\"font-weight: 400;\"> encargada de administrar las principales Corporaciones estatales. <span class=\"highlight\" style=\"background-color: #dd9933; color: ffffff;\">En la actualidad la SASAC posee activos por m\u00e1s de 30 billones de d\u00f3lares, unos cuantos billones por encima del propio BlackRock.<\/span> Posteriormente, en 2007 la Asamblea Nacional Popular, m\u00e1ximo \u00f3rgano de gobierno, aprob\u00f3 una ley que <\/span><b>reconoce por primera vez la propiedad privada<\/b><span style=\"font-weight: 400;\">, ya instalada desde hac\u00eda d\u00e9cadas en el pa\u00eds.\u00a0<\/span><\/p>\n<figure id=\"attachment_7243\" aria-describedby=\"caption-attachment-7243\" style=\"width: 800px\" class=\"wp-caption alignnone\"><img loading=\"lazy\" decoding=\"async\" class=\"wp-image-7243 size-full\" src=\"https:\/\/tribunavm.com.ar\/wp-content\/uploads\/2022\/12\/SEDE-SASAC-CHINA.jpg\" alt=\"Sede de la Comisi\u00f3n estatal para la supervisi\u00f3n y administraci\u00f3n de los activos del Estado de China (SASAC). En la actualidad posee activos por m\u00e1s de 30 billones de d\u00f3lares, unos cuantos billones por encima del propio BlackRock.\" width=\"800\" height=\"533\" srcset=\"https:\/\/tribunavm.com.ar\/wp-content\/uploads\/2022\/12\/SEDE-SASAC-CHINA.jpg 800w, https:\/\/tribunavm.com.ar\/wp-content\/uploads\/2022\/12\/SEDE-SASAC-CHINA-300x200.jpg 300w, https:\/\/tribunavm.com.ar\/wp-content\/uploads\/2022\/12\/SEDE-SASAC-CHINA-768x512.jpg 768w, https:\/\/tribunavm.com.ar\/wp-content\/uploads\/2022\/12\/SEDE-SASAC-CHINA-750x500.jpg 750w\" sizes=\"(max-width: 800px) 100vw, 800px\" \/><figcaption id=\"caption-attachment-7243\" class=\"wp-caption-text\">Sede de la Comisi\u00f3n estatal para la supervisi\u00f3n y administraci\u00f3n de los activos del Estado de China (SASAC). En la actualidad <strong>administra activos por m\u00e1s de 30 billones de d\u00f3lares, unos cuantos billones por encima del propio BlackRock. <\/strong><\/figcaption><\/figure>\n<p><span style=\"font-weight: 400;\">En 2011 su econom\u00eda se convirti\u00f3 <\/span><b>en la segunda m\u00e1s grande del mundo <\/b><span style=\"font-weight: 400;\">por debajo de Estados Unidos, y en 2015 el Fondo Monetario Internacional (FMI) reconoci\u00f3 a China como <\/span><b>el mayor prestamista mundial, superando al Banco Mundial (BM) y al Banco Interamericano de Desarrollo (BID)<\/b><span style=\"font-weight: 400;\">.\u00a0<\/span><\/p>\n<h4><span style=\"color: #ff9900;\"><b>Nueva econom\u00eda, viejo cuento<\/b><\/span><\/h4>\n<p><span style=\"font-weight: 400;\">El fen\u00f3meno de China es considerado a\u00fan \u201cemergente\u201d ya que su poder\u00edo internacional como naci\u00f3n fue formado en los \u00faltimos 30 a\u00f1os, un tiempo relativamente corto en t\u00e9rminos hist\u00f3ricos.\u00a0<\/span><\/p>\n<p><span style=\"font-weight: 400;\">Seg\u00fan el \u00faltimo informe del Sistema de Estad\u00edsticas de Comercio Exterior del Mercosur (SECEM) <\/span><b>el principal destino de las exportaciones de la regi\u00f3n fue China<\/b><span style=\"font-weight: 400;\"> con el 29% del total. Y fueron en su mayor\u00eda <\/span><b>productos primarios como aceites crudos, minerales, cereales y oleaginosas<\/b><span style=\"font-weight: 400;\">.<\/span><\/p>\n<div id='gallery-1' class='gallery galleryid-7236 gallery-columns-2 gallery-size-jnews-360x180'><figure class='gallery-item'>\n\t\t\t<div class='gallery-icon landscape'>\n\t\t\t\t<a href='https:\/\/tribunavm.com.ar\/index.php\/2022\/12\/12\/socialismo-de-mercado-del-siglo-xxi\/exportaciones-3\/'><img loading=\"lazy\" decoding=\"async\" width=\"360\" height=\"180\" src=\"https:\/\/tribunavm.com.ar\/wp-content\/uploads\/2022\/12\/EXPORTACIONES-360x180.png\" class=\"attachment-jnews-360x180 size-jnews-360x180\" alt=\"\" \/><\/a>\n\t\t\t<\/div><\/figure><figure class='gallery-item'>\n\t\t\t<div class='gallery-icon landscape'>\n\t\t\t\t<a href='https:\/\/tribunavm.com.ar\/index.php\/2022\/12\/12\/socialismo-de-mercado-del-siglo-xxi\/importaciones\/'><img loading=\"lazy\" decoding=\"async\" width=\"360\" height=\"180\" src=\"https:\/\/tribunavm.com.ar\/wp-content\/uploads\/2022\/12\/IMPORTACIONES-360x180.png\" class=\"attachment-jnews-360x180 size-jnews-360x180\" alt=\"\" \/><\/a>\n\t\t\t<\/div><\/figure>\n\t\t<\/div>\n\n<p><span style=\"font-weight: 400;\">Tambi\u00e9n<\/span><b> lidera el ranking de proveniencia de las importaciones <\/b><span style=\"font-weight: 400;\">con el 25% del total, donde principalmente se encuentran aparatos, m\u00e1quinas, dispositivos y circuitos, <strong>todos productos con altos requerimientos t\u00e9cnicos, tecnol\u00f3gicos e industriales para su producci\u00f3n<\/strong>. Adem\u00e1s de la injerencia cada vez mayor del \u201cconocimiento\u201d a trav\u00e9s de la<\/span><b> transferencia de tecnolog\u00eda digital, como internet o microchips; tecnolog\u00eda biol\u00f3gica, como las vacunas; o tecnolog\u00eda militar, a trav\u00e9s de donaciones de equipamiento y armamento<\/b><span style=\"font-weight: 400;\">.<\/span><\/p>\n<p><span style=\"font-weight: 400;\">Estos \u00faltimos aspectos pueden verse con las reiteradas donaciones realizadas, por ejemplo: en el 2020 don\u00f3 a las Fuerzas Armadas de Uruguay material militar valorado en 4,5 millones de d\u00f3lares. Un a\u00f1o despu\u00e9s entreg\u00f3 75 camiones al ej\u00e9rcito colombiano valorado en aproximadamente 3,5 millones de d\u00f3lares, entre otras. En plena pandemia don\u00f3 material sanitario a Argentina, Venezuela y Bolivia. Y en julio de este a\u00f1o anunciaron la donaci\u00f3n de equipos tecnol\u00f3gicos para la realizaci\u00f3n del censo en Bolivia.\u00a0<\/span><\/p>\n<p><span style=\"font-weight: 400;\">Adem\u00e1s, seg\u00fan el SECEM, <\/span><b>los pr\u00e9stamos a la regi\u00f3n por parte de China se destinan principalmente a obras de infraestructura, como represas h\u00eddricas, puertos y ferrocarriles; extracci\u00f3n de materias primas, como la tecnolog\u00eda transg\u00e9nica o extracci\u00f3n del litio; y desarrollo digital, como las redes de 5G<\/b><span style=\"font-weight: 400;\">.<\/span><\/p>\n<figure id=\"attachment_7241\" aria-describedby=\"caption-attachment-7241\" style=\"width: 1920px\" class=\"wp-caption aligncenter\"><img loading=\"lazy\" decoding=\"async\" class=\"size-full wp-image-7241\" src=\"https:\/\/tribunavm.com.ar\/wp-content\/uploads\/2022\/12\/LITIO-EN-SALTA.jpg\" alt=\"\" width=\"1920\" height=\"1080\" srcset=\"https:\/\/tribunavm.com.ar\/wp-content\/uploads\/2022\/12\/LITIO-EN-SALTA.jpg 1920w, https:\/\/tribunavm.com.ar\/wp-content\/uploads\/2022\/12\/LITIO-EN-SALTA-300x169.jpg 300w, https:\/\/tribunavm.com.ar\/wp-content\/uploads\/2022\/12\/LITIO-EN-SALTA-1024x576.jpg 1024w, https:\/\/tribunavm.com.ar\/wp-content\/uploads\/2022\/12\/LITIO-EN-SALTA-768x432.jpg 768w, https:\/\/tribunavm.com.ar\/wp-content\/uploads\/2022\/12\/LITIO-EN-SALTA-1536x864.jpg 1536w, https:\/\/tribunavm.com.ar\/wp-content\/uploads\/2022\/12\/LITIO-EN-SALTA-750x422.jpg 750w, https:\/\/tribunavm.com.ar\/wp-content\/uploads\/2022\/12\/LITIO-EN-SALTA-1140x641.jpg 1140w\" sizes=\"(max-width: 1920px) 100vw, 1920px\" \/><figcaption id=\"caption-attachment-7241\" class=\"wp-caption-text\">En las provincias del noroeste argentino distintas empresas chinas anunciaron inversiones multimillonarias para el desarrollo de la extracci\u00f3n de Litio.<\/figcaption><\/figure>\n<p><span style=\"font-weight: 400;\">Esta divisi\u00f3n internacional del trabajo, que repite el ABC de la dominaci\u00f3n imperialista a lo largo de la historia, tambi\u00e9n es<\/span><b> promovida y defendida por funcionarios locales. Fue en 2020 cuando el entonces Canciller de Argentina,<\/b> <b>Felipe Sol\u00e1, <\/b><span style=\"font-weight: 400;\">dijo que \u201c<\/span><b>nosotros necesitamos financiamiento<\/b><span style=\"font-weight: 400;\"> en infraestructura y<\/span><b> ellos necesitan<\/b><span style=\"font-weight: 400;\"> la seguridad de tener <\/span><b>prote\u00ednas animales y vegetales<\/b><span style=\"font-weight: 400;\">\u201d.<\/span><\/p>\n<p><span style=\"font-weight: 400;\">Los acuerdos no se limitan a las fronteras nacionales entre pa\u00edses, sino que tambi\u00e9n buscan profundizar las relaciones con el entramado econ\u00f3mico hacia el interior. En abril de este a\u00f1o, las autoridades gubernamentales de Argentina y China <\/span><b>firmaron el Plan de Cooperaci\u00f3n Productiva que busca capacitar, brindar asistencia t\u00e9cnica, l\u00edneas de cr\u00e9ditos en pesos y d\u00f3lares, y fomentar rondas de negocios en sectores productivos estrat\u00e9gicos con las pymes de C\u00f3rdoba, Santa Fe y Entre R\u00edos.<br \/>\n<\/b><\/p>\n<blockquote><p>Sobre deudas provinciales: <span style=\"color: #ff9900;\"><strong><a style=\"color: #ff9900;\" href=\"https:\/\/tribunavm.com.ar\/index.php\/2020\/08\/01\/deuda-provincial-un-virus-invisible\/\">Deuda provincial: un virus invisible<\/a> <\/strong><\/span>y <strong><span style=\"color: #ff9900;\"><a style=\"color: #ff9900;\" href=\"https:\/\/tribunavm.com.ar\/index.php\/2021\/11\/15\/endeudamiento-serial\/\">Endeudamiento serial<\/a><\/span><\/strong><\/p><\/blockquote>\n<p><b>Ver: <\/b><span style=\"color: #ff9900;\"><a style=\"color: #ff9900;\" href=\"https:\/\/tribunavm.com.ar\/index.php\/2022\/03\/14\/todos-los-caminos-conducen-a-china\/\"><b>Todos los caminos conducen a China<\/b><\/a><\/span><\/p>\n<h4><span style=\"color: #ff9900;\"><b>Diplomacia de los capitales<\/b><\/span><\/h4>\n<p><span style=\"font-weight: 400;\">La mencionada divisi\u00f3n del trabajo entre Latinoam\u00e9rica y China data de mediados del siglo pasado cobrando especial relevancia a comienzos de este siglo. En el a\u00f1o 2008, el gobierno chino public\u00f3 el primer <\/span><b>Documento sobre la Pol\u00edtica de China hacia Am\u00e9rica Latina y el Caribe que tiene por objetivo \u201cestablecer la<\/b><span style=\"font-weight: 400;\"> asociaci\u00f3n China-ALC de <\/span><b>cooperaci\u00f3n integral basada en igualdad y beneficio rec\u00edproco<\/b><span style=\"font-weight: 400;\">\u201d.<\/span><\/p>\n<p><span style=\"font-weight: 400;\">Adem\u00e1s, en 2014 se cre\u00f3 el <\/span><b>Foro entre China y la Comunidad de Estados Latinoamericanos y Caribe\u00f1os (CELAC) como una nueva plataforma que<\/b><span style=\"font-weight: 400;\">, seg\u00fan el Ministerio de Relaciones Exteriores, <\/span><b>busca fortalecer la cooperaci\u00f3n bilateral<\/b><span style=\"font-weight: 400;\">.<\/span><\/p>\n<figure id=\"attachment_7240\" aria-describedby=\"caption-attachment-7240\" style=\"width: 1000px\" class=\"wp-caption aligncenter\"><img loading=\"lazy\" decoding=\"async\" class=\"size-full wp-image-7240\" src=\"https:\/\/tribunavm.com.ar\/wp-content\/uploads\/2022\/12\/FORO-CHINA-CELAC.jpg\" alt=\"\" width=\"1000\" height=\"541\" srcset=\"https:\/\/tribunavm.com.ar\/wp-content\/uploads\/2022\/12\/FORO-CHINA-CELAC.jpg 1000w, https:\/\/tribunavm.com.ar\/wp-content\/uploads\/2022\/12\/FORO-CHINA-CELAC-300x162.jpg 300w, https:\/\/tribunavm.com.ar\/wp-content\/uploads\/2022\/12\/FORO-CHINA-CELAC-768x415.jpg 768w, https:\/\/tribunavm.com.ar\/wp-content\/uploads\/2022\/12\/FORO-CHINA-CELAC-750x406.jpg 750w\" sizes=\"(max-width: 1000px) 100vw, 1000px\" \/><figcaption id=\"caption-attachment-7240\" class=\"wp-caption-text\">El Foro China-CELAC contin\u00faa con una fuerte actividad diplom\u00e1tica para la ejecuci\u00f3n de proyectos de inversi\u00f3n, intercambio comercial y endeudamiento p\u00fablico de los pa\u00edses de la regi\u00f3n.<\/figcaption><\/figure>\n<p><span style=\"font-weight: 400;\">Dichas iniciativas fueron la antesala para <\/span><b>sumar a la mayor cantidad de pa\u00edses de Latinoam\u00e9rica al proyecto de \u201cla Franja y la Ruta\u201d (tambi\u00e9n llamada la Nueva Ruta de la Seda)<\/b><span style=\"font-weight: 400;\"> presentada en el a\u00f1o 2013 por Xi Jinping, el actual presidente de China, <\/span><b>que busca desplegar el capital chino a trav\u00e9s de inversiones en los cinco continentes<\/b><span style=\"font-weight: 400;\">.<\/span><\/p>\n<p><b>Ver: <\/b><span style=\"color: #ff9900;\"><a style=\"color: #ff9900;\" href=\"https:\/\/tribunavm.com.ar\/index.php\/2020\/11\/15\/una-ruta-con-destino-a-china\/\"><b>Una ruta con destino a China<\/b><\/a><\/span><\/p>\n<p><span style=\"font-weight: 400;\">A principios de este a\u00f1o, en el marco de la Ruta de la Seda, <\/span><b>el gobierno de Argentina firm\u00f3 un memor\u00e1ndum de entendimiento con el gobierno chino para la cooperaci\u00f3n. <\/b><span style=\"font-weight: 400;\">A trav\u00e9s del mismo promueven el desarrollo verde, econom\u00eda digital, \u00e1rea espacial, tecnolog\u00eda e innovaci\u00f3n, educaci\u00f3n, cooperaci\u00f3n universitaria, agricultura, ciencias de la tierra, medios p\u00fablicos de comunicaci\u00f3n y energ\u00eda nuclear. Para ello <\/span><b>el pa\u00eds se endeud\u00f3 por 23 mil millones de d\u00f3lares<\/b><span style=\"font-weight: 400;\"> con bancos y organismos financieros chinos.<\/span><\/p>\n<p><span style=\"font-weight: 400;\">Los tratados de libre comercio son promovidos en paralelo con otros pa\u00edses de la regi\u00f3n de manera sostenida, como el memorando de entendimiento firmado a mediados de este a\u00f1o con Guillermo Lasso, presidente de Ecuador; o el tratado que negocia actualmente con Lacalle Pou, presidente de Uruguay.<\/span><\/p>\n<p><span style=\"font-weight: 400;\">Desde finales de 2020 China forma parte junto a 14 pa\u00edses del Indopac\u00edfico de la Asociaci\u00f3n Econ\u00f3mica Integral Regional (RCEP, por sus siglas en ingl\u00e9s) <\/span><b>considerado el acuerdo de libre comercio \u201cm\u00e1s amplio en la historia\u201d porque abarca el 30% de la econom\u00eda mundial<\/b><span style=\"font-weight: 400;\"> e incluye a la Asociaci\u00f3n de Naciones del Sudeste Asi\u00e1tico (ASEAN) y sus socios Australia, India, Jap\u00f3n, Nueva Zelanda y Corea del Sur.\u00a0<\/span><\/p>\n<p><img loading=\"lazy\" decoding=\"async\" class=\"aligncenter size-full wp-image-7239\" src=\"https:\/\/tribunavm.com.ar\/wp-content\/uploads\/2022\/12\/ASOCIACION-ECONOMICA-INTEGRAL.jpg\" alt=\"\" width=\"900\" height=\"525\" srcset=\"https:\/\/tribunavm.com.ar\/wp-content\/uploads\/2022\/12\/ASOCIACION-ECONOMICA-INTEGRAL.jpg 900w, https:\/\/tribunavm.com.ar\/wp-content\/uploads\/2022\/12\/ASOCIACION-ECONOMICA-INTEGRAL-300x175.jpg 300w, https:\/\/tribunavm.com.ar\/wp-content\/uploads\/2022\/12\/ASOCIACION-ECONOMICA-INTEGRAL-768x448.jpg 768w, https:\/\/tribunavm.com.ar\/wp-content\/uploads\/2022\/12\/ASOCIACION-ECONOMICA-INTEGRAL-750x438.jpg 750w\" sizes=\"(max-width: 900px) 100vw, 900px\" \/><\/p>\n<p><span style=\"font-weight: 400;\">Adem\u00e1s forma parte de la <\/span><b>Cooperaci\u00f3n Econ\u00f3mica Asia-Pac\u00edfico (APEC), el G-20, G-5, G-77, Alianza del Pac\u00edfico (como observador), entre otros organismos de intercambio militar, tecnol\u00f3gico y comercial<\/b><span style=\"font-weight: 400;\">. Adem\u00e1s de ser <\/span><b>uno de los principales impulsores del BRICS<\/b><span style=\"font-weight: 400;\"> en el que se encuentra con Brasil, Rusia, India y Sud\u00e1frica, y que Argentina fue en reiteradas ocasiones invitada a las reuniones y formar parte como miembro permanente de la asociaci\u00f3n.<\/span><\/p>\n<figure id=\"attachment_7238\" aria-describedby=\"caption-attachment-7238\" style=\"width: 900px\" class=\"wp-caption aligncenter\"><img loading=\"lazy\" decoding=\"async\" class=\"size-full wp-image-7238\" src=\"https:\/\/tribunavm.com.ar\/wp-content\/uploads\/2022\/12\/FERNANDEZ-EN-BRICS.jpg\" alt=\"\" width=\"900\" height=\"506\" srcset=\"https:\/\/tribunavm.com.ar\/wp-content\/uploads\/2022\/12\/FERNANDEZ-EN-BRICS.jpg 900w, https:\/\/tribunavm.com.ar\/wp-content\/uploads\/2022\/12\/FERNANDEZ-EN-BRICS-300x169.jpg 300w, https:\/\/tribunavm.com.ar\/wp-content\/uploads\/2022\/12\/FERNANDEZ-EN-BRICS-768x432.jpg 768w, https:\/\/tribunavm.com.ar\/wp-content\/uploads\/2022\/12\/FERNANDEZ-EN-BRICS-750x422.jpg 750w\" sizes=\"(max-width: 900px) 100vw, 900px\" \/><figcaption id=\"caption-attachment-7238\" class=\"wp-caption-text\">Alberto Fern\u00e1ndez participando de la XIV Cumbre del BRICS realizada a mediados de este a\u00f1o por videoconferencia.<\/figcaption><\/figure>\n<h4><span style=\"color: #ff9900;\"><b>Inversi\u00f3n y deuda, dos caras de una moneda<\/b><\/span><\/h4>\n<p><b>Brasil es el principal receptor de inversiones chinas en Latinoam\u00e9rica<\/b><span style=\"font-weight: 400;\">, seguido de Per\u00fa, M\u00e9xico y Argentina. En Brasil, el principal sector de la inversi\u00f3n es la energ\u00eda, en Per\u00fa es la miner\u00eda, y en Argentina y M\u00e9xico son las infraestructuras, tambi\u00e9n referidas a la producci\u00f3n primaria, necesidad principal para el desarrollo industrial y tecnol\u00f3gico del pa\u00eds asi\u00e1tico.\u00a0<\/span><\/p>\n<p><span style=\"font-weight: 400;\">Zhao Lijian, portavoz de la canciller\u00eda china, dijo que &#8220;<\/span><b>China y Brasil son socios estrat\u00e9gicos integrales<\/b><span style=\"font-weight: 400;\">&#8221; y que &#8220;este a\u00f1o (por el 2020), pese al impacto negativo de la epidemia de coronavirus y contrariamente a las tendencias predominantes, la cooperaci\u00f3n comercial entre China y Brasil contin\u00faa desarroll\u00e1ndose&#8221;.<\/span><\/p>\n<p><span style=\"font-weight: 400;\">Para el caso de Per\u00fa, <\/span><b>Pedro Castillo, ex-presidente, declar\u00f3 <\/b><span style=\"font-weight: 400;\">a meses de asumir que su pa\u00eds busca fortalecer las relaciones, ya <\/span><b>que &#8220;China es un socio estrat\u00e9gico en materia de comercio e inversiones<\/b><span style=\"font-weight: 400;\">.<\/span><b> Manifestamos nuestra voluntad de seguir fortaleciendo las relaciones econ\u00f3micas y comerciales&#8221;.\u00a0<\/b><\/p>\n<p><span style=\"font-weight: 400;\">En la regi\u00f3n las inversiones <\/span><b>son canalizadas por entidades financieras, algunas de ellas estatales, o por medio de sus subsidiarias nacionales<\/b><span style=\"font-weight: 400;\"> encargadas de actividades en sectores espec\u00edficos como Cofco, Syngenta o Tianqi Lithium.<\/span><\/p>\n<figure id=\"attachment_7237\" aria-describedby=\"caption-attachment-7237\" style=\"width: 980px\" class=\"wp-caption aligncenter\"><img loading=\"lazy\" decoding=\"async\" class=\"size-full wp-image-7237\" src=\"https:\/\/tribunavm.com.ar\/wp-content\/uploads\/2022\/12\/COFCO-EN-ARGENTINA.jpg\" alt=\"\" width=\"980\" height=\"640\" srcset=\"https:\/\/tribunavm.com.ar\/wp-content\/uploads\/2022\/12\/COFCO-EN-ARGENTINA.jpg 980w, https:\/\/tribunavm.com.ar\/wp-content\/uploads\/2022\/12\/COFCO-EN-ARGENTINA-300x196.jpg 300w, https:\/\/tribunavm.com.ar\/wp-content\/uploads\/2022\/12\/COFCO-EN-ARGENTINA-768x502.jpg 768w, https:\/\/tribunavm.com.ar\/wp-content\/uploads\/2022\/12\/COFCO-EN-ARGENTINA-750x490.jpg 750w\" sizes=\"(max-width: 980px) 100vw, 980px\" \/><figcaption id=\"caption-attachment-7237\" class=\"wp-caption-text\">Cofco es una de las principales firmas del complejo agroexportador-portuario de Argentina. La Comisi\u00f3n estatal para la supervisi\u00f3n y administraci\u00f3n de los activos del Estado de China (SASAC) es quien administra los fondos de la empresa.<\/figcaption><\/figure>\n<p><span style=\"font-weight: 400;\">En mayo de este a\u00f1o, <\/span><b>Alberto Fern\u00e1ndez aprob\u00f3 el pr\u00e9stamo del Bank of China, el ICBC y el China Development Bank por 4.700 millones de d\u00f3lares<\/b><span style=\"font-weight: 400;\"> para la construcci\u00f3n de las represas \u201cN\u00e9stor Kirchner\u201d y \u201cJorge Cepernic\u201d que se viene actualizando desde su relanzamiento en 2019.<\/span><\/p>\n<p><span style=\"font-weight: 400;\">Y hace s\u00f3lo unos d\u00edas <\/span><b>Sergio Massa, ministro de Econom\u00eda, anunci\u00f3 la ampliaci\u00f3n del swap con China por 5.000 millones de d\u00f3lares<\/b><span style=\"font-weight: 400;\"> luego de la reuni\u00f3n con Xi Jinping. Este hecho cabe ponerlo en relaci\u00f3n con que China es un actor muy importante dentro del FMI, y la directriz instruida a los funcionarios y diplom\u00e1ticos es <\/span><b>aumentar las reservas del BCRA para continuar pagando deuda afianzando as\u00ed su dominaci\u00f3n en la regi\u00f3n<\/b><span style=\"font-weight: 400;\">.<\/span><\/p>\n<p><span style=\"font-weight: 400;\">En medio de las negociaciones de Argentina con el FMI en 2018, <\/span><b>Li Zhanshu, titular de la Asamblea Popular Nacional (APN) hab\u00eda celebrado \u201cla deuda<\/b><span style=\"font-weight: 400;\"> valorada en 44 mil millones de d\u00f3lares <\/span><b>porque contribuye a la estabilidad econ\u00f3mica y financiera de Argentina<\/b><span style=\"font-weight: 400;\">\u201d. <\/span><\/p>\n<\/div>\n<\/div>\n","protected":false},"excerpt":{"rendered":"<p>China se erige como el principal socio comercial de Latinoam\u00e9rica siendo el principal destino de las materias primas y de gran injerencia en la deuda p\u00fablica, las inversiones y la valorizaci\u00f3n de las monedas nacionales. Con las reformas del Estado chino promovidas en 1978 se dio impulso al desarrollo del \u201csocialismo de mercado\u201d permitiendo la [&hellip;]<\/p>\n","protected":false},"author":2,"featured_media":7246,"comment_status":"open","ping_status":"open","sticky":false,"template":"","format":"standard","meta":{"_exactmetrics_skip_tracking":false,"_exactmetrics_sitenote_active":false,"_exactmetrics_sitenote_note":"","_exactmetrics_sitenote_category":0,"jnews-multi-image_gallery":[],"jnews_single_post":{"source_name":"","source_url":"","via_name":"","via_url":"","override_template":"0","override":[{"template":"1","single_blog_custom":"","parallax":"1","fullscreen":"1","layout":"right-sidebar","sidebar":"default-sidebar","second_sidebar":"default-sidebar","sticky_sidebar":"1","share_position":"top","share_float_style":"share-monocrhome","show_share_counter":"1","show_view_counter":"1","show_featured":"1","show_post_meta":"1","show_post_author":"1","show_post_author_image":"1","show_post_date":"1","post_date_format":"default","post_date_format_custom":"Y\/m\/d","show_post_category":"1","show_post_reading_time":"0","post_reading_time_wpm":"300","show_zoom_button":"0","zoom_button_out_step":"2","zoom_button_in_step":"3","show_post_tag":"1","show_prev_next_post":"1","show_popup_post":"1","number_popup_post":"1","show_author_box":"0","show_post_related":"0","show_inline_post_related":"0"}],"override_image_size":"0","image_override":[{"single_post_thumbnail_size":"crop-500","single_post_gallery_size":"crop-500"}],"trending_post":"0","trending_post_position":"meta","trending_post_label":"Trending","sponsored_post":"0","sponsored_post_label":"Sponsored by","sponsored_post_name":"","sponsored_post_url":"","sponsored_post_logo_enable":"0","sponsored_post_logo":"","sponsored_post_desc":""},"jnews_primary_category":{"id":"26"},"jnews_social_meta":{"fb_title":"","fb_description":"","fb_image":"","twitter_title":"","twitter_description":"","twitter_image":""},"jnews_override_counter":{"override_view_counter":"0","view_counter_number":"0","override_share_counter":"0","share_counter_number":"0","override_like_counter":"0","like_counter_number":"0","override_dislike_counter":"0","dislike_counter_number":"0"},"_joinchat":[],"footnotes":""},"categories":[23],"tags":[153,75],"class_list":["post-7236","post","type-post","status-publish","format-standard","has-post-thumbnail","hentry","category-analisis","tag-analisis","tag-internacional"],"_links":{"self":[{"href":"https:\/\/tribunavm.com.ar\/index.php\/wp-json\/wp\/v2\/posts\/7236"}],"collection":[{"href":"https:\/\/tribunavm.com.ar\/index.php\/wp-json\/wp\/v2\/posts"}],"about":[{"href":"https:\/\/tribunavm.com.ar\/index.php\/wp-json\/wp\/v2\/types\/post"}],"author":[{"embeddable":true,"href":"https:\/\/tribunavm.com.ar\/index.php\/wp-json\/wp\/v2\/users\/2"}],"replies":[{"embeddable":true,"href":"https:\/\/tribunavm.com.ar\/index.php\/wp-json\/wp\/v2\/comments?post=7236"}],"version-history":[{"count":4,"href":"https:\/\/tribunavm.com.ar\/index.php\/wp-json\/wp\/v2\/posts\/7236\/revisions"}],"predecessor-version":[{"id":7290,"href":"https:\/\/tribunavm.com.ar\/index.php\/wp-json\/wp\/v2\/posts\/7236\/revisions\/7290"}],"wp:featuredmedia":[{"embeddable":true,"href":"https:\/\/tribunavm.com.ar\/index.php\/wp-json\/wp\/v2\/media\/7246"}],"wp:attachment":[{"href":"https:\/\/tribunavm.com.ar\/index.php\/wp-json\/wp\/v2\/media?parent=7236"}],"wp:term":[{"taxonomy":"category","embeddable":true,"href":"https:\/\/tribunavm.com.ar\/index.php\/wp-json\/wp\/v2\/categories?post=7236"},{"taxonomy":"post_tag","embeddable":true,"href":"https:\/\/tribunavm.com.ar\/index.php\/wp-json\/wp\/v2\/tags?post=7236"}],"curies":[{"name":"wp","href":"https:\/\/api.w.org\/{rel}","templated":true}]}}