{"id":7266,"date":"2022-12-27T00:54:36","date_gmt":"2022-12-27T00:54:36","guid":{"rendered":"https:\/\/tribunavm.com.ar\/?p=7266"},"modified":"2022-12-28T02:58:51","modified_gmt":"2022-12-28T02:58:51","slug":"el-minimo-debe-cubrir-lo-necesario-para-vivir","status":"publish","type":"post","link":"https:\/\/tribunavm.com.ar\/index.php\/2022\/12\/27\/el-minimo-debe-cubrir-lo-necesario-para-vivir\/","title":{"rendered":"\u201cEl m\u00ednimo debe cubrir lo necesario para vivir\u201d"},"content":{"rendered":"<div class=\"row clearfix\">\n<div class=\"col-md-8\">\n<div class=\"intro-text\">\n<p><span style=\"font-weight: 400;\">Luego del acuerdo salarial logrado por los trabajadores aceiteros conversamos con Diego Dominguez, secretario general del sindicato en la ciudad de Tancacha. \u201cNunca nos regalaron nada, a este salario lo conquistamos por las luchas\u201d, coment\u00f3 el dirigente.<\/span><\/p>\n<\/div>\n<p><span style=\"font-weight: 400;\"><span class=\"dropcap \" style=\"background-color: #ffffff; color: #dd9933; border-color: #ffffff;\">L<\/span>a <\/span><b>Federaci\u00f3n de Trabajadores del Complejo Industrial Oleaginoso, Desmotadores de Algod\u00f3n y Afines de la Rep\u00fablica Argentina (FTCIODyARA)<\/b><span style=\"font-weight: 400;\"> el martes 20 de diciembre acord\u00f3 paritarias para los primeros seis meses del 2023 llegando al 98% interanual con <\/span><b>un b\u00e1sico que se ubicar\u00e1 en enero del 2023 en los $319.185, adem\u00e1s de un bono de $210.000 a cobrar entre enero y febrero<\/b><span style=\"font-weight: 400;\">.\u00a0<\/span><\/p>\n<p><span style=\"font-weight: 400;\">Ese monto representa un aumento del 40% para el a\u00f1o entrante. La Federaci\u00f3n adem\u00e1s arregl\u00f3 una cl\u00e1usula gatillo para el mes de julio ante \u201cla compleja situaci\u00f3n econ\u00f3mica que atraviesa el pa\u00eds\u201d, coment\u00f3 <\/span><b>Diego Dominguez, secretario general de Aceiteros de Tancacha<\/b><span style=\"font-weight: 400;\">. En ese marco conversamos sobre el acuerdo, la situaci\u00f3n social del pa\u00eds y las tareas de la militancia.<\/span><\/p>\n<p><span style=\"color: #ff9900;\"><b>\u00bfEn qu\u00e9 consta el arreglo de las \u00faltimas paritarias llevado a cabo por la Federaci\u00f3n Aceitera?<\/b><\/span><\/p>\n<p><span style=\"font-weight: 400;\">Nuestro a\u00f1o paritario va del 1 de enero al 31 de diciembre, pero ya ven\u00edamos desde hace unos meses discutiendo la cuesti\u00f3n salarial ya que tuvimos una revisi\u00f3n a fines de septiembre que se acord\u00f3 a principios de octubre.<\/span><\/p>\n<div class=\"intro-text\">\n<blockquote>\n<p style=\"padding-left: 40px; text-align: left;\">Los <strong>Asociados de la C\u00e1mara de la Industria Aceitera de la Rep\u00fablica Argentina (CIARA)<\/strong>, patronal empresarial con la que negocia el salario el sindicato de Aceiteros, son las principales empresas agroexportadoras del pa\u00eds, entre las que se encuentran <strong>AGD, Bunge, Cargill, ADM, Glenccore, MSU<\/strong>, entre otros.<\/p>\n<p style=\"padding-left: 40px; text-align: left;\">Ver listado completo: <em><a style=\"color: #ff9900;\" href=\"https:\/\/www.ciaracec.com.ar\/ciara\/Institucional\/Asociados\">ac\u00e1<\/a><\/em>.<\/p>\n<\/blockquote>\n<\/div>\n<\/div>\n<p>&nbsp;<\/p>\n<div class=\"col-md-8\">\n<p><span style=\"font-weight: 400;\">Ese acuerdo ubicaba a la categor\u00eda pe\u00f3n (el trabajador que ingresa a la industria aceitera), un <\/span><b>cobro mensual de $221.000<\/b><span style=\"font-weight: 400;\">. Con ello nos referimos a un trabajador sin antig\u00fcedad, como sueldo b\u00e1sico.<\/span><\/p>\n<p><span style=\"font-weight: 400;\">Luego, el 20 de diciembre acordamos con la c\u00e1mara aceitera CIARA para todos los trabajadores del pa\u00eds, incluidos los de Federaci\u00f3n Aceitera y los trabajadores del puerto de San Lorenzo del sindicato SOEA, <\/span><b>un salario m\u00ednimo de $319.000<\/b><b> a partir del 1 de enero hasta marzo<\/b><b>\u00a0con una cl\u00e1usula de revisi\u00f3n en junio por la compleja situaci\u00f3n econ\u00f3mica del pa\u00eds.\u00a0<\/b><\/p>\n<p><span style=\"font-weight: 400;\">Siempre decimos que es muy importante alcanzar el salario que garantice las nuevas necesidades que marca la constituci\u00f3n en el art. 14 bis y la Ley de Contrato de Trabajo\u00a0 con el art\u00edculo 116. Ah\u00ed dice que el Salario M\u00ednimo debe cubrir alimentaci\u00f3n adecuada, vivienda digna, salud, previsi\u00f3n, transporte, esparcimiento, vestimenta, educaci\u00f3n, vacaciones, entre otras, que son las nuevas necesidades que <\/span><b>deber\u00eda poder cubrir cualquier trabajador sin carga de familia trabajando el horario legal de 8 horas en todo el pa\u00eds, y no solamente los aceiteros, sino toda la clase trabajadora.<\/b><\/p>\n<figure id=\"attachment_7268\" aria-describedby=\"caption-attachment-7268\" style=\"width: 665px\" class=\"wp-caption aligncenter\"><img loading=\"lazy\" decoding=\"async\" class=\"size-full wp-image-7268\" src=\"https:\/\/tribunavm.com.ar\/wp-content\/uploads\/2022\/12\/Salario-Minimo-vital-y-movil-abril-2022.jpg\" alt=\"\" width=\"665\" height=\"457\" srcset=\"https:\/\/tribunavm.com.ar\/wp-content\/uploads\/2022\/12\/Salario-Minimo-vital-y-movil-abril-2022.jpg 665w, https:\/\/tribunavm.com.ar\/wp-content\/uploads\/2022\/12\/Salario-Minimo-vital-y-movil-abril-2022-300x206.jpg 300w\" sizes=\"(max-width: 665px) 100vw, 665px\" \/><figcaption id=\"caption-attachment-7268\" class=\"wp-caption-text\">Salario definido oficialmente por el Consejo del Salario.<\/figcaption><\/figure>\n<p><span style=\"font-weight: 400;\">Tambi\u00e9n acordamos un <\/span><b>bono de 206.000 a cobrar en dos cuotas<\/b><span style=\"font-weight: 400;\">, considerado un super bono al lado de los definidos por el Consejo del Salario o el Gobierno. Ya sabemos sobre c\u00f3mo funcionan esos acuerdos.<\/span><\/p>\n<p><span style=\"color: #ff9900;\"><b>\u00bfC\u00f3mo actuaron las c\u00e1maras empresariales, teniendo en cuenta que es uno de los sectores m\u00e1s concentrados y poderosos del pa\u00eds?<\/b><\/span><\/p>\n<p><span style=\"font-weight: 400;\">Ellos siempre van a tener una posici\u00f3n de negaci\u00f3n a que los trabajadores alcancemos este salario, pero tampoco tienen muchas herramientas para argumentar a su favor teniendo en cuenta<\/span><b> sus ganancias extraordinarias. A ello se le suman los favores que les viene haciendo el gobierno como por ejemplo el D\u00f3lar Soja, con el cual han hecho fortunas en los \u00faltimos meses.\u00a0<\/b><\/p>\n<blockquote class=\"pullquote align-left\"><p><b>Ver: <\/b><span style=\"color: #ff9900;\"><em><a style=\"color: #ff9900;\" href=\"https:\/\/tribunavm.com.ar\/index.php\/2022\/08\/01\/medidas-para-regular-el-dolar\/\">Medidas para regular el d\u00f3lar. El Banco Central lanz\u00f3 nuevas regulaciones dirigidas al uso de la moneda estadounidense.\u00a0<\/a><\/em><\/span><\/p><\/blockquote>\n<p><b>Entonces cuando nosotros vamos a plantear un salario m\u00ednimo, encima apoyado por un equipo econ\u00f3mico que trabaja para la Federaci\u00f3n Aceitera, se les acaba los argumentos. <\/b><span style=\"font-weight: 400;\">Este equipo se encarga de elaborar informes mensuales sobre c\u00f3mo deber\u00eda ser el salario de ese mes..<\/span><\/p>\n<p><span style=\"font-weight: 400;\">Ac\u00e1 en argentina la clase trabajadora no sabe cu\u00e1nto debe ganar, muchos trabajadores se conforman con lo que les da el patr\u00f3n, otros se basan en la inflaci\u00f3n, otros en la canasta b\u00e1sica que te dicen los medios de comunicaci\u00f3n. Nosotros con este estudio con el que trabajamos elaboramos un informe mensual sobre el salario m\u00ednimo vital y m\u00f3vil, todos recabados de datos oficiales.\u00a0<\/span><\/p>\n<figure id=\"attachment_7269\" aria-describedby=\"caption-attachment-7269\" style=\"width: 730px\" class=\"wp-caption aligncenter\"><img loading=\"lazy\" decoding=\"async\" class=\"size-full wp-image-7269\" src=\"https:\/\/tribunavm.com.ar\/wp-content\/uploads\/2022\/12\/consejo-del-salariojpg.png\" alt=\"\" width=\"730\" height=\"486\" srcset=\"https:\/\/tribunavm.com.ar\/wp-content\/uploads\/2022\/12\/consejo-del-salariojpg.png 730w, https:\/\/tribunavm.com.ar\/wp-content\/uploads\/2022\/12\/consejo-del-salariojpg-300x200.png 300w\" sizes=\"(max-width: 730px) 100vw, 730px\" \/><figcaption id=\"caption-attachment-7269\" class=\"wp-caption-text\">\u00daltima reuni\u00f3n del Consejo del Salario<\/figcaption><\/figure>\n<p><b>A partir de este mes un trabajador en argentina para vivir dignamente deber\u00eda ganar lo que acordamos. Luego las patronales sacan porcentajes, pero nosotros siempre vamos por n\u00famero, no por cuestiones porcentuales.\u00a0<\/b><\/p>\n<p><span style=\"color: #ff9900;\"><b>Es cierto que la inflaci\u00f3n va a terminar por debajo de algunos de los acuerdos salariales m\u00e1s importantes, pero la realidad es que las necesidades b\u00e1sicas para la gran mayor\u00eda de la poblaci\u00f3n trabajadora no pueden ser cubiertas a\u00fan teniendo trabajo. \u00bfC\u00f3mo ves esta situaci\u00f3n? \u00bfQu\u00e9 significado tiene para el conjunto de la clase trabajadora el acuerdo de aceiteros?<\/b><\/span><\/p>\n<p><span style=\"font-weight: 400;\">Siempre hemos intentado como organizaci\u00f3n pelear por mejores condiciones para todos los trabajadores. Debemos tener en cuenta que a nivel nacional se trabaja con el <\/span><b>Frente Sindical para el Modelo Nacional (FRESIMONA) <\/b><span style=\"font-weight: 400;\">donde se encuentran <\/span><b>camioneros, bancarios, SMATA, y otros gremios muy importantes.<\/b><span style=\"font-weight: 400;\"> Nosotros estamos afiliados a la CGT aunque hoy no compartimos su pol\u00edtica gremial, por eso construimos con el Frente donde se han hecho cosas mejores.<\/span><\/p>\n<figure id=\"attachment_7270\" aria-describedby=\"caption-attachment-7270\" style=\"width: 827px\" class=\"wp-caption aligncenter\"><img loading=\"lazy\" decoding=\"async\" class=\"size-full wp-image-7270\" src=\"https:\/\/tribunavm.com.ar\/wp-content\/uploads\/2022\/12\/fresimona-1.jpg\" alt=\"\" width=\"827\" height=\"547\" srcset=\"https:\/\/tribunavm.com.ar\/wp-content\/uploads\/2022\/12\/fresimona-1.jpg 827w, https:\/\/tribunavm.com.ar\/wp-content\/uploads\/2022\/12\/fresimona-1-300x198.jpg 300w, https:\/\/tribunavm.com.ar\/wp-content\/uploads\/2022\/12\/fresimona-1-768x508.jpg 768w, https:\/\/tribunavm.com.ar\/wp-content\/uploads\/2022\/12\/fresimona-1-750x496.jpg 750w\" sizes=\"(max-width: 827px) 100vw, 827px\" \/><figcaption id=\"caption-attachment-7270\" class=\"wp-caption-text\">Algunos de los integrantes del FRESIMONA<\/figcaption><\/figure>\n<p><b>Siempre comentamos nuestra t\u00e1ctica de negociaci\u00f3n, hacemos p\u00fablicos nuestros acuerdos, tratamos de lograr buenos aumentos, con el anhelo de que se van a ir contagiando otras organizaciones, otros grupos de trabajadores y otros sindicatos<\/b><span style=\"font-weight: 400;\">,\u00a0<\/span><\/p>\n<p><span style=\"font-weight: 400;\">Tambi\u00e9n sabemos que no es una tarea sencilla, m\u00e1s cuando hay burocracias, dirigentes con otras visiones, por ejemplo quienes est\u00e1n muy alineados con los poderes de turno, pol\u00edticos y dem\u00e1s. En ese sentido nosotros <\/span><b>tenemos nuestra propia pol\u00edtica gremial que no estamos alineados a los partidos pol\u00edticos y nos permite trabajar en esta direcci\u00f3n<\/b><span style=\"font-weight: 400;\">.\u00a0<\/span><\/p>\n<p><span style=\"color: #ff9900;\"><b>En ese marco, \u00bfCu\u00e1l es la tarea de la militancia popular?<\/b><\/span><\/p>\n<p><b>Sin dudas que la militancia es muy importante, debemos apelar a compa\u00f1eros dirigentes que se capaciten permanentemente, que se formen y se organicen con los compa\u00f1eros. <\/b><span style=\"font-weight: 400;\">Desde la Federaci\u00f3n siempre hemos fomentado congresos y plenarios nacionales donde llevamos a dirigentes de otras organizaciones, t\u00e9cnicos, profesionales y asesores legales, para que nos ayuden a entender la situaci\u00f3n y contar con m\u00e1s herramientas para hacer una lectura del contexto donde vivimos.<\/span><\/p>\n<p><b>A los aceiteros nunca nadie nos regal\u00f3 nada, a este salario lo venimos conquistando a\u00f1o a a\u00f1o por las luchas que llevamos adelante, por las asambleas que realizamos dentro de la industria, y por siempre estar en alerta para movilizar y determinar las huelgas<\/b><span style=\"font-weight: 400;\">.<\/span><\/p>\n<p><span style=\"font-weight: 400;\">\u00c9stas forman parte de un instrumento que nos ha garantizado a los trabajadores una herramienta fundamental para conseguir los salarios que tenemos hoy. En el 2015 hicimos 25 d\u00edas de paro consecutivos, y en el 2020 hicimos 22 d\u00edas de paro. En los dos casos gobernaba el peronismo. Muchos nos tildan de que estamos alineados pol\u00edticamente con el peronismo o el kirchnerismo pero, sin embargo, las dos huelgas m\u00e1s importantes de nuestra organizaci\u00f3n las hicimos en esos gobiernos.\u00a0<\/span><\/p>\n<figure id=\"attachment_7271\" aria-describedby=\"caption-attachment-7271\" style=\"width: 768px\" class=\"wp-caption aligncenter\"><img loading=\"lazy\" decoding=\"async\" class=\"size-full wp-image-7271\" src=\"https:\/\/tribunavm.com.ar\/wp-content\/uploads\/2022\/12\/OLILZG3QTZGRRFWG27I32YVBJI-1.png\" alt=\"\" width=\"768\" height=\"432\" srcset=\"https:\/\/tribunavm.com.ar\/wp-content\/uploads\/2022\/12\/OLILZG3QTZGRRFWG27I32YVBJI-1.png 768w, https:\/\/tribunavm.com.ar\/wp-content\/uploads\/2022\/12\/OLILZG3QTZGRRFWG27I32YVBJI-1-300x169.png 300w, https:\/\/tribunavm.com.ar\/wp-content\/uploads\/2022\/12\/OLILZG3QTZGRRFWG27I32YVBJI-1-750x422.png 750w\" sizes=\"(max-width: 768px) 100vw, 768px\" \/><figcaption id=\"caption-attachment-7271\" class=\"wp-caption-text\">Huelga aceitera del 2015<\/figcaption><\/figure>\n<p><b>Eso es un poco el &#8220;secreto&#8221; que tenemos como organizaci\u00f3n gremial: las asambleas, la deliberaci\u00f3n, el debate de los trabajadores dentro de las f\u00e1bricas, y luego llevar a la acci\u00f3n en la lucha lo que decidimos como grupo lo que votamos por mayor\u00eda<\/b><\/p>\n<p><span style=\"color: #ff9900;\"><b>Respecto a las estructuras gremiales nacionales, en particular la CGT \u00bfQu\u00e9 rol deber\u00edan cumplir?<\/b><\/span><\/p>\n<p><span style=\"font-weight: 400;\">Es vergonzoso que representantes de los trabajadores negocien en una mesa con la UIA y el Gobierno. <\/span><b>Si tuvi\u00e9ramos una CGT fuerte se determinar\u00edan los l\u00edmites m\u00ednimos reales del salario y se llevar\u00eda a cabo una huelga nacional porque no puede ser que tengamos trabajadores pobres trabajando, es una situaci\u00f3n inadmisible.<\/b><\/p>\n<p><span style=\"font-weight: 400;\">En otras \u00e9pocas los trabajadores eran pobres porque estaban desocupados, ahora incluso quienes tienen trabajo son pobres. Adem\u00e1s de tener n\u00fameros de desocupaci\u00f3n muy altos.\u00a0<\/span><\/p>\n<p><b>Mientras tanto el sector empresario est\u00e1 cada vez m\u00e1s rico y los trabajadores est\u00e1n hambreados. En C\u00f3rdoba la pobreza y la desocupaci\u00f3n est\u00e1n en n\u00fameros hist\u00f3ricos, no estamos en el para\u00edso.<\/b><\/p>\n<\/div>\n<div class=\"col-md-3\">\n<p>&nbsp;<\/p>\n<\/div>\n<\/div>\n","protected":false},"excerpt":{"rendered":"<p>Luego del acuerdo salarial logrado por los trabajadores aceiteros conversamos con Diego Dominguez, secretario general del sindicato en la ciudad de Tancacha. \u201cNunca nos regalaron nada, a este salario lo conquistamos por las luchas\u201d, coment\u00f3 el dirigente. La Federaci\u00f3n de Trabajadores del Complejo Industrial Oleaginoso, Desmotadores de Algod\u00f3n y Afines de la Rep\u00fablica Argentina (FTCIODyARA) [&hellip;]<\/p>\n","protected":false},"author":2,"featured_media":7267,"comment_status":"open","ping_status":"open","sticky":false,"template":"","format":"standard","meta":{"_exactmetrics_skip_tracking":false,"_exactmetrics_sitenote_active":false,"_exactmetrics_sitenote_note":"","_exactmetrics_sitenote_category":0,"jnews-multi-image_gallery":[],"jnews_single_post":{"source_name":"","source_url":"","via_name":"","via_url":"","override_template":"0","override":[{"template":"1","single_blog_custom":"","parallax":"1","fullscreen":"1","layout":"right-sidebar","sidebar":"default-sidebar","second_sidebar":"default-sidebar","sticky_sidebar":"1","share_position":"top","share_float_style":"share-monocrhome","show_share_counter":"1","show_view_counter":"1","show_featured":"1","show_post_meta":"1","show_post_author":"1","show_post_author_image":"1","show_post_date":"1","post_date_format":"default","post_date_format_custom":"Y\/m\/d","show_post_category":"1","show_post_reading_time":"0","post_reading_time_wpm":"300","show_zoom_button":"0","zoom_button_out_step":"2","zoom_button_in_step":"3","show_post_tag":"1","show_prev_next_post":"1","show_popup_post":"1","number_popup_post":"1","show_author_box":"0","show_post_related":"0","show_inline_post_related":"0"}],"override_image_size":"0","image_override":[{"single_post_thumbnail_size":"crop-500","single_post_gallery_size":"crop-500"}],"trending_post":"0","trending_post_position":"meta","trending_post_label":"Trending","sponsored_post":"0","sponsored_post_label":"Sponsored by","sponsored_post_name":"","sponsored_post_url":"","sponsored_post_logo_enable":"0","sponsored_post_logo":"","sponsored_post_desc":""},"jnews_primary_category":{"id":"24"},"jnews_social_meta":{"fb_title":"","fb_description":"","fb_image":"","twitter_title":"","twitter_description":"","twitter_image":""},"jnews_override_counter":{"override_view_counter":"0","view_counter_number":"0","override_share_counter":"0","share_counter_number":"0","override_like_counter":"0","like_counter_number":"0","override_dislike_counter":"0","dislike_counter_number":"0"},"_joinchat":[],"footnotes":""},"categories":[22,24],"tags":[],"class_list":["post-7266","post","type-post","status-publish","format-standard","has-post-thumbnail","hentry","category-actualidad","category-opinion"],"_links":{"self":[{"href":"https:\/\/tribunavm.com.ar\/index.php\/wp-json\/wp\/v2\/posts\/7266"}],"collection":[{"href":"https:\/\/tribunavm.com.ar\/index.php\/wp-json\/wp\/v2\/posts"}],"about":[{"href":"https:\/\/tribunavm.com.ar\/index.php\/wp-json\/wp\/v2\/types\/post"}],"author":[{"embeddable":true,"href":"https:\/\/tribunavm.com.ar\/index.php\/wp-json\/wp\/v2\/users\/2"}],"replies":[{"embeddable":true,"href":"https:\/\/tribunavm.com.ar\/index.php\/wp-json\/wp\/v2\/comments?post=7266"}],"version-history":[{"count":4,"href":"https:\/\/tribunavm.com.ar\/index.php\/wp-json\/wp\/v2\/posts\/7266\/revisions"}],"predecessor-version":[{"id":7278,"href":"https:\/\/tribunavm.com.ar\/index.php\/wp-json\/wp\/v2\/posts\/7266\/revisions\/7278"}],"wp:featuredmedia":[{"embeddable":true,"href":"https:\/\/tribunavm.com.ar\/index.php\/wp-json\/wp\/v2\/media\/7267"}],"wp:attachment":[{"href":"https:\/\/tribunavm.com.ar\/index.php\/wp-json\/wp\/v2\/media?parent=7266"}],"wp:term":[{"taxonomy":"category","embeddable":true,"href":"https:\/\/tribunavm.com.ar\/index.php\/wp-json\/wp\/v2\/categories?post=7266"},{"taxonomy":"post_tag","embeddable":true,"href":"https:\/\/tribunavm.com.ar\/index.php\/wp-json\/wp\/v2\/tags?post=7266"}],"curies":[{"name":"wp","href":"https:\/\/api.w.org\/{rel}","templated":true}]}}