{"id":727,"date":"2019-10-31T16:00:37","date_gmt":"2019-10-31T16:00:37","guid":{"rendered":"https:\/\/tribunavm.com.ar\/?p=727"},"modified":"2019-10-31T17:02:54","modified_gmt":"2019-10-31T17:02:54","slug":"crisis-en-ribeiro","status":"publish","type":"post","link":"https:\/\/tribunavm.com.ar\/index.php\/2019\/10\/31\/crisis-en-ribeiro\/","title":{"rendered":"Crisis en Ribeiro"},"content":{"rendered":"<div class=\"row clearfix\">\n<div class=\"col-md-8\">\n<div class=\"intro-text\">\n<p><span style=\"font-weight: 400;\">Empleados de la sucursal de la casa de electrodom\u00e9sticos realizaron una concentraci\u00f3n reclamando irregularidades en el pago de salarios y la quita de los aportes.<\/span><\/p>\n<\/div>\n<p><span style=\"font-weight: 400;\"><span class=\"dropcap \" style=\"background-color: #ffffff; color: #dd9933; border-color: #ffffff;\">E<\/span>l jueves pasado, en la sede de Ribeiro Villa Mar\u00eda, situada en calle Buenos Aires y Alem, trabajadores de la sucursal se congregaron en la puerta del edificio. Como medida decidieron suspender la atenci\u00f3n al p\u00fablico para exponer la situaci\u00f3n de conflicto a toda la ciudad, entre bombos y redoblantes, en conjunto a sus representantes del Centro de Empleados de Comercio, estudiantes y otros gremios que se solidarizaron con los reclamos.<\/span><\/p>\n<p><span style=\"font-weight: 400;\">Durante la jornada de protesta, se repartieron folletos se\u00f1alando la irregularidad del pago de los salarios, la quita de los aportes y la falta de respuestas por parte de la empresa.<\/span><\/p>\n<p><span style=\"font-weight: 400;\">En di\u00e1logo con Tribuna, Jessica, trabajadora del local asegur\u00f3 que \u201ctenemos compa\u00f1eros que est\u00e1n saliendo a laburar a otros lados, tenemos problemas con las mutuales y compa\u00f1eras embarazadas y seguimos en la misma situaci\u00f3n que antes. Estamos cansados\u201d.<\/span><\/p>\n<blockquote class=\"pullquote align-right\"><p><span style=\"font-weight: 400;\">&#8220;Seguimos en la misma situaci\u00f3n que antes. Estamos cansados\u201d.\u00a0<\/span><\/p>\n<p>Jessica, trabajadora de Ribeiro<\/p><\/blockquote>\n<p><span style=\"font-weight: 400;\">En la edici\u00f3n 10 (ver <a href=\"https:\/\/tribunavm.com.ar\/index.php\/2019\/10\/03\/salarios-en-minicuotas\/\">Salarios en minicuotas<\/a>) se describe la situaci\u00f3n de alerta que atraviesan desde hace tiempo los trabajadores de la firma que en el mes de junio solicit\u00f3 el concurso preventivo de crisis. A este desolador panorama se a\u00f1ade el <strong>cierre de la sucursal en la localidad de Las Varillas<\/strong>, dejando a 7 trabajadores en la calle.<\/span><\/p>\n<p><span style=\"font-weight: 400;\">Amado F\u00e9rez, Secretario Gremial del CEC, sobre el tema: <strong>\u201cvamos a tratar de que hagan un ofrecimiento, si existe la posibilidad de cerrar la sucursal, o en caso de no cerrar. Tendremos que hablar con la empresa\u201d.<\/strong><\/span><\/p>\n<\/div>\n<\/div>\n","protected":false},"excerpt":{"rendered":"<p>Empleados de la sucursal de la casa de electrodom\u00e9sticos realizaron una concentraci\u00f3n reclamando irregularidades en el pago de salarios y la quita de los aportes. El jueves pasado, en la sede de Ribeiro Villa Mar\u00eda, situada en calle Buenos Aires y Alem, trabajadores de la sucursal se congregaron en la puerta del edificio. Como medida [&hellip;]<\/p>\n","protected":false},"author":2,"featured_media":728,"comment_status":"open","ping_status":"open","sticky":false,"template":"","format":"standard","meta":{"_exactmetrics_skip_tracking":false,"_exactmetrics_sitenote_active":false,"_exactmetrics_sitenote_note":"","_exactmetrics_sitenote_category":0,"jnews-multi-image_gallery":[],"jnews_single_post":{"source_name":"","source_url":"","via_name":"","via_url":"","override_template":"0","override":[{"template":"1","single_blog_custom":"","parallax":"1","fullscreen":"0","layout":"right-sidebar","sidebar":"default-sidebar","second_sidebar":"default-sidebar","sticky_sidebar":"1","share_position":"top","share_float_style":"share-monocrhome","show_share_counter":"1","show_view_counter":"1","show_featured":"1","show_post_meta":"1","show_post_author":"1","show_post_author_image":"1","show_post_date":"1","post_date_format":"default","post_date_format_custom":"Y\/m\/d","show_post_category":"1","show_post_reading_time":"0","post_reading_time_wpm":"300","show_zoom_button":"0","zoom_button_out_step":"2","zoom_button_in_step":"3","show_post_tag":"1","show_prev_next_post":"1","show_popup_post":"1","number_popup_post":"1","show_author_box":"0","show_post_related":"0","show_inline_post_related":"0"}],"override_image_size":"0","image_override":[{"single_post_thumbnail_size":"crop-500","single_post_gallery_size":"crop-500"}],"trending_post":"0","trending_post_position":"meta","trending_post_label":"Trending"},"jnews_primary_category":{"id":""},"jnews_social_meta":{"fb_title":"","fb_description":"","fb_image":"","twitter_title":"","twitter_description":"","twitter_image":""},"jnews_override_counter":{"override_view_counter":"0","view_counter_number":"0","override_share_counter":"0","share_counter_number":"0","override_like_counter":"0","like_counter_number":"0","override_dislike_counter":"0","dislike_counter_number":"0"},"_joinchat":[],"footnotes":""},"categories":[22],"tags":[63,35],"class_list":["post-727","post","type-post","status-publish","format-standard","has-post-thumbnail","hentry","category-actualidad","tag-edicion-12","tag-trabajadores"],"_links":{"self":[{"href":"https:\/\/tribunavm.com.ar\/index.php\/wp-json\/wp\/v2\/posts\/727"}],"collection":[{"href":"https:\/\/tribunavm.com.ar\/index.php\/wp-json\/wp\/v2\/posts"}],"about":[{"href":"https:\/\/tribunavm.com.ar\/index.php\/wp-json\/wp\/v2\/types\/post"}],"author":[{"embeddable":true,"href":"https:\/\/tribunavm.com.ar\/index.php\/wp-json\/wp\/v2\/users\/2"}],"replies":[{"embeddable":true,"href":"https:\/\/tribunavm.com.ar\/index.php\/wp-json\/wp\/v2\/comments?post=727"}],"version-history":[{"count":2,"href":"https:\/\/tribunavm.com.ar\/index.php\/wp-json\/wp\/v2\/posts\/727\/revisions"}],"predecessor-version":[{"id":751,"href":"https:\/\/tribunavm.com.ar\/index.php\/wp-json\/wp\/v2\/posts\/727\/revisions\/751"}],"wp:featuredmedia":[{"embeddable":true,"href":"https:\/\/tribunavm.com.ar\/index.php\/wp-json\/wp\/v2\/media\/728"}],"wp:attachment":[{"href":"https:\/\/tribunavm.com.ar\/index.php\/wp-json\/wp\/v2\/media?parent=727"}],"wp:term":[{"taxonomy":"category","embeddable":true,"href":"https:\/\/tribunavm.com.ar\/index.php\/wp-json\/wp\/v2\/categories?post=727"},{"taxonomy":"post_tag","embeddable":true,"href":"https:\/\/tribunavm.com.ar\/index.php\/wp-json\/wp\/v2\/tags?post=727"}],"curies":[{"name":"wp","href":"https:\/\/api.w.org\/{rel}","templated":true}]}}