{"id":730,"date":"2019-10-31T16:09:11","date_gmt":"2019-10-31T16:09:11","guid":{"rendered":"https:\/\/tribunavm.com.ar\/?p=730"},"modified":"2019-10-31T16:09:11","modified_gmt":"2019-10-31T16:09:11","slug":"nota-al-directorio-de-la-fm","status":"publish","type":"post","link":"https:\/\/tribunavm.com.ar\/index.php\/2019\/10\/31\/nota-al-directorio-de-la-fm\/","title":{"rendered":"Nota al directorio de la FM"},"content":{"rendered":"<div class=\"row clearfix\">\n<div class=\"col-md-8\">\n<div class=\"intro-text\">\n<p><span style=\"font-weight: 400;\">Trabajadores de Fabricaciones Militares viajaron a Buenos Aires pidiendo la renuncia del actual directorio de Fabricaciones Militares.<\/span><\/p>\n<\/div>\n<p><span style=\"font-weight: 400;\"><span class=\"dropcap \" style=\"background-color: #ffffff; color: #dd9933; border-color: #ffffff;\">E<\/span>n el d\u00eda de ayer, trabajadores estatales de Fabricaciones Militares, nucleados en <strong>ATE<\/strong> viajaron a la ciudad de Buenos Aires\u00a0 donde presentaron una nota dirigida a los directivos de la misma. El motivo de la presentaci\u00f3n fue pidi\u00e9ndoles que pusieran a disposici\u00f3n su renuncia luego del 10 de diciembre del 2019 \u201cante las nuevas autoridades elegidas por el pueblo argentino\u201d.<\/span><\/p>\n<p><span style=\"font-weight: 400;\">En la nota, los trabajadores fundamentaron que su postura se basa en que \u201clas decisiones tomadas en los \u00faltimos a\u00f1os han da\u00f1ado el complejo industrial\u201d, \u201cadem\u00e1s de dejar sin su fuente laboral<strong> a cientos de trabajadores<\/strong>\u201d que desempe\u00f1an su tarea en las f\u00e1bricas de producci\u00f3n para la defensa.<\/span><\/p>\n<p><span style=\"font-weight: 400;\">Ante esa situaci\u00f3n deber\u00e1n entregar toda la informaci\u00f3n necesaria a la comisi\u00f3n de traspaso que se creara entre Alberto Fern\u00e1ndez y Mauricio Macri. Al pedido se suma, \u201cque se abstengan de firmar acuerdos\u201d que comprometan el futuro de Fabricaciones Militares y futuros despidos en las diferentes seccionales. Deber\u00e1n \u201cgarantizar los insumos necesarios para la producci\u00f3n\u201d y \u201cel pago de salarios\u201d.<\/span><\/p>\n<p><span style=\"font-weight: 400;\">La nota lleva la firma de delegados sindicales de ATE de diversas seccionales, entre las que se encuentra la de <strong>Fernando \u201cOso\u201d Mercado<\/strong>, Secretario General de Villa Mar\u00eda.<\/span><\/p>\n<p><span style=\"font-weight: 400;\">En asamblea, previo a la presentaci\u00f3n del escrito, los estatales advirtieron que deber\u00e1n avanzar en un plan de acci\u00f3n de los trabajadores debido a que por m\u00e1s que se anulen normativas y haya cambios presidenciales los intereses de los capitales avanzan sobre la industria sin importar lo sucedido el domingo convirtiendo a la FM en \u201cuna l\u00ednea de ensamble m\u00e1s\u201d.<\/span><\/p>\n<p><span style=\"font-weight: 400;\">Luego de la presentaci\u00f3n ante el directorio, los trabajadores declararon a este medio que no recibieron respuesta positiva. Al mismo tiempo aclararon que dejaron sentada su posici\u00f3n y ante cualquier avance en contra del reclamo tomaran medidas de fuerza en todas las f\u00e1bricas del pa\u00eds.<\/span><\/p>\n<\/div>\n<\/div>\n","protected":false},"excerpt":{"rendered":"<p>Trabajadores de Fabricaciones Militares viajaron a Buenos Aires pidiendo la renuncia del actual directorio de Fabricaciones Militares. En el d\u00eda de ayer, trabajadores estatales de Fabricaciones Militares, nucleados en ATE viajaron a la ciudad de Buenos Aires\u00a0 donde presentaron una nota dirigida a los directivos de la misma. El motivo de la presentaci\u00f3n fue pidi\u00e9ndoles [&hellip;]<\/p>\n","protected":false},"author":2,"featured_media":731,"comment_status":"open","ping_status":"open","sticky":false,"template":"","format":"standard","meta":{"_exactmetrics_skip_tracking":false,"_exactmetrics_sitenote_active":false,"_exactmetrics_sitenote_note":"","_exactmetrics_sitenote_category":0,"jnews-multi-image_gallery":[],"jnews_single_post":{"source_name":"","source_url":"","via_name":"","via_url":"","override_template":"0","override":[{"template":"1","single_blog_custom":"","parallax":"1","fullscreen":"0","layout":"right-sidebar","sidebar":"default-sidebar","second_sidebar":"default-sidebar","sticky_sidebar":"1","share_position":"top","share_float_style":"share-monocrhome","show_share_counter":"1","show_view_counter":"1","show_featured":"1","show_post_meta":"1","show_post_author":"1","show_post_author_image":"1","show_post_date":"1","post_date_format":"default","post_date_format_custom":"Y\/m\/d","show_post_category":"1","show_post_reading_time":"0","post_reading_time_wpm":"300","show_zoom_button":"0","zoom_button_out_step":"2","zoom_button_in_step":"3","show_post_tag":"1","show_prev_next_post":"1","show_popup_post":"1","number_popup_post":"1","show_author_box":"0","show_post_related":"0","show_inline_post_related":"0"}],"override_image_size":"0","image_override":[{"single_post_thumbnail_size":"crop-500","single_post_gallery_size":"crop-500"}],"trending_post":"0","trending_post_position":"meta","trending_post_label":"Trending"},"jnews_primary_category":{"id":""},"jnews_social_meta":{"fb_title":"","fb_description":"","fb_image":"","twitter_title":"","twitter_description":"","twitter_image":""},"jnews_override_counter":{"override_view_counter":"0","view_counter_number":"0","override_share_counter":"0","share_counter_number":"0","override_like_counter":"0","like_counter_number":"0","override_dislike_counter":"0","dislike_counter_number":"0"},"_joinchat":[],"footnotes":""},"categories":[22],"tags":[63,35],"class_list":["post-730","post","type-post","status-publish","format-standard","has-post-thumbnail","hentry","category-actualidad","tag-edicion-12","tag-trabajadores"],"_links":{"self":[{"href":"https:\/\/tribunavm.com.ar\/index.php\/wp-json\/wp\/v2\/posts\/730"}],"collection":[{"href":"https:\/\/tribunavm.com.ar\/index.php\/wp-json\/wp\/v2\/posts"}],"about":[{"href":"https:\/\/tribunavm.com.ar\/index.php\/wp-json\/wp\/v2\/types\/post"}],"author":[{"embeddable":true,"href":"https:\/\/tribunavm.com.ar\/index.php\/wp-json\/wp\/v2\/users\/2"}],"replies":[{"embeddable":true,"href":"https:\/\/tribunavm.com.ar\/index.php\/wp-json\/wp\/v2\/comments?post=730"}],"version-history":[{"count":1,"href":"https:\/\/tribunavm.com.ar\/index.php\/wp-json\/wp\/v2\/posts\/730\/revisions"}],"predecessor-version":[{"id":732,"href":"https:\/\/tribunavm.com.ar\/index.php\/wp-json\/wp\/v2\/posts\/730\/revisions\/732"}],"wp:featuredmedia":[{"embeddable":true,"href":"https:\/\/tribunavm.com.ar\/index.php\/wp-json\/wp\/v2\/media\/731"}],"wp:attachment":[{"href":"https:\/\/tribunavm.com.ar\/index.php\/wp-json\/wp\/v2\/media?parent=730"}],"wp:term":[{"taxonomy":"category","embeddable":true,"href":"https:\/\/tribunavm.com.ar\/index.php\/wp-json\/wp\/v2\/categories?post=730"},{"taxonomy":"post_tag","embeddable":true,"href":"https:\/\/tribunavm.com.ar\/index.php\/wp-json\/wp\/v2\/tags?post=730"}],"curies":[{"name":"wp","href":"https:\/\/api.w.org\/{rel}","templated":true}]}}