{"id":7321,"date":"2023-02-01T19:38:12","date_gmt":"2023-02-01T19:38:12","guid":{"rendered":"https:\/\/tribunavm.com.ar\/?p=7321"},"modified":"2023-02-01T19:38:12","modified_gmt":"2023-02-01T19:38:12","slug":"movilizacion-contra-24-despidos-sin-causa-de-atanor-s-a","status":"publish","type":"post","link":"https:\/\/tribunavm.com.ar\/index.php\/2023\/02\/01\/movilizacion-contra-24-despidos-sin-causa-de-atanor-s-a\/","title":{"rendered":"Movilizaci\u00f3n contra 24 despidos sin causa de ATANOR S.A"},"content":{"rendered":"<div class=\"row clearfix\">\n<div class=\"col-md-8\">\n<p><span style=\"color: #212121; font-size: 1.5em; letter-spacing: -0.01em;\">Los trabajadores de la empresa de Rio Tercero exigen respuestas al Ministerio de Trabajo.<\/span><\/p>\n<p><span style=\"font-weight: 400;\"><span class=\"dropcap \" style=\"background-color: #ffffff; color: #dd9933; border-color: #ffffff;\">E<\/span>n la ma\u00f1ana de hoy, trabajadores de la f\u00e1brica ATANOR S.A se movilizaron hacia el Ministerio de Trabajo en la ciudad de C\u00f3rdoba para reclamar por los 24 despidos efectuados de manera injustificada hace una semana.\u00a0<\/span><\/p>\n<p><span style=\"font-weight: 400;\">La f\u00e1brica se ocupa de la producci\u00f3n de herbicidas y productos para la agricultura, controlada por la compa\u00f1\u00eda Albaugh LLC (EE.UU.), est\u00e1 ubicada en la ciudad de R\u00edo Tercero y actualmente se encuentra en negociaci\u00f3n con el Ministerio de Trabajo y Sindicato de Personal de Industrias Qu\u00edmicas y Afines (SIQYP).\u00a0<\/span><\/p>\n<p><img loading=\"lazy\" decoding=\"async\" class=\"aligncenter wp-image-7322 size-jnews-featured-750\" src=\"https:\/\/tribunavm.com.ar\/wp-content\/uploads\/2023\/02\/WhatsApp-Image-2023-02-01-at-4.31.07-PM-750x750.jpeg\" alt=\"\" width=\"750\" height=\"750\" srcset=\"https:\/\/tribunavm.com.ar\/wp-content\/uploads\/2023\/02\/WhatsApp-Image-2023-02-01-at-4.31.07-PM-750x750.jpeg 750w, https:\/\/tribunavm.com.ar\/wp-content\/uploads\/2023\/02\/WhatsApp-Image-2023-02-01-at-4.31.07-PM-300x300.jpeg 300w, https:\/\/tribunavm.com.ar\/wp-content\/uploads\/2023\/02\/WhatsApp-Image-2023-02-01-at-4.31.07-PM-1024x1024.jpeg 1024w, https:\/\/tribunavm.com.ar\/wp-content\/uploads\/2023\/02\/WhatsApp-Image-2023-02-01-at-4.31.07-PM-150x150.jpeg 150w, https:\/\/tribunavm.com.ar\/wp-content\/uploads\/2023\/02\/WhatsApp-Image-2023-02-01-at-4.31.07-PM-768x768.jpeg 768w, https:\/\/tribunavm.com.ar\/wp-content\/uploads\/2023\/02\/WhatsApp-Image-2023-02-01-at-4.31.07-PM-1536x1536.jpeg 1536w, https:\/\/tribunavm.com.ar\/wp-content\/uploads\/2023\/02\/WhatsApp-Image-2023-02-01-at-4.31.07-PM-75x75.jpeg 75w, https:\/\/tribunavm.com.ar\/wp-content\/uploads\/2023\/02\/WhatsApp-Image-2023-02-01-at-4.31.07-PM-1140x1140.jpeg 1140w, https:\/\/tribunavm.com.ar\/wp-content\/uploads\/2023\/02\/WhatsApp-Image-2023-02-01-at-4.31.07-PM.jpeg 1600w\" sizes=\"(max-width: 750px) 100vw, 750px\" \/><\/p>\n<p><span style=\"font-weight: 400;\">Desde Tribuna dialogamos con Ricardo Costa (quien hac\u00eda 20 a\u00f1os que trabajaba en la empresa) y Cristian Wolf, ambos se encuentran en la lista de despedidos, dijeron que <\/span><i><span style=\"font-weight: 400;\">\u201cfue algo que nos tom\u00f3 de sorpresa, esa ma\u00f1ana que llegamos a la f\u00e1brica nos encontramos con un papel pegado en la puerta, con la notificaci\u00f3n que conten\u00eda el nombre de los despedidos\u201d<\/span><\/i><span style=\"font-weight: 400;\">.\u00a0<\/span><\/p>\n<p><span style=\"font-weight: 400;\">Por otra parte confirmaron que el accionar de la empresa fue <\/span><i><span style=\"font-weight: 400;\">\u201cenviar un acta a trav\u00e9s de una escribana notificando que quedamos desafectados de la misma por vencimiento de contrato laboral para &#8220;asegurar la producci\u00f3n&#8221;.<\/span><\/i><\/p>\n<p><span style=\"font-weight: 400;\">A su vez, <\/span><b>C\u00e9sar \u00c1vila, secretario de prensa del gremio SIQYP<\/b><span style=\"font-weight: 400;\">, explic\u00f3 a este medio que: <\/span><i><span style=\"font-weight: 400;\">\u201cel objetivo es la reincorporaci\u00f3n de todos los compa\u00f1eros y no nos vamos a ir con las manos vac\u00edas, vamos a hacer todo lo que tengamos que hacer hasta alcanzar nuestro objetivo, por m\u00e0s que salga nuevamente la conciliaci\u00f2n obligatoria nos vamos a rearmar con un nuevo plan de lucha\u201d<\/span><\/i><span style=\"font-weight: 400;\">.\u00a0<\/span><\/p>\n<figure id=\"attachment_7323\" aria-describedby=\"caption-attachment-7323\" style=\"width: 750px\" class=\"wp-caption aligncenter\"><img loading=\"lazy\" decoding=\"async\" class=\"wp-image-7323 size-jnews-featured-750\" src=\"https:\/\/tribunavm.com.ar\/wp-content\/uploads\/2023\/02\/WhatsApp-Image-2023-02-01-at-4.31.10-PM-750x999.jpeg\" alt=\"C\u00e9sar \u00c1vila, secretario de prensa de SIQYP.\" width=\"750\" height=\"999\" srcset=\"https:\/\/tribunavm.com.ar\/wp-content\/uploads\/2023\/02\/WhatsApp-Image-2023-02-01-at-4.31.10-PM-750x999.jpeg 750w, https:\/\/tribunavm.com.ar\/wp-content\/uploads\/2023\/02\/WhatsApp-Image-2023-02-01-at-4.31.10-PM-225x300.jpeg 225w, https:\/\/tribunavm.com.ar\/wp-content\/uploads\/2023\/02\/WhatsApp-Image-2023-02-01-at-4.31.10-PM-768x1023.jpeg 768w, https:\/\/tribunavm.com.ar\/wp-content\/uploads\/2023\/02\/WhatsApp-Image-2023-02-01-at-4.31.10-PM-1153x1536.jpeg 1153w, https:\/\/tribunavm.com.ar\/wp-content\/uploads\/2023\/02\/WhatsApp-Image-2023-02-01-at-4.31.10-PM-1140x1519.jpeg 1140w, https:\/\/tribunavm.com.ar\/wp-content\/uploads\/2023\/02\/WhatsApp-Image-2023-02-01-at-4.31.10-PM.jpeg 1200w\" sizes=\"(max-width: 750px) 100vw, 750px\" \/><figcaption id=\"caption-attachment-7323\" class=\"wp-caption-text\">C\u00e9sar \u00c1vila, secretario de prensa de SIQYP.<\/figcaption><\/figure>\n<p><span style=\"font-weight: 400;\">Los trabajadores remarcaron las ganancias extraordinarias que la empresa hab\u00eda obtenido en el a\u00f1o 2021, en el que tuvieron un super\u00e1vit de m\u00e1s de 500 millones de d\u00f3lares y calificaron la medida como una represalia hacia los trabajadores.\u00a0<\/span><\/p>\n<p><b>El apoyo a los trabajadores<\/b><\/p>\n<p><span style=\"font-weight: 400;\">En el encuentro estuvieron presentes centrales obreras, cooperativas de trabajo, sindicatos y otras organizaciones sociales y partidos pol\u00edticos.\u00a0<\/span><\/p>\n<p><span style=\"font-weight: 400;\">Desde la CTA Aut\u00f3noma expresaron su <\/span><span style=\"font-weight: 400;\">&#8220;apoyo a los compa\u00f1eros petroqu\u00edmicos por los 24 despidos de Atanor&#8221;. El <\/span><b>secretario general de la junta CTAA C\u00f3rdoba Capital Jorge Chalup <\/b><span style=\"font-weight: 400;\">coment\u00f3 a este medio que &#8220;la unidad se construye en la calle, y as\u00ed como los petroqu\u00edmicos se solidarizaron con las compa\u00f1eras auxiliares del Paicor, nosotros estamos hoy correspondiendo con nuestra solidaridad. No es casual que estemos ac\u00e1 y esperamos revertir los despidos que realiz\u00f3 la patronal\u201d.<\/span><\/p>\n<p><b>Florencia Lluspia, del Centro de Profesionales por los Derechos Humanos de la Facultad de Derecho (UNC) e integrante de la juventud del PTS, <\/b><span style=\"font-weight: 400;\">coment\u00f3 que &#8220;siempre luchamos por la unidad del movimiento obrero y estudiantil, creemos que en los \u00faltimos dos a\u00f1os vimos que la crisis econ\u00f3mica y social se profundiz\u00f3 y nos afect\u00f3 a todos, por eso el rol de los estudiantes y los trabajadores en C\u00f3rdoba y en la Argentina siempre ha sido muy importante porque desde ah\u00ed se gestaron las luchas del Cordobazo y las movilizaciones del 2018&#8221;.\u00a0<\/span><\/p>\n<p><span style=\"font-weight: 400;\">Por otra parte, <\/span><b>Miguel Diaz, delegado del Sindicato \u00danico de Trabajadores del Neum\u00e1tico Argentino (SUTNA) de la provincia de C\u00f3rdoba<\/b><span style=\"font-weight: 400;\">, afirm\u00f3 que &#8220;la situaci\u00f3n de los trabajadores es compleja porque el plan general es el avance sobre las condiciones de trabajo basadas en la flexibilizaci\u00f2n y atraso en las principales conquistas.\u00a0<\/span><\/p>\n<p><span style=\"font-weight: 400;\">A su vez remarc\u00f3 que, esta situaci\u00f2n es algo que \u201cpasa en toda la industria, no solo en el sindicato de neum\u00e1tico, tambi\u00e9n lo vemos en salud, educaci\u00f2n entonces pensamos que es muy importante tomar medidas que nos encuentre en las calles y que sean decisiones pol\u00edticas que sean conjuntas para demostrarle a los gobiernos y patronales que los trabajadores nos vamos a defender&#8221;\u00a0\u00a0<\/span><\/p>\n<p><span style=\"font-weight: 400;\">La Federaci\u00f3n de Cooperativas de Trabajo (Fecootra) seccional C\u00f3rdoba acompa\u00f1\u00f3 el reclamo y difundi\u00f3 un comunicado: <\/span><i><span style=\"font-weight: 400;\">\u201cDesde la seccional FECOOTRA C\u00f3rdoba queremos expresar nuestra solidaridad a los compa\u00f1eros despedidos de la empresa ATANOR S.A. en la ciudad de R\u00edo Tercero y apoyamos las medidas impulsadas por el Sindicato del Personal de Industrias Qu\u00edmicas y Petroqu\u00edmicas de R\u00edo Tercero (SPIQyP) para la reincorporaci\u00f3n de cada uno de los trabajadores.<\/span><\/i><\/p>\n<p><i><span style=\"font-weight: 400;\">Repudiamos el accionar de esta empresa, productora de herbicidas y productos para la agricultura, controlada por la compa\u00f1\u00eda Albaugh LLC (EE.UU.), que juega en el mercado global y que en el \u00faltimo a\u00f1o ha obtenido ganancias extraordinarias que han permitido la compra de otras empresas y el crecimiento de filiales, a costa de sus trabajadores y familias, en un contexto de crisis econ\u00f3mica donde a los y las laburantes cada vez se nos hace m\u00e1s dif\u00edcil acceder a recursos b\u00e1sicos como el alimento, vivienda, salud o educaci\u00f3n.\u00a0<\/span><\/i><\/p>\n<p><i><span style=\"font-weight: 400;\">Esta situaci\u00f3n nos atraviesa a cada uno de los y las trabajadoras y es un ejemplo m\u00e1s de las condiciones a la que nos someten los sectores que m\u00e1s concentran la riqueza que producimos\u201d.<\/span><\/i><\/p>\n<p><i><span style=\"font-weight: 400;\">Porque no los podemos dejar avanzar m\u00e1s y porque necesitamos seguir construyendo nuestra unidad y fuerza como trabajadores y trabajadoras apoyamos la lucha de los compa\u00f1eros de ATANOR y decimos \u00a1No m\u00e1s flexibilizaci\u00f3n laboral! \u00a1No m\u00e1s despidos!\u201d<\/span><\/i><\/p>\n<\/div>\n<\/div>\n","protected":false},"excerpt":{"rendered":"<p>Los trabajadores de la empresa de Rio Tercero exigen respuestas al Ministerio de Trabajo. En la ma\u00f1ana de hoy, trabajadores de la f\u00e1brica ATANOR S.A se movilizaron hacia el Ministerio de Trabajo en la ciudad de C\u00f3rdoba para reclamar por los 24 despidos efectuados de manera injustificada hace una semana.\u00a0 La f\u00e1brica se ocupa de [&hellip;]<\/p>\n","protected":false},"author":2,"featured_media":7324,"comment_status":"open","ping_status":"open","sticky":false,"template":"","format":"standard","meta":{"_exactmetrics_skip_tracking":false,"_exactmetrics_sitenote_active":false,"_exactmetrics_sitenote_note":"","_exactmetrics_sitenote_category":0,"jnews-multi-image_gallery":[],"jnews_single_post":{"source_name":"","source_url":"","via_name":"","via_url":"","override_template":"0","override":[{"template":"1","single_blog_custom":"","parallax":"1","fullscreen":"1","layout":"right-sidebar","sidebar":"default-sidebar","second_sidebar":"default-sidebar","sticky_sidebar":"1","share_position":"top","share_float_style":"share-monocrhome","show_share_counter":"1","show_view_counter":"1","show_featured":"1","show_post_meta":"1","show_post_author":"1","show_post_author_image":"1","show_post_date":"1","post_date_format":"default","post_date_format_custom":"Y\/m\/d","show_post_category":"1","show_post_reading_time":"0","post_reading_time_wpm":"300","show_zoom_button":"0","zoom_button_out_step":"2","zoom_button_in_step":"3","show_post_tag":"1","show_prev_next_post":"1","show_popup_post":"1","number_popup_post":"1","show_author_box":"0","show_post_related":"0","show_inline_post_related":"0"}],"override_image_size":"0","image_override":[{"single_post_thumbnail_size":"crop-500","single_post_gallery_size":"crop-500"}],"trending_post":"0","trending_post_position":"meta","trending_post_label":"Trending","sponsored_post":"0","sponsored_post_label":"Sponsored by","sponsored_post_name":"","sponsored_post_url":"","sponsored_post_logo_enable":"0","sponsored_post_logo":"","sponsored_post_desc":""},"jnews_primary_category":{"id":""},"jnews_social_meta":{"fb_title":"","fb_description":"","fb_image":"","twitter_title":"","twitter_description":"","twitter_image":""},"jnews_override_counter":{"override_view_counter":"0","view_counter_number":"0","override_share_counter":"0","share_counter_number":"0","override_like_counter":"0","like_counter_number":"0","override_dislike_counter":"0","dislike_counter_number":"0"},"_joinchat":[],"footnotes":""},"categories":[22],"tags":[35],"class_list":["post-7321","post","type-post","status-publish","format-standard","has-post-thumbnail","hentry","category-actualidad","tag-trabajadores"],"_links":{"self":[{"href":"https:\/\/tribunavm.com.ar\/index.php\/wp-json\/wp\/v2\/posts\/7321"}],"collection":[{"href":"https:\/\/tribunavm.com.ar\/index.php\/wp-json\/wp\/v2\/posts"}],"about":[{"href":"https:\/\/tribunavm.com.ar\/index.php\/wp-json\/wp\/v2\/types\/post"}],"author":[{"embeddable":true,"href":"https:\/\/tribunavm.com.ar\/index.php\/wp-json\/wp\/v2\/users\/2"}],"replies":[{"embeddable":true,"href":"https:\/\/tribunavm.com.ar\/index.php\/wp-json\/wp\/v2\/comments?post=7321"}],"version-history":[{"count":1,"href":"https:\/\/tribunavm.com.ar\/index.php\/wp-json\/wp\/v2\/posts\/7321\/revisions"}],"predecessor-version":[{"id":7325,"href":"https:\/\/tribunavm.com.ar\/index.php\/wp-json\/wp\/v2\/posts\/7321\/revisions\/7325"}],"wp:featuredmedia":[{"embeddable":true,"href":"https:\/\/tribunavm.com.ar\/index.php\/wp-json\/wp\/v2\/media\/7324"}],"wp:attachment":[{"href":"https:\/\/tribunavm.com.ar\/index.php\/wp-json\/wp\/v2\/media?parent=7321"}],"wp:term":[{"taxonomy":"category","embeddable":true,"href":"https:\/\/tribunavm.com.ar\/index.php\/wp-json\/wp\/v2\/categories?post=7321"},{"taxonomy":"post_tag","embeddable":true,"href":"https:\/\/tribunavm.com.ar\/index.php\/wp-json\/wp\/v2\/tags?post=7321"}],"curies":[{"name":"wp","href":"https:\/\/api.w.org\/{rel}","templated":true}]}}