{"id":733,"date":"2019-10-31T16:14:20","date_gmt":"2019-10-31T16:14:20","guid":{"rendered":"https:\/\/tribunavm.com.ar\/?p=733"},"modified":"2019-10-31T17:35:47","modified_gmt":"2019-10-31T17:35:47","slug":"docente-que-lucha-ensena","status":"publish","type":"post","link":"https:\/\/tribunavm.com.ar\/index.php\/2019\/10\/31\/docente-que-lucha-ensena\/","title":{"rendered":"Docente que lucha, ense\u00f1a"},"content":{"rendered":"<div class=\"row clearfix\">\n<div class=\"col-md-8\">\n<p><span style=\"color: #212121; font-size: 1.5em; letter-spacing: -0.01em;\">\u201cLa educaci\u00f3n es un eje vertebrador socialmente y es un derecho que ayuda a garantizar derechos,\u00a0 independientemente de la situaci\u00f3n econ\u00f3mica de cada ni\u00f1o\u201d.<\/span><\/p>\n<p><span style=\"font-weight: 400;\"><span class=\"dropcap \" style=\"background-color: #ffffff; color: #dd9933; border-color: #ffffff;\">E<\/span>n esta edici\u00f3n conversamos con Carlos Andrada, representante de los docentes de la educaci\u00f3n p\u00fablica en Villa Mar\u00eda, que nos recibi\u00f3 en la sede de la UEPC donde nos coment\u00f3 sobre los desaf\u00edos de los trabajadores para pensar a la educaci\u00f3n como nodo central de la Argentina.<\/span><\/p>\n<p><span style=\"color: #ff6600;\"><b>\u00bfCual es la situaci\u00f3n actual de la educaci\u00f3n y cu\u00e1les son las expectativas del gremio para el futuro?<\/b><\/span><\/p>\n<p><span style=\"font-weight: 400;\">Lo m\u00e1s urgente es refederalizar el sistema, que es lo que m\u00e1s ha sufrido el desguase de la transferencia de los programas nacionales a las provincias, sin los recursos necesarios para sostenerlo. El Ministerio de Educaci\u00f3n de la Naci\u00f3n debe ser el responsable de garantizar ese derecho en cada provincia, independientemente de su impronta y las caracter\u00edsticas regionales.<\/span><\/p>\n<p><span style=\"font-weight: 400;\">Por otro lado, tiene que recuperarse la paritaria nacional docente que derogaron por decreto. La paritaria nacional docente garantiza un piso que evita una brecha en que un docente de Santiago del Estero puede ganar un 30% de lo que gana un docente en una provincia del sur.<\/span><\/p>\n<p><span style=\"font-weight: 400;\">Poner plata en el bolsillo de los trabajadores es de alguna manera, ayudar a la escuela p\u00fablica a garantizar un derecho, porque un docente en buenas condiciones salariales habla bien de lo que se espera de la escuela p\u00fablica.<\/span><\/p>\n<p><span style=\"font-weight: 400;\">Nosotros como UEPC estamos en una provincia econ\u00f3micamente fuerte, y aun as\u00ed, hemos tenido reducci\u00f3n salarial en los \u00faltimos 3 a\u00f1os, perdimos poder adquisitivo, y esto le ha pasado en la misma escala o peor a los docentes en otras provincias.<\/span><\/p>\n<p><span style=\"color: #ff6600;\"><b>\u00bfCuales son las principales demandas que van a exigir al pr\u00f3ximo gobierno nacional?<\/b><\/span><\/p>\n<p><span style=\"font-weight: 400;\">Nosotros a futuro inmediato queremos en febrero estar sentados discutiendo una paritaria nacional docente: hoy un incentivo docente es un cuarto de lo que era hace dos a\u00f1os y es pr\u00e1cticamente un 10% de lo que era hace 4 a\u00f1os. A partir de ah\u00ed, rediscutir todo, lo que ten\u00edamos y lo que se construy\u00f3 en los \u00faltimos 12 a\u00f1os y que de un plumazo, pr\u00e1cticamente, se borr\u00f3.<\/span><\/p>\n<p><span style=\"font-weight: 400;\">Aca habia programas nacionales, uno de los m\u00e1s importantes fue el Conectar Igualdad, donde se garantizaba a los chicos una computadora, y que hoy cada chico tenga una notebook es lo que a nosotros quiz\u00e1s fue en su tiempo un cuaderno. No se puede formar a un ni\u00f1o dentro de una escuela sin el acceso a ese tipo de tecnolog\u00edas, desde eso, todo.<\/span><\/p>\n<p><span style=\"color: #ff6600;\"><b>\u00bfC\u00f3mo se est\u00e1 abordando la situaci\u00f3n de Chubut?<\/b><\/span><\/p>\n<p><span style=\"font-weight: 400;\">En CTERA se ha discutido esto, ha habido un acompa\u00f1amiento que evidentemente es insuficiente porque pr\u00e1cticamente esos chicos han perdido el a\u00f1o, como pas\u00f3 en los \u201890, a\u00f1os donde muchos chicos pasaron por decreto.<\/span><\/p>\n<p><span style=\"font-weight: 400;\">Ac\u00e1 estamos hablando de una situaci\u00f3n en la que ya llegamos tarde, estamos ante un da\u00f1o irreparable, esto es un ejemplo del modelo neoliberal donde rige el s\u00e1lvese quien pueda y donde los derechos no tienen garant\u00eda del Estado. Es muy lamentable lo que est\u00e1 pasando y lo que va a pasar en Chubut con todos los chicos de esa provincia.<\/span><\/p>\n<p><span style=\"font-weight: 400;\">Tenemos el concepto que la educaci\u00f3n es un eje vertebrador socialmente y es un derecho que ayuda a garantizar derechos, independientemente de la situaci\u00f3n econ\u00f3mica de cada ni\u00f1o, debe tener una educaci\u00f3n integral b\u00e1sica que le sirva como herramienta para ser una persona libre, pensante, aut\u00f3noma, dentro de un sistema democr\u00e1tico.<\/span><\/p>\n<\/div>\n<\/div>\n","protected":false},"excerpt":{"rendered":"<p>\u201cLa educaci\u00f3n es un eje vertebrador socialmente y es un derecho que ayuda a garantizar derechos,\u00a0 independientemente de la situaci\u00f3n econ\u00f3mica de cada ni\u00f1o\u201d. En esta edici\u00f3n conversamos con Carlos Andrada, representante de los docentes de la educaci\u00f3n p\u00fablica en Villa Mar\u00eda, que nos recibi\u00f3 en la sede de la UEPC donde nos coment\u00f3 sobre [&hellip;]<\/p>\n","protected":false},"author":2,"featured_media":734,"comment_status":"open","ping_status":"open","sticky":false,"template":"","format":"standard","meta":{"_exactmetrics_skip_tracking":false,"_exactmetrics_sitenote_active":false,"_exactmetrics_sitenote_note":"","_exactmetrics_sitenote_category":0,"jnews-multi-image_gallery":[],"jnews_single_post":{"source_name":"","source_url":"","via_name":"","via_url":"","override_template":"0","override":[{"template":"1","single_blog_custom":"","parallax":"1","fullscreen":"0","layout":"right-sidebar","sidebar":"default-sidebar","second_sidebar":"default-sidebar","sticky_sidebar":"1","share_position":"top","share_float_style":"share-monocrhome","show_share_counter":"1","show_view_counter":"1","show_featured":"1","show_post_meta":"1","show_post_author":"1","show_post_author_image":"1","show_post_date":"1","post_date_format":"default","post_date_format_custom":"Y\/m\/d","show_post_category":"1","show_post_reading_time":"0","post_reading_time_wpm":"300","show_zoom_button":"0","zoom_button_out_step":"2","zoom_button_in_step":"3","show_post_tag":"1","show_prev_next_post":"1","show_popup_post":"1","number_popup_post":"1","show_author_box":"0","show_post_related":"0","show_inline_post_related":"0"}],"override_image_size":"0","image_override":[{"single_post_thumbnail_size":"crop-500","single_post_gallery_size":"crop-500"}],"trending_post":"0","trending_post_position":"meta","trending_post_label":"Trending"},"jnews_primary_category":{"id":""},"jnews_social_meta":{"fb_title":"","fb_description":"","fb_image":"","twitter_title":"","twitter_description":"","twitter_image":""},"jnews_override_counter":{"override_view_counter":"0","view_counter_number":"0","override_share_counter":"0","share_counter_number":"0","override_like_counter":"0","like_counter_number":"0","override_dislike_counter":"0","dislike_counter_number":"0"},"_joinchat":[],"footnotes":""},"categories":[24],"tags":[63,50,35],"class_list":["post-733","post","type-post","status-publish","format-standard","has-post-thumbnail","hentry","category-opinion","tag-edicion-12","tag-educacion","tag-trabajadores"],"_links":{"self":[{"href":"https:\/\/tribunavm.com.ar\/index.php\/wp-json\/wp\/v2\/posts\/733"}],"collection":[{"href":"https:\/\/tribunavm.com.ar\/index.php\/wp-json\/wp\/v2\/posts"}],"about":[{"href":"https:\/\/tribunavm.com.ar\/index.php\/wp-json\/wp\/v2\/types\/post"}],"author":[{"embeddable":true,"href":"https:\/\/tribunavm.com.ar\/index.php\/wp-json\/wp\/v2\/users\/2"}],"replies":[{"embeddable":true,"href":"https:\/\/tribunavm.com.ar\/index.php\/wp-json\/wp\/v2\/comments?post=733"}],"version-history":[{"count":2,"href":"https:\/\/tribunavm.com.ar\/index.php\/wp-json\/wp\/v2\/posts\/733\/revisions"}],"predecessor-version":[{"id":754,"href":"https:\/\/tribunavm.com.ar\/index.php\/wp-json\/wp\/v2\/posts\/733\/revisions\/754"}],"wp:featuredmedia":[{"embeddable":true,"href":"https:\/\/tribunavm.com.ar\/index.php\/wp-json\/wp\/v2\/media\/734"}],"wp:attachment":[{"href":"https:\/\/tribunavm.com.ar\/index.php\/wp-json\/wp\/v2\/media?parent=733"}],"wp:term":[{"taxonomy":"category","embeddable":true,"href":"https:\/\/tribunavm.com.ar\/index.php\/wp-json\/wp\/v2\/categories?post=733"},{"taxonomy":"post_tag","embeddable":true,"href":"https:\/\/tribunavm.com.ar\/index.php\/wp-json\/wp\/v2\/tags?post=733"}],"curies":[{"name":"wp","href":"https:\/\/api.w.org\/{rel}","templated":true}]}}