{"id":7580,"date":"2023-03-05T22:57:50","date_gmt":"2023-03-05T22:57:50","guid":{"rendered":"https:\/\/tribunavm.com.ar\/?p=7580"},"modified":"2023-03-06T01:25:02","modified_gmt":"2023-03-06T01:25:02","slug":"paro-y-movilizaciones-docente-en-todo-el-pais","status":"publish","type":"post","link":"https:\/\/tribunavm.com.ar\/index.php\/2023\/03\/05\/paro-y-movilizaciones-docente-en-todo-el-pais\/","title":{"rendered":"Movilizacion docente en todo el pa\u00eds"},"content":{"rendered":"<div class=\"row clearfix\">\n<div class=\"col-md-8\">\n<div class=\"intro-text\">\n<p><span style=\"font-weight: 400;\">En el marco de las negociaciones paritarias 2023, docentes de todo el pa\u00eds realizaron movilizaciones y paros en el primer d\u00eda de clases.\u00a0<\/span><\/p>\n<\/div>\n<p><span style=\"font-weight: 400;\"><span class=\"dropcap \" style=\"background-color: #ffffff; color: #dd9933; border-color: #ffffff;\">E<\/span>l primero de marzo estaba previsto el comienzo del ciclo lectivo, pero en m\u00e1s de una docena de provincias las clases no comenzaron debido a que los trabajadores de la educaci\u00f3n decidieron realizar paros y movilizaciones exigiendo mejores condiciones laborales y elevar el piso del salario inicial docente a una canasta b\u00e1sica.<\/span><\/p>\n<p><span style=\"color: #ff9900;\"><b>San Juan\u00a0<\/b><\/span><\/p>\n<p><span style=\"font-weight: 400;\">Los trabajadores hicieron paro con movilizaci\u00f3n, en rechazo del aumento del 71,1% otorgado por el Gobierno provincial. Las movilizaciones se dieron en la capital y en varios departamentos de la provincia como el caso de J\u00e1chal, Calingasta y Valle F\u00e9rtil.\u00a0<\/span><\/p>\n<p><span style=\"color: #ff9900;\"><b>Santa Fe<\/b><\/span><\/p>\n<p><span style=\"font-weight: 400;\">Los docentes nucleados en los gremios de Sadop y Amsafe marcharon frente al Ministerio de Educaci\u00f3n y afirmaron que se encuentran \u201cmuy lejos de lo que necesitamos para llegar a fin de mes&#8221;. De esta forma, rechazaron la primera oferta presentada por el Gobierno provincial de un aumento salarial del 33,5 % hasta julio.\u00a0<\/span><\/p>\n<p><span style=\"font-weight: 400;\">Cabe remarcar que Amsafe, UDA y Sadop, ratificaron la continuidad de un paro activo a realizarse esta semana los d\u00edas 7 y 8 de marzo.\u00a0<\/span><\/p>\n<p><img loading=\"lazy\" decoding=\"async\" class=\"aligncenter wp-image-7581 size-large\" src=\"https:\/\/tribunavm.com.ar\/wp-content\/uploads\/2023\/03\/WhatsApp-Image-2023-03-04-at-11.25.42-1024x576.jpeg\" alt=\"\" width=\"1024\" height=\"576\" srcset=\"https:\/\/tribunavm.com.ar\/wp-content\/uploads\/2023\/03\/WhatsApp-Image-2023-03-04-at-11.25.42-1024x576.jpeg 1024w, https:\/\/tribunavm.com.ar\/wp-content\/uploads\/2023\/03\/WhatsApp-Image-2023-03-04-at-11.25.42-300x169.jpeg 300w, https:\/\/tribunavm.com.ar\/wp-content\/uploads\/2023\/03\/WhatsApp-Image-2023-03-04-at-11.25.42-768x432.jpeg 768w, https:\/\/tribunavm.com.ar\/wp-content\/uploads\/2023\/03\/WhatsApp-Image-2023-03-04-at-11.25.42-1536x864.jpeg 1536w, https:\/\/tribunavm.com.ar\/wp-content\/uploads\/2023\/03\/WhatsApp-Image-2023-03-04-at-11.25.42-750x422.jpeg 750w, https:\/\/tribunavm.com.ar\/wp-content\/uploads\/2023\/03\/WhatsApp-Image-2023-03-04-at-11.25.42-1140x641.jpeg 1140w, https:\/\/tribunavm.com.ar\/wp-content\/uploads\/2023\/03\/WhatsApp-Image-2023-03-04-at-11.25.42.jpeg 1600w\" sizes=\"(max-width: 1024px) 100vw, 1024px\" \/><\/p>\n<p>Rodrigo Alonso, secretario general de Amsafe,<span style=\"font-weight: 400;\"> dijo que&#8221;el gobierno tiene que presentar una nueva propuesta paritaria que debe implicar mejores condiciones para ense\u00f1ar y aprender, y una recomposici\u00f3n salarial que haga que el salario de los docentes le gane a la inflaci\u00f3n&#8221;.<\/span><\/p>\n<p><span style=\"color: #ff9900;\"><b>Formosa<\/b><\/span><\/p>\n<p><span style=\"font-weight: 400;\">Aqu\u00ed los docentes decidieron realizar un paro activo por 24 horas y se movilizaron frente a la casa de gobierno.<\/span> <span style=\"font-weight: 400;\">\u201cLa plata no alcanza, llegamos al 27 de febrero con el mismo salario que cobramos en diciembre, hay un gran malestar\u201d, dijo <\/span><span style=\"font-weight: 400;\">Mirka Fernandez, representante de los docentes autoconvocados<\/span><b>. <\/b><span style=\"font-weight: 400;\">\u201cPedimos equiparar nuestros sueldos a la canasta b\u00e1sica de 163.000 pesos para vivir dignamente\u201d, <\/span><span style=\"font-weight: 400;\">finaliz\u00f3<\/span><span style=\"font-weight: 400;\">.\u00a0<\/span><\/p>\n<p><span style=\"color: #ff9900;\"><b>C\u00f3rdoba\u00a0<\/b><\/span><\/p>\n<p><span style=\"font-weight: 400;\">La movilizaci\u00f3n convocada por el gremio docente UEPC y Sadop (docentes privados) arranc\u00f3 durante el mediod\u00eda, con un recorrido que concluy\u00f3 frente a la Casa de Gobierno provincial. Reclamaron por la recomposici\u00f3n salarial, modificaci\u00f3n de la ley 10.694 para mejorar las jubilaciones, entre otros puntos que coinciden con las demandas en las otras provincias.\u00a0<\/span><\/p>\n<p><span style=\"color: #ff9900;\"><a style=\"color: #ff9900;\" href=\"https:\/\/tribunavm.com.ar\/index.php\/2023\/02\/28\/paro-y-movilizacion-de-docentes-de-cordoba\/\"><span style=\"font-weight: 400;\">Ver: Paro y movilizaci\u00f3n de docentes de C\u00f3rdoba<\/span><\/a><\/span><\/p>\n<p><span style=\"color: #ff9900;\"><b>Jujuy<\/b><\/span><\/p>\n<p><span style=\"font-weight: 400;\">La Asociaci\u00f3n de Educadores Provinciales (Adep) se sum\u00f3 al rechazo junto al gremio de CEDEMS (nivel secundario), y decidieron no dar inicio a las clases, acompa\u00f1ando el 1 de marzo con una movilizaci\u00f3n.\u00a0\u00a0<\/span><\/p>\n<p><span style=\"color: #ff9900;\"><b>Rio Negro<\/b><\/span><\/p>\n<p><span style=\"font-weight: 400;\">El gremio UnTER fue al paro por 72 horas y defini\u00f3 continuar con la medida de fuerza este lunes 6 de marzo. El aumento propuesto por la provincia fue de 5% por mes, durante este a\u00f1o, pero rechazaron la propuesta. Por su parte, UPCN afirm\u00f3 que no es posible negociar si la propuesta no arranca con un m\u00ednimo de 6% y que sean revisiones trimestrales.<\/span><\/p>\n<p><span style=\"color: #ff9900;\"><b>Un problema de la comunidad educativa<\/b><\/span><\/p>\n<p><span style=\"font-weight: 400;\">Los educadores remarcaron que los bajos salarios no son el \u00fanico problema al que se enfrentan y pusieron entre sus reclamos el estado deplorable que tienen los edificios escolares, dicha situaci\u00f3n se junta a la falta de acceso a bienes b\u00e1sicos como agua y gas.\u00a0<\/span><\/p>\n<p><span style=\"font-weight: 400;\">Adem\u00e1s, denuncian que la crisis econ\u00f3mica y la inflaci\u00f3n que atraviesa el pa\u00eds, cuesti\u00f3n que no solo afecta a los docentes sino a la comunidad en general.<\/span><\/p>\n<\/div>\n<\/div>\n","protected":false},"excerpt":{"rendered":"<p>En el marco de las negociaciones paritarias 2023, docentes de todo el pa\u00eds realizaron movilizaciones y paros en el primer d\u00eda de clases.\u00a0 El primero de marzo estaba previsto el comienzo del ciclo lectivo, pero en m\u00e1s de una docena de provincias las clases no comenzaron debido a que los trabajadores de la educaci\u00f3n decidieron [&hellip;]<\/p>\n","protected":false},"author":2,"featured_media":7582,"comment_status":"open","ping_status":"open","sticky":false,"template":"","format":"standard","meta":{"_exactmetrics_skip_tracking":false,"_exactmetrics_sitenote_active":false,"_exactmetrics_sitenote_note":"","_exactmetrics_sitenote_category":0,"jnews-multi-image_gallery":[],"jnews_single_post":{"source_name":"","source_url":"","via_name":"","via_url":"","override_template":"0","override":[{"template":"1","single_blog_custom":"","parallax":"1","fullscreen":"1","layout":"right-sidebar","sidebar":"default-sidebar","second_sidebar":"default-sidebar","sticky_sidebar":"1","share_position":"top","share_float_style":"share-monocrhome","show_share_counter":"1","show_view_counter":"1","show_featured":"1","show_post_meta":"1","show_post_author":"1","show_post_author_image":"1","show_post_date":"1","post_date_format":"default","post_date_format_custom":"Y\/m\/d","show_post_category":"1","show_post_reading_time":"0","post_reading_time_wpm":"300","show_zoom_button":"0","zoom_button_out_step":"2","zoom_button_in_step":"3","show_post_tag":"1","show_prev_next_post":"1","show_popup_post":"1","number_popup_post":"1","show_author_box":"0","show_post_related":"0","show_inline_post_related":"0"}],"override_image_size":"0","image_override":[{"single_post_thumbnail_size":"crop-500","single_post_gallery_size":"crop-500"}],"trending_post":"0","trending_post_position":"meta","trending_post_label":"Trending","sponsored_post":"0","sponsored_post_label":"Sponsored by","sponsored_post_name":"","sponsored_post_url":"","sponsored_post_logo_enable":"0","sponsored_post_logo":"","sponsored_post_desc":""},"jnews_primary_category":{"id":"22"},"jnews_social_meta":{"fb_title":"","fb_description":"","fb_image":"","twitter_title":"","twitter_description":"","twitter_image":""},"jnews_override_counter":{"override_view_counter":"0","view_counter_number":"0","override_share_counter":"0","share_counter_number":"0","override_like_counter":"0","like_counter_number":"0","override_dislike_counter":"0","dislike_counter_number":"0"},"_joinchat":[],"footnotes":""},"categories":[22],"tags":[181,280,85,192,146,35],"class_list":["post-7580","post","type-post","status-publish","format-standard","has-post-thumbnail","hentry","category-actualidad","tag-docentes","tag-edicion-105","tag-movilizaciones","tag-movimiento","tag-salario","tag-trabajadores"],"_links":{"self":[{"href":"https:\/\/tribunavm.com.ar\/index.php\/wp-json\/wp\/v2\/posts\/7580"}],"collection":[{"href":"https:\/\/tribunavm.com.ar\/index.php\/wp-json\/wp\/v2\/posts"}],"about":[{"href":"https:\/\/tribunavm.com.ar\/index.php\/wp-json\/wp\/v2\/types\/post"}],"author":[{"embeddable":true,"href":"https:\/\/tribunavm.com.ar\/index.php\/wp-json\/wp\/v2\/users\/2"}],"replies":[{"embeddable":true,"href":"https:\/\/tribunavm.com.ar\/index.php\/wp-json\/wp\/v2\/comments?post=7580"}],"version-history":[{"count":3,"href":"https:\/\/tribunavm.com.ar\/index.php\/wp-json\/wp\/v2\/posts\/7580\/revisions"}],"predecessor-version":[{"id":7624,"href":"https:\/\/tribunavm.com.ar\/index.php\/wp-json\/wp\/v2\/posts\/7580\/revisions\/7624"}],"wp:featuredmedia":[{"embeddable":true,"href":"https:\/\/tribunavm.com.ar\/index.php\/wp-json\/wp\/v2\/media\/7582"}],"wp:attachment":[{"href":"https:\/\/tribunavm.com.ar\/index.php\/wp-json\/wp\/v2\/media?parent=7580"}],"wp:term":[{"taxonomy":"category","embeddable":true,"href":"https:\/\/tribunavm.com.ar\/index.php\/wp-json\/wp\/v2\/categories?post=7580"},{"taxonomy":"post_tag","embeddable":true,"href":"https:\/\/tribunavm.com.ar\/index.php\/wp-json\/wp\/v2\/tags?post=7580"}],"curies":[{"name":"wp","href":"https:\/\/api.w.org\/{rel}","templated":true}]}}