{"id":7611,"date":"2023-03-06T00:04:41","date_gmt":"2023-03-06T00:04:41","guid":{"rendered":"https:\/\/tribunavm.com.ar\/?p=7611"},"modified":"2023-03-06T00:08:42","modified_gmt":"2023-03-06T00:08:42","slug":"7611","status":"publish","type":"post","link":"https:\/\/tribunavm.com.ar\/index.php\/2023\/03\/06\/7611\/","title":{"rendered":"Protesta de productores"},"content":{"rendered":"<div class=\"row clearfix\">\n<div class=\"col-md-8\">\n<div class=\"intro-text\">\n<p><span style=\"font-weight: 400;\">Las entidades de la Mesa de Enlace realizaron un acto exigiendo al Gobierno Nacional medidas para el sector. Anunciaron que de no tener respuestas realizar\u00e1n movilizaciones.<\/span><\/p>\n<\/div>\n<p><span style=\"font-weight: 400;\"><span class=\"dropcap \" style=\"background-color: #ffffff; color: #dd9933; border-color: #ffffff;\">L<\/span>a Federaci\u00f3n Agraria Argentina (FAA), realiz\u00f3 una asamblea de productores en la autopista Rosario-Buenos Aires y ruta 90, en la altura de la ciudad de Villa Constituci\u00f3n, Santa F\u00e9. La jornada fue apoyada por las dem\u00e1s entidades de la Mesa de Enlace con quienes exigen en la convocatoria la \u201cunificaci\u00f3n cambiaria, un esquema de retiro de retenciones, que tengamos un seguro multirriesgo y una reparaci\u00f3n hist\u00f3rica para las econom\u00edas regionales\u201d.\u00a0<\/span><\/p>\n<p><span style=\"font-weight: 400;\">En el acto, Carlos Achetoni, presidente de la FAA dijo que \u201cles damos (en referencia al gobierno nacional) hasta el lunes de la semana que viene para que respondan efectiva y positivamente suspender los embargos, juicios y procesos de pagos de anticipo de Ganancias y todo el proceso que tienen de pasivos en el banco, sino nos declaramos en movilizaci\u00f3n\u201d.<\/span><\/p>\n<p><span style=\"font-weight: 400;\">En el acto Jos\u00e9 Grassani, presidente de la Sociedad Rural de Oliva y productor tambero, plante\u00f3 su disidencia con la conducci\u00f3n de la Mesa de Enlace exigiendo \u201cque nos escuche, que tenga cuidado con quien se sacan fotos por que lo \u00fanico que hicieron este tiempo es burlarse de los productores\u201d. Adem\u00e1s, agreg\u00f3 que \u201cla Sociedad Rural de Oliva no se siente representada por la Sociedad Rural a nivel nacional\u201d.<\/span><\/p>\n<p><span style=\"font-weight: 400;\">All\u00ed tambi\u00e9n se hicieron presentes Elbio Laucirica, presidente de Coninagro; Nicol\u00e1s Pino, presidente de la Sociedad Rural Argentina (SRA); y Jorge Chemes, presidente de Confederaciones Rurales Argentinas (CRA).<\/span><\/p>\n<\/div>\n<\/div>\n","protected":false},"excerpt":{"rendered":"<p>Las entidades de la Mesa de Enlace realizaron un acto exigiendo al Gobierno Nacional medidas para el sector. Anunciaron que de no tener respuestas realizar\u00e1n movilizaciones. La Federaci\u00f3n Agraria Argentina (FAA), realiz\u00f3 una asamblea de productores en la autopista Rosario-Buenos Aires y ruta 90, en la altura de la ciudad de Villa Constituci\u00f3n, Santa F\u00e9. [&hellip;]<\/p>\n","protected":false},"author":2,"featured_media":7612,"comment_status":"open","ping_status":"open","sticky":false,"template":"","format":"standard","meta":{"_exactmetrics_skip_tracking":false,"_exactmetrics_sitenote_active":false,"_exactmetrics_sitenote_note":"","_exactmetrics_sitenote_category":0,"jnews-multi-image_gallery":[],"jnews_single_post":{"source_name":"","source_url":"","via_name":"","via_url":"","override_template":"0","override":[{"template":"1","single_blog_custom":"","parallax":"1","fullscreen":"1","layout":"right-sidebar","sidebar":"default-sidebar","second_sidebar":"default-sidebar","sticky_sidebar":"1","share_position":"top","share_float_style":"share-monocrhome","show_share_counter":"1","show_view_counter":"1","show_featured":"1","show_post_meta":"1","show_post_author":"1","show_post_author_image":"1","show_post_date":"1","post_date_format":"default","post_date_format_custom":"Y\/m\/d","show_post_category":"1","show_post_reading_time":"0","post_reading_time_wpm":"300","show_zoom_button":"0","zoom_button_out_step":"2","zoom_button_in_step":"3","show_post_tag":"1","show_prev_next_post":"1","show_popup_post":"1","number_popup_post":"1","show_author_box":"0","show_post_related":"0","show_inline_post_related":"0"}],"override_image_size":"0","image_override":[{"single_post_thumbnail_size":"crop-500","single_post_gallery_size":"crop-500"}],"trending_post":"0","trending_post_position":"meta","trending_post_label":"Trending","sponsored_post":"0","sponsored_post_label":"Sponsored by","sponsored_post_name":"","sponsored_post_url":"","sponsored_post_logo_enable":"0","sponsored_post_logo":"","sponsored_post_desc":""},"jnews_primary_category":{"id":"278"},"jnews_social_meta":{"fb_title":"","fb_description":"","fb_image":"","twitter_title":"","twitter_description":"","twitter_image":""},"jnews_override_counter":{"override_view_counter":"0","view_counter_number":"0","override_share_counter":"0","share_counter_number":"0","override_like_counter":"0","like_counter_number":"0","override_dislike_counter":"0","dislike_counter_number":"0"},"_joinchat":[],"footnotes":""},"categories":[278],"tags":[41,280,228],"class_list":["post-7611","post","type-post","status-publish","format-standard","has-post-thumbnail","hentry","category-economia","tag-agro","tag-edicion-105","tag-sector"],"_links":{"self":[{"href":"https:\/\/tribunavm.com.ar\/index.php\/wp-json\/wp\/v2\/posts\/7611"}],"collection":[{"href":"https:\/\/tribunavm.com.ar\/index.php\/wp-json\/wp\/v2\/posts"}],"about":[{"href":"https:\/\/tribunavm.com.ar\/index.php\/wp-json\/wp\/v2\/types\/post"}],"author":[{"embeddable":true,"href":"https:\/\/tribunavm.com.ar\/index.php\/wp-json\/wp\/v2\/users\/2"}],"replies":[{"embeddable":true,"href":"https:\/\/tribunavm.com.ar\/index.php\/wp-json\/wp\/v2\/comments?post=7611"}],"version-history":[{"count":2,"href":"https:\/\/tribunavm.com.ar\/index.php\/wp-json\/wp\/v2\/posts\/7611\/revisions"}],"predecessor-version":[{"id":7614,"href":"https:\/\/tribunavm.com.ar\/index.php\/wp-json\/wp\/v2\/posts\/7611\/revisions\/7614"}],"wp:featuredmedia":[{"embeddable":true,"href":"https:\/\/tribunavm.com.ar\/index.php\/wp-json\/wp\/v2\/media\/7612"}],"wp:attachment":[{"href":"https:\/\/tribunavm.com.ar\/index.php\/wp-json\/wp\/v2\/media?parent=7611"}],"wp:term":[{"taxonomy":"category","embeddable":true,"href":"https:\/\/tribunavm.com.ar\/index.php\/wp-json\/wp\/v2\/categories?post=7611"},{"taxonomy":"post_tag","embeddable":true,"href":"https:\/\/tribunavm.com.ar\/index.php\/wp-json\/wp\/v2\/tags?post=7611"}],"curies":[{"name":"wp","href":"https:\/\/api.w.org\/{rel}","templated":true}]}}