{"id":7656,"date":"2023-03-09T00:38:02","date_gmt":"2023-03-09T00:38:02","guid":{"rendered":"https:\/\/tribunavm.com.ar\/?p=7656"},"modified":"2023-03-19T20:04:16","modified_gmt":"2023-03-19T20:04:16","slug":"panorama-local-las-condiciones-de-vida-en-el-centro-del-debate","status":"publish","type":"post","link":"https:\/\/tribunavm.com.ar\/index.php\/2023\/03\/09\/panorama-local-las-condiciones-de-vida-en-el-centro-del-debate\/","title":{"rendered":"Panorama local: las condiciones de vida en el centro del debate"},"content":{"rendered":"<div class=\"row clearfix\">\n<div class=\"col-md-8\">\n<p><span style=\"color: #212121; font-size: 1.5em; letter-spacing: -0.01em;\">Municipales, personal de salud, jubilados y mujeres coparon las calles de Villa Mar\u00eda en reclamo por mejores condiciones de vida. Un recuento de las iniciativas y los principales puntos de cada movilizaci\u00f3n.<\/span><\/p>\n<p><span style=\"font-weight: 400;\"><span class=\"dropcap \" style=\"background-color: #ffffff; color: #dd9933; border-color: #ffffff;\">L<\/span>a agravante situaci\u00f3n de pobreza, precarizaci\u00f3n, explotaci\u00f3n laboral, entre otras, impacta directamente sobre las condiciones de vida de la poblaci\u00f3n trabajadora del pa\u00eds. Esto gener\u00f3 desde hace varios meses grandes movilizaciones, protestas y reclamos por parte de sindicatos y organizaciones. La ciudad de Villa Mar\u00eda no es la excepci\u00f3n.<\/span><\/p>\n<figure id=\"attachment_7657\" aria-describedby=\"caption-attachment-7657\" style=\"width: 2560px\" class=\"wp-caption aligncenter\"><img loading=\"lazy\" decoding=\"async\" class=\"wp-image-7657 size-full\" src=\"https:\/\/tribunavm.com.ar\/wp-content\/uploads\/2023\/03\/DSC_0029-scaled.jpg\" alt=\"\" width=\"2560\" height=\"1707\" srcset=\"https:\/\/tribunavm.com.ar\/wp-content\/uploads\/2023\/03\/DSC_0029-scaled.jpg 2560w, https:\/\/tribunavm.com.ar\/wp-content\/uploads\/2023\/03\/DSC_0029-300x200.jpg 300w, https:\/\/tribunavm.com.ar\/wp-content\/uploads\/2023\/03\/DSC_0029-1024x683.jpg 1024w, https:\/\/tribunavm.com.ar\/wp-content\/uploads\/2023\/03\/DSC_0029-768x512.jpg 768w, https:\/\/tribunavm.com.ar\/wp-content\/uploads\/2023\/03\/DSC_0029-1536x1024.jpg 1536w, https:\/\/tribunavm.com.ar\/wp-content\/uploads\/2023\/03\/DSC_0029-2048x1365.jpg 2048w, https:\/\/tribunavm.com.ar\/wp-content\/uploads\/2023\/03\/DSC_0029-750x500.jpg 750w, https:\/\/tribunavm.com.ar\/wp-content\/uploads\/2023\/03\/DSC_0029-1140x760.jpg 1140w\" sizes=\"(max-width: 2560px) 100vw, 2560px\" \/><figcaption id=\"caption-attachment-7657\" class=\"wp-caption-text\">Movilizaci\u00f3n de mujeres por el centro de la ciudad exigiendo igualdad de derechos. Foto: Tribuna.<\/figcaption><\/figure>\n<p><span style=\"font-weight: 400;\">Entre ayer y hoy sucedieron varias iniciativas de trabajadores de distintos sectores que con sus reclamos sectoriales, pusieron un eje com\u00fan en el centro del debate: salarios y jubilaciones dignas, bienestar laboral, salud y educaci\u00f3n. En fin,<\/span><b> reclamos por mejoras en las condiciones de vida<\/b><span style=\"font-weight: 400;\">.<\/span><\/p>\n<p><span style=\"color: #ff9900;\"><b>Municipales<\/b><\/span><\/p>\n<p><span style=\"font-weight: 400;\">El d\u00eda de ayer se realiz\u00f3 la primera concentraci\u00f3n por parte de los despedidos municipales exigiendo su <\/span><b>reincorporaci\u00f3n<\/b><span style=\"font-weight: 400;\">. Adem\u00e1s se sumaron comedores y merenderos de la ciudad denunciando que la municipalidad no <\/span><b>entrega el alimento correspondiente<\/b><span style=\"font-weight: 400;\"> para su funcionamiento, y las familias de las \u201ctomas\u201d del barrio Las Acacias pidiendo una <\/span><b>soluci\u00f3n habitacional<\/b><span style=\"font-weight: 400;\">.<\/span><\/p>\n<figure id=\"attachment_7658\" aria-describedby=\"caption-attachment-7658\" style=\"width: 2560px\" class=\"wp-caption aligncenter\"><img loading=\"lazy\" decoding=\"async\" class=\"wp-image-7658 size-full\" src=\"https:\/\/tribunavm.com.ar\/wp-content\/uploads\/2023\/03\/DSC_0167-scaled.jpg\" alt=\"\" width=\"2560\" height=\"1707\" srcset=\"https:\/\/tribunavm.com.ar\/wp-content\/uploads\/2023\/03\/DSC_0167-scaled.jpg 2560w, https:\/\/tribunavm.com.ar\/wp-content\/uploads\/2023\/03\/DSC_0167-300x200.jpg 300w, https:\/\/tribunavm.com.ar\/wp-content\/uploads\/2023\/03\/DSC_0167-1024x683.jpg 1024w, https:\/\/tribunavm.com.ar\/wp-content\/uploads\/2023\/03\/DSC_0167-768x512.jpg 768w, https:\/\/tribunavm.com.ar\/wp-content\/uploads\/2023\/03\/DSC_0167-1536x1024.jpg 1536w, https:\/\/tribunavm.com.ar\/wp-content\/uploads\/2023\/03\/DSC_0167-2048x1365.jpg 2048w, https:\/\/tribunavm.com.ar\/wp-content\/uploads\/2023\/03\/DSC_0167-750x500.jpg 750w, https:\/\/tribunavm.com.ar\/wp-content\/uploads\/2023\/03\/DSC_0167-1140x760.jpg 1140w\" sizes=\"(max-width: 2560px) 100vw, 2560px\" \/><figcaption id=\"caption-attachment-7658\" class=\"wp-caption-text\">Militantes sociales protestan frente al Palacio Municipal con quema de cubiertas. Foto: Tribuna.<\/figcaption><\/figure>\n<p><span style=\"font-weight: 400;\">La iniciativa cont\u00f3 con la presencia de referentes de la CTA Aut\u00f3noma de C\u00f3rdoba y la Federaci\u00f3n Territorial Nacional (FeNat). Tambi\u00e9n acompa\u00f1aron trabajadores de la F\u00e1brica Militar de Villa Mar\u00eda quienes comentaron que<\/span><b> se sumaron a la iniciativa ya que \u201cactualmente estamos precarizados\u201d<\/b><span style=\"font-weight: 400;\"> por eso \u201cnecesitamos como trabajadores defender nuestro trabajo y nuestros derechos\u201d.<\/span><\/p>\n<p><img loading=\"lazy\" decoding=\"async\" class=\"aligncenter size-full wp-image-7659\" src=\"https:\/\/tribunavm.com.ar\/wp-content\/uploads\/2023\/03\/DSC_0170-scaled.jpg\" alt=\"\" width=\"2560\" height=\"1707\" srcset=\"https:\/\/tribunavm.com.ar\/wp-content\/uploads\/2023\/03\/DSC_0170-scaled.jpg 2560w, https:\/\/tribunavm.com.ar\/wp-content\/uploads\/2023\/03\/DSC_0170-300x200.jpg 300w, https:\/\/tribunavm.com.ar\/wp-content\/uploads\/2023\/03\/DSC_0170-1024x683.jpg 1024w, https:\/\/tribunavm.com.ar\/wp-content\/uploads\/2023\/03\/DSC_0170-768x512.jpg 768w, https:\/\/tribunavm.com.ar\/wp-content\/uploads\/2023\/03\/DSC_0170-1536x1024.jpg 1536w, https:\/\/tribunavm.com.ar\/wp-content\/uploads\/2023\/03\/DSC_0170-2048x1365.jpg 2048w, https:\/\/tribunavm.com.ar\/wp-content\/uploads\/2023\/03\/DSC_0170-750x500.jpg 750w, https:\/\/tribunavm.com.ar\/wp-content\/uploads\/2023\/03\/DSC_0170-1140x760.jpg 1140w\" sizes=\"(max-width: 2560px) 100vw, 2560px\" \/><\/p>\n<p><span style=\"font-weight: 400;\">En el lugar realizaron una olla popular entregando alrededor de 120 porciones y, antes de finalizar, un grupo de alrededor de 25 personas ingresaron al edificio municipal <\/span><b>exigiendo hablar con las autoridades<\/b><span style=\"font-weight: 400;\">. La toma del establecimiento dur\u00f3 aproximadamente una hora.<\/span><\/p>\n<p><img loading=\"lazy\" decoding=\"async\" class=\"aligncenter size-full wp-image-7660\" src=\"https:\/\/tribunavm.com.ar\/wp-content\/uploads\/2023\/03\/DSC_0190-scaled.jpg\" alt=\"\" width=\"2560\" height=\"1707\" srcset=\"https:\/\/tribunavm.com.ar\/wp-content\/uploads\/2023\/03\/DSC_0190-scaled.jpg 2560w, https:\/\/tribunavm.com.ar\/wp-content\/uploads\/2023\/03\/DSC_0190-300x200.jpg 300w, https:\/\/tribunavm.com.ar\/wp-content\/uploads\/2023\/03\/DSC_0190-1024x683.jpg 1024w, https:\/\/tribunavm.com.ar\/wp-content\/uploads\/2023\/03\/DSC_0190-768x512.jpg 768w, https:\/\/tribunavm.com.ar\/wp-content\/uploads\/2023\/03\/DSC_0190-1536x1024.jpg 1536w, https:\/\/tribunavm.com.ar\/wp-content\/uploads\/2023\/03\/DSC_0190-2048x1365.jpg 2048w, https:\/\/tribunavm.com.ar\/wp-content\/uploads\/2023\/03\/DSC_0190-750x500.jpg 750w, https:\/\/tribunavm.com.ar\/wp-content\/uploads\/2023\/03\/DSC_0190-1140x760.jpg 1140w\" sizes=\"(max-width: 2560px) 100vw, 2560px\" \/><\/p>\n<p><span style=\"color: #ff9900;\"><b>Salud<\/b><\/span><\/p>\n<p><span style=\"font-weight: 400;\">Unas horas m\u00e1s tarde en la plaza Centenario el personal de la salud, perteneciente a Salud \u201cC\u00f3rdoba Unida\u201d, se concentr\u00f3 en el marco de la jornada provincial de lucha para reclamar al Gobierno provincial el<\/span><b> incumplimiento de los puntos acordados en las movilizaciones del\u00a0 a\u00f1o pasado<\/b><span style=\"font-weight: 400;\">.<\/span><\/p>\n<p><img loading=\"lazy\" decoding=\"async\" class=\"aligncenter size-full wp-image-7661\" src=\"https:\/\/tribunavm.com.ar\/wp-content\/uploads\/2023\/03\/DSC_0233-scaled.jpg\" alt=\"\" width=\"2560\" height=\"1707\" srcset=\"https:\/\/tribunavm.com.ar\/wp-content\/uploads\/2023\/03\/DSC_0233-scaled.jpg 2560w, https:\/\/tribunavm.com.ar\/wp-content\/uploads\/2023\/03\/DSC_0233-300x200.jpg 300w, https:\/\/tribunavm.com.ar\/wp-content\/uploads\/2023\/03\/DSC_0233-1024x683.jpg 1024w, https:\/\/tribunavm.com.ar\/wp-content\/uploads\/2023\/03\/DSC_0233-768x512.jpg 768w, https:\/\/tribunavm.com.ar\/wp-content\/uploads\/2023\/03\/DSC_0233-1536x1024.jpg 1536w, https:\/\/tribunavm.com.ar\/wp-content\/uploads\/2023\/03\/DSC_0233-2048x1365.jpg 2048w, https:\/\/tribunavm.com.ar\/wp-content\/uploads\/2023\/03\/DSC_0233-750x500.jpg 750w, https:\/\/tribunavm.com.ar\/wp-content\/uploads\/2023\/03\/DSC_0233-1140x760.jpg 1140w\" sizes=\"(max-width: 2560px) 100vw, 2560px\" \/><\/p>\n<p><span style=\"font-weight: 400;\">Bajo la convocatoria \u201cel gobierno incumpli\u00f3, la lucha sigue\u201d, se concentraron alrededor de 120 personas, contando con el <\/span><b>acompa\u00f1amiento de estudiantes universitarios, jubilados y docentes de la ciudad<\/b><span style=\"font-weight: 400;\">.<\/span><\/p>\n<p><img loading=\"lazy\" decoding=\"async\" class=\"aligncenter size-full wp-image-7662\" src=\"https:\/\/tribunavm.com.ar\/wp-content\/uploads\/2023\/03\/DSC_0238-scaled.jpg\" alt=\"\" width=\"1707\" height=\"2560\" srcset=\"https:\/\/tribunavm.com.ar\/wp-content\/uploads\/2023\/03\/DSC_0238-scaled.jpg 1707w, https:\/\/tribunavm.com.ar\/wp-content\/uploads\/2023\/03\/DSC_0238-200x300.jpg 200w, https:\/\/tribunavm.com.ar\/wp-content\/uploads\/2023\/03\/DSC_0238-683x1024.jpg 683w, https:\/\/tribunavm.com.ar\/wp-content\/uploads\/2023\/03\/DSC_0238-768x1152.jpg 768w, https:\/\/tribunavm.com.ar\/wp-content\/uploads\/2023\/03\/DSC_0238-1024x1536.jpg 1024w, https:\/\/tribunavm.com.ar\/wp-content\/uploads\/2023\/03\/DSC_0238-1365x2048.jpg 1365w, https:\/\/tribunavm.com.ar\/wp-content\/uploads\/2023\/03\/DSC_0238-750x1125.jpg 750w, https:\/\/tribunavm.com.ar\/wp-content\/uploads\/2023\/03\/DSC_0238-1140x1710.jpg 1140w\" sizes=\"(max-width: 1707px) 100vw, 1707px\" \/><\/p>\n<p><span style=\"font-weight: 400;\">Los reclamos principales fueron: \u201c<\/span><b>ning\u00fan sueldo por debajo de la canasta b\u00e1sica<\/b><span style=\"font-weight: 400;\">\u201d, por \u201c<\/span><b>reincorporaci\u00f3n de la compa\u00f1era despedida y reintegro de descuentos<\/b><span style=\"font-weight: 400;\">\u201d por d\u00edas de paro, \u201c<\/span><b>incorporaci\u00f3n a planta de personal monotributista y becarios<\/b><span style=\"font-weight: 400;\">\u201d, por una \u201c<\/span><b>reforma de ley jubilatoria<\/b><span style=\"font-weight: 400;\">\u201d, y \u201c<\/span><b>aportes jubilatorios y derechos laborales para residentes<\/b><span style=\"font-weight: 400;\">\u201d.<\/span><\/p>\n<p><img loading=\"lazy\" decoding=\"async\" class=\"aligncenter size-full wp-image-7663\" src=\"https:\/\/tribunavm.com.ar\/wp-content\/uploads\/2023\/03\/DSC_0240-scaled.jpg\" alt=\"\" width=\"2560\" height=\"1707\" srcset=\"https:\/\/tribunavm.com.ar\/wp-content\/uploads\/2023\/03\/DSC_0240-scaled.jpg 2560w, https:\/\/tribunavm.com.ar\/wp-content\/uploads\/2023\/03\/DSC_0240-300x200.jpg 300w, https:\/\/tribunavm.com.ar\/wp-content\/uploads\/2023\/03\/DSC_0240-1024x683.jpg 1024w, https:\/\/tribunavm.com.ar\/wp-content\/uploads\/2023\/03\/DSC_0240-768x512.jpg 768w, https:\/\/tribunavm.com.ar\/wp-content\/uploads\/2023\/03\/DSC_0240-1536x1024.jpg 1536w, https:\/\/tribunavm.com.ar\/wp-content\/uploads\/2023\/03\/DSC_0240-2048x1365.jpg 2048w, https:\/\/tribunavm.com.ar\/wp-content\/uploads\/2023\/03\/DSC_0240-750x500.jpg 750w, https:\/\/tribunavm.com.ar\/wp-content\/uploads\/2023\/03\/DSC_0240-1140x760.jpg 1140w\" sizes=\"(max-width: 2560px) 100vw, 2560px\" \/><\/p>\n<p><span style=\"color: #ff9900;\"><b>Jubilados<\/b><\/span><\/p>\n<p><span style=\"font-weight: 400;\">El d\u00eda de hoy continuaron las movilizaciones en la ciudad. A las 10hs la Asociaci\u00f3n de Jubilados de Argentina (AJA) congreg\u00f3 alrededor de 100 jubilados frente a la Municipalidad \u201c<\/span><b>en defensa de los derechos de los jubilados y pensionados<\/b><span style=\"font-weight: 400;\">\u201d, \u201c<\/span><b>en defensa de la educaci\u00f3n, salud y seguridad<\/b><span style=\"font-weight: 400;\">\u201d, y por la \u201c<\/span><b>unidad de los trabajadores<\/b><span style=\"font-weight: 400;\">\u201d.<\/span><\/p>\n<p><img loading=\"lazy\" decoding=\"async\" class=\"aligncenter size-full wp-image-7664\" src=\"https:\/\/tribunavm.com.ar\/wp-content\/uploads\/2023\/03\/DSC_0289-scaled.jpg\" alt=\"\" width=\"2560\" height=\"1707\" srcset=\"https:\/\/tribunavm.com.ar\/wp-content\/uploads\/2023\/03\/DSC_0289-scaled.jpg 2560w, https:\/\/tribunavm.com.ar\/wp-content\/uploads\/2023\/03\/DSC_0289-300x200.jpg 300w, https:\/\/tribunavm.com.ar\/wp-content\/uploads\/2023\/03\/DSC_0289-1024x683.jpg 1024w, https:\/\/tribunavm.com.ar\/wp-content\/uploads\/2023\/03\/DSC_0289-768x512.jpg 768w, https:\/\/tribunavm.com.ar\/wp-content\/uploads\/2023\/03\/DSC_0289-1536x1024.jpg 1536w, https:\/\/tribunavm.com.ar\/wp-content\/uploads\/2023\/03\/DSC_0289-2048x1365.jpg 2048w, https:\/\/tribunavm.com.ar\/wp-content\/uploads\/2023\/03\/DSC_0289-750x500.jpg 750w, https:\/\/tribunavm.com.ar\/wp-content\/uploads\/2023\/03\/DSC_0289-1140x760.jpg 1140w\" sizes=\"(max-width: 2560px) 100vw, 2560px\" \/><\/p>\n<p><span style=\"font-weight: 400;\">La iniciativa cont\u00f3 con el apoyo de jubilados de Bell Ville, ciudad de C\u00f3rdoba, Alta Gracia, Villa del Rosario, Cintra, entre otras ciudades. Adem\u00e1s acompa\u00f1aron Salud C\u00f3rdoba Unida, la CTA Aut\u00f3noma y la Federaci\u00f3n Argentina de Organizaciones por la Seguridad Social (FAOSS).<\/span><\/p>\n<p><img loading=\"lazy\" decoding=\"async\" class=\"aligncenter size-full wp-image-7665\" src=\"https:\/\/tribunavm.com.ar\/wp-content\/uploads\/2023\/03\/DSC_0269-scaled.jpg\" alt=\"\" width=\"1707\" height=\"2560\" srcset=\"https:\/\/tribunavm.com.ar\/wp-content\/uploads\/2023\/03\/DSC_0269-scaled.jpg 1707w, https:\/\/tribunavm.com.ar\/wp-content\/uploads\/2023\/03\/DSC_0269-200x300.jpg 200w, https:\/\/tribunavm.com.ar\/wp-content\/uploads\/2023\/03\/DSC_0269-683x1024.jpg 683w, https:\/\/tribunavm.com.ar\/wp-content\/uploads\/2023\/03\/DSC_0269-768x1152.jpg 768w, https:\/\/tribunavm.com.ar\/wp-content\/uploads\/2023\/03\/DSC_0269-1024x1536.jpg 1024w, https:\/\/tribunavm.com.ar\/wp-content\/uploads\/2023\/03\/DSC_0269-1365x2048.jpg 1365w, https:\/\/tribunavm.com.ar\/wp-content\/uploads\/2023\/03\/DSC_0269-750x1125.jpg 750w, https:\/\/tribunavm.com.ar\/wp-content\/uploads\/2023\/03\/DSC_0269-1140x1710.jpg 1140w\" sizes=\"(max-width: 1707px) 100vw, 1707px\" \/><\/p>\n<p><span style=\"font-weight: 400;\">En el lugar difundieron un comunicado en el que dec\u00edan que \u201clos jubilados y pensionados de la provincia de C\u00f3rdoba y la Naci\u00f3n <\/span><b>no queremos ser la variable de ajuste de las pol\u00edticas econ\u00f3micas<\/b><span style=\"font-weight: 400;\">\u201d. Algunas de sus exigencias: \u201c<\/span><b>cese de tratamientos discriminatorios del sector<\/b><span style=\"font-weight: 400;\">\u201d, \u201c<\/span><b>derogar la Ley Provincial n\u00b0 10.964<\/b><span style=\"font-weight: 400;\">\u201d, \u201c<\/span><b>salarios dignos para los trabajadores pasivos<\/b><span style=\"font-weight: 400;\">\u201d, \u201c<\/span><b>terminar con la precarizaci\u00f3n y violencia laboral<\/b><span style=\"font-weight: 400;\">\u201d, entre otros puntos.<\/span><\/p>\n<p><img loading=\"lazy\" decoding=\"async\" class=\"aligncenter size-full wp-image-7666\" src=\"https:\/\/tribunavm.com.ar\/wp-content\/uploads\/2023\/03\/DSC_0271-scaled.jpg\" alt=\"\" width=\"2560\" height=\"1707\" srcset=\"https:\/\/tribunavm.com.ar\/wp-content\/uploads\/2023\/03\/DSC_0271-scaled.jpg 2560w, https:\/\/tribunavm.com.ar\/wp-content\/uploads\/2023\/03\/DSC_0271-300x200.jpg 300w, https:\/\/tribunavm.com.ar\/wp-content\/uploads\/2023\/03\/DSC_0271-1024x683.jpg 1024w, https:\/\/tribunavm.com.ar\/wp-content\/uploads\/2023\/03\/DSC_0271-768x512.jpg 768w, https:\/\/tribunavm.com.ar\/wp-content\/uploads\/2023\/03\/DSC_0271-1536x1024.jpg 1536w, https:\/\/tribunavm.com.ar\/wp-content\/uploads\/2023\/03\/DSC_0271-2048x1365.jpg 2048w, https:\/\/tribunavm.com.ar\/wp-content\/uploads\/2023\/03\/DSC_0271-750x500.jpg 750w, https:\/\/tribunavm.com.ar\/wp-content\/uploads\/2023\/03\/DSC_0271-1140x760.jpg 1140w\" sizes=\"(max-width: 2560px) 100vw, 2560px\" \/><\/p>\n<p><span style=\"color: #ff9900;\"><b>Sanidad<\/b><\/span><\/p>\n<p><span style=\"font-weight: 400;\">Cerca del mediod\u00eda alrededor de 40 trabajadores de la salud pertenecientes a la Asociaci\u00f3n de trabajadores de la Sanidad Argentina (ATSA) se concentraron frente a la Cl\u00ednica de Especialidades para exigir al due\u00f1o que<\/span><b> deje de pagar los sueldos y el aguinaldo en cuotas a sus trabajadores<\/b><span style=\"font-weight: 400;\">.<\/span><\/p>\n<p><img loading=\"lazy\" decoding=\"async\" class=\"aligncenter size-full wp-image-7667\" src=\"https:\/\/tribunavm.com.ar\/wp-content\/uploads\/2023\/03\/DSC_0297-scaled.jpg\" alt=\"\" width=\"2560\" height=\"1707\" srcset=\"https:\/\/tribunavm.com.ar\/wp-content\/uploads\/2023\/03\/DSC_0297-scaled.jpg 2560w, https:\/\/tribunavm.com.ar\/wp-content\/uploads\/2023\/03\/DSC_0297-300x200.jpg 300w, https:\/\/tribunavm.com.ar\/wp-content\/uploads\/2023\/03\/DSC_0297-1024x683.jpg 1024w, https:\/\/tribunavm.com.ar\/wp-content\/uploads\/2023\/03\/DSC_0297-768x512.jpg 768w, https:\/\/tribunavm.com.ar\/wp-content\/uploads\/2023\/03\/DSC_0297-1536x1024.jpg 1536w, https:\/\/tribunavm.com.ar\/wp-content\/uploads\/2023\/03\/DSC_0297-2048x1365.jpg 2048w, https:\/\/tribunavm.com.ar\/wp-content\/uploads\/2023\/03\/DSC_0297-750x500.jpg 750w, https:\/\/tribunavm.com.ar\/wp-content\/uploads\/2023\/03\/DSC_0297-1140x760.jpg 1140w\" sizes=\"(max-width: 2560px) 100vw, 2560px\" \/><\/p>\n<p><span style=\"font-weight: 400;\">En el lugar, Mario Molina, vocal titular de ATSA C\u00f3rdoba, coment\u00f3 a Tribuna que \u201c<\/span><span style=\"font-weight: 400;\">desde el a\u00f1o pasado pagan los sueldos en cuotas, ahora es lamentable porque deben medio aguinaldo, deben parte del salario de enero y en febrero ya les avisaron que no tienen plata para pagar\u201d.\u00a0<\/span><\/p>\n<figure id=\"attachment_7668\" aria-describedby=\"caption-attachment-7668\" style=\"width: 1707px\" class=\"wp-caption aligncenter\"><img loading=\"lazy\" decoding=\"async\" class=\"size-full wp-image-7668\" src=\"https:\/\/tribunavm.com.ar\/wp-content\/uploads\/2023\/03\/DSC_0302-scaled.jpg\" alt=\"\" width=\"1707\" height=\"2560\" srcset=\"https:\/\/tribunavm.com.ar\/wp-content\/uploads\/2023\/03\/DSC_0302-scaled.jpg 1707w, https:\/\/tribunavm.com.ar\/wp-content\/uploads\/2023\/03\/DSC_0302-200x300.jpg 200w, https:\/\/tribunavm.com.ar\/wp-content\/uploads\/2023\/03\/DSC_0302-683x1024.jpg 683w, https:\/\/tribunavm.com.ar\/wp-content\/uploads\/2023\/03\/DSC_0302-768x1152.jpg 768w, https:\/\/tribunavm.com.ar\/wp-content\/uploads\/2023\/03\/DSC_0302-1024x1536.jpg 1024w, https:\/\/tribunavm.com.ar\/wp-content\/uploads\/2023\/03\/DSC_0302-1365x2048.jpg 1365w, https:\/\/tribunavm.com.ar\/wp-content\/uploads\/2023\/03\/DSC_0302-750x1125.jpg 750w, https:\/\/tribunavm.com.ar\/wp-content\/uploads\/2023\/03\/DSC_0302-1140x1710.jpg 1140w\" sizes=\"(max-width: 1707px) 100vw, 1707px\" \/><figcaption id=\"caption-attachment-7668\" class=\"wp-caption-text\">Mario Molina, vocal titular de ATSA C\u00f3rdoba<\/figcaption><\/figure>\n<p><span style=\"font-weight: 400;\">Y agreg\u00f3 que \u201clos abogados de los due\u00f1os de la cl\u00ednica<\/span><b> prometen pagos pero a los dos d\u00edas desconocen los acuerdos, de esta forma se r\u00eden de los trabajadores, no solo las patronales sino el mismo ministerio de trabajo<\/b><span style=\"font-weight: 400;\">\u201d.<\/span><\/p>\n<p><img loading=\"lazy\" decoding=\"async\" class=\"aligncenter size-full wp-image-7669\" src=\"https:\/\/tribunavm.com.ar\/wp-content\/uploads\/2023\/03\/DSC_0301-scaled.jpg\" alt=\"\" width=\"2560\" height=\"1707\" srcset=\"https:\/\/tribunavm.com.ar\/wp-content\/uploads\/2023\/03\/DSC_0301-scaled.jpg 2560w, https:\/\/tribunavm.com.ar\/wp-content\/uploads\/2023\/03\/DSC_0301-300x200.jpg 300w, https:\/\/tribunavm.com.ar\/wp-content\/uploads\/2023\/03\/DSC_0301-1024x683.jpg 1024w, https:\/\/tribunavm.com.ar\/wp-content\/uploads\/2023\/03\/DSC_0301-768x512.jpg 768w, https:\/\/tribunavm.com.ar\/wp-content\/uploads\/2023\/03\/DSC_0301-1536x1024.jpg 1536w, https:\/\/tribunavm.com.ar\/wp-content\/uploads\/2023\/03\/DSC_0301-2048x1365.jpg 2048w, https:\/\/tribunavm.com.ar\/wp-content\/uploads\/2023\/03\/DSC_0301-750x500.jpg 750w, https:\/\/tribunavm.com.ar\/wp-content\/uploads\/2023\/03\/DSC_0301-1140x760.jpg 1140w\" sizes=\"(max-width: 2560px) 100vw, 2560px\" \/><\/p>\n<p><span style=\"color: #ff9900;\"><b>D\u00eda de las mujeres trabajadoras<\/b><\/span><\/p>\n<p><span style=\"font-weight: 400;\">Las jornadas de movilizaciones concluyeron con la marcha convocada por organizaciones de mujeres, sindicatos y otros espacios de la ciudad en el marco del paro internacional de mujeres, nucleadas en la Asamblea Transfeminista de Villa Mar\u00eda y Villa Nueva.<\/span><\/p>\n<p><img loading=\"lazy\" decoding=\"async\" class=\"aligncenter size-full wp-image-7670\" src=\"https:\/\/tribunavm.com.ar\/wp-content\/uploads\/2023\/03\/DSC_0022-scaled.jpg\" alt=\"\" width=\"2560\" height=\"1707\" srcset=\"https:\/\/tribunavm.com.ar\/wp-content\/uploads\/2023\/03\/DSC_0022-scaled.jpg 2560w, https:\/\/tribunavm.com.ar\/wp-content\/uploads\/2023\/03\/DSC_0022-300x200.jpg 300w, https:\/\/tribunavm.com.ar\/wp-content\/uploads\/2023\/03\/DSC_0022-1024x683.jpg 1024w, https:\/\/tribunavm.com.ar\/wp-content\/uploads\/2023\/03\/DSC_0022-768x512.jpg 768w, https:\/\/tribunavm.com.ar\/wp-content\/uploads\/2023\/03\/DSC_0022-1536x1024.jpg 1536w, https:\/\/tribunavm.com.ar\/wp-content\/uploads\/2023\/03\/DSC_0022-2048x1365.jpg 2048w, https:\/\/tribunavm.com.ar\/wp-content\/uploads\/2023\/03\/DSC_0022-750x500.jpg 750w, https:\/\/tribunavm.com.ar\/wp-content\/uploads\/2023\/03\/DSC_0022-1140x760.jpg 1140w\" sizes=\"(max-width: 2560px) 100vw, 2560px\" \/><\/p>\n<p><span style=\"font-weight: 400;\">Con una concurrencia de alrededor de 300 personas al finalizar la jornada de movilizaci\u00f3n leyeron el comunicado del espacio expresando que <\/span><b>\u201ctodxs somos trabajadorxs: los trabajos comunitarios, de cuidado, autogestivos, cooperativos, callejeros, asalariados y enmarcados en la econom\u00eda popular<\/b><span style=\"font-weight: 400;\">\u201d, exigiendo \u201c<\/span><b>igual salario por igual tarea\u201d<\/b><span style=\"font-weight: 400;\">.<\/span><\/p>\n<p><img loading=\"lazy\" decoding=\"async\" class=\"aligncenter size-full wp-image-7671\" src=\"https:\/\/tribunavm.com.ar\/wp-content\/uploads\/2023\/03\/DSC_0025-scaled.jpg\" alt=\"\" width=\"2560\" height=\"1707\" srcset=\"https:\/\/tribunavm.com.ar\/wp-content\/uploads\/2023\/03\/DSC_0025-scaled.jpg 2560w, https:\/\/tribunavm.com.ar\/wp-content\/uploads\/2023\/03\/DSC_0025-300x200.jpg 300w, https:\/\/tribunavm.com.ar\/wp-content\/uploads\/2023\/03\/DSC_0025-1024x683.jpg 1024w, https:\/\/tribunavm.com.ar\/wp-content\/uploads\/2023\/03\/DSC_0025-768x512.jpg 768w, https:\/\/tribunavm.com.ar\/wp-content\/uploads\/2023\/03\/DSC_0025-1536x1024.jpg 1536w, https:\/\/tribunavm.com.ar\/wp-content\/uploads\/2023\/03\/DSC_0025-2048x1365.jpg 2048w, https:\/\/tribunavm.com.ar\/wp-content\/uploads\/2023\/03\/DSC_0025-750x500.jpg 750w, https:\/\/tribunavm.com.ar\/wp-content\/uploads\/2023\/03\/DSC_0025-1140x760.jpg 1140w\" sizes=\"(max-width: 2560px) 100vw, 2560px\" \/><\/p>\n<p><span style=\"font-weight: 400;\">Tambi\u00e9n exigieron que \u201c<\/span><b>ning\u00fan salario, jubilaci\u00f3n y programa social puede estar por debajo de la l\u00ednea de pobreza<\/b><span style=\"font-weight: 400;\">\u201d, \u201c<\/span><b>el cese de la violencia econ\u00f3mica y la feminizaci\u00f3n de la pobreza<\/b><span style=\"font-weight: 400;\">\u201d, \u201c<\/span><b>el cese de la fiscalizaci\u00f3n y persecuci\u00f3n a las mujeres titulares de planes sociales<\/b><span style=\"font-weight: 400;\">\u201d, <\/span><b>espacios \u201clibres de violencia laboral y de g\u00e9nero<\/b><span style=\"font-weight: 400;\">\u201d, entre otros puntos.<\/span><\/p>\n<\/div>\n<div class=\"col-md-3\">\n<p>&nbsp;<\/p>\n<\/div>\n<\/div>\n","protected":false},"excerpt":{"rendered":"<p>Municipales, personal de salud, jubilados y mujeres coparon las calles de Villa Mar\u00eda en reclamo por mejores condiciones de vida. Un recuento de las iniciativas y los principales puntos de cada movilizaci\u00f3n. La agravante situaci\u00f3n de pobreza, precarizaci\u00f3n, explotaci\u00f3n laboral, entre otras, impacta directamente sobre las condiciones de vida de la poblaci\u00f3n trabajadora del pa\u00eds. [&hellip;]<\/p>\n","protected":false},"author":2,"featured_media":7672,"comment_status":"open","ping_status":"open","sticky":false,"template":"","format":"standard","meta":{"_exactmetrics_skip_tracking":false,"_exactmetrics_sitenote_active":false,"_exactmetrics_sitenote_note":"","_exactmetrics_sitenote_category":0,"jnews-multi-image_gallery":[],"jnews_single_post":{"source_name":"","source_url":"","via_name":"","via_url":"","override_template":"0","override":[{"template":"1","single_blog_custom":"","parallax":"1","fullscreen":"1","layout":"right-sidebar","sidebar":"default-sidebar","second_sidebar":"default-sidebar","sticky_sidebar":"1","share_position":"top","share_float_style":"share-monocrhome","show_share_counter":"1","show_view_counter":"1","show_featured":"1","show_post_meta":"1","show_post_author":"1","show_post_author_image":"1","show_post_date":"1","post_date_format":"default","post_date_format_custom":"Y\/m\/d","show_post_category":"1","show_post_reading_time":"0","post_reading_time_wpm":"300","show_zoom_button":"0","zoom_button_out_step":"2","zoom_button_in_step":"3","show_post_tag":"1","show_prev_next_post":"1","show_popup_post":"1","number_popup_post":"1","show_author_box":"0","show_post_related":"0","show_inline_post_related":"0"}],"override_image_size":"0","image_override":[{"single_post_thumbnail_size":"crop-500","single_post_gallery_size":"crop-500"}],"trending_post":"0","trending_post_position":"meta","trending_post_label":"Trending","sponsored_post":"0","sponsored_post_label":"Sponsored by","sponsored_post_name":"","sponsored_post_url":"","sponsored_post_logo_enable":"0","sponsored_post_logo":"","sponsored_post_desc":""},"jnews_primary_category":{"id":"27"},"jnews_social_meta":{"fb_title":"","fb_description":"","fb_image":"","twitter_title":"","twitter_description":"","twitter_image":""},"jnews_override_counter":{"override_view_counter":"0","view_counter_number":"0","override_share_counter":"0","share_counter_number":"0","override_like_counter":"0","like_counter_number":"0","override_dislike_counter":"0","dislike_counter_number":"0"},"_joinchat":[],"footnotes":""},"categories":[27],"tags":[109,210,85,68,34,35],"class_list":["post-7656","post","type-post","status-publish","format-standard","has-post-thumbnail","hentry","category-local","tag-condiciones-de-vida","tag-local","tag-movilizaciones","tag-salud","tag-social","tag-trabajadores"],"_links":{"self":[{"href":"https:\/\/tribunavm.com.ar\/index.php\/wp-json\/wp\/v2\/posts\/7656"}],"collection":[{"href":"https:\/\/tribunavm.com.ar\/index.php\/wp-json\/wp\/v2\/posts"}],"about":[{"href":"https:\/\/tribunavm.com.ar\/index.php\/wp-json\/wp\/v2\/types\/post"}],"author":[{"embeddable":true,"href":"https:\/\/tribunavm.com.ar\/index.php\/wp-json\/wp\/v2\/users\/2"}],"replies":[{"embeddable":true,"href":"https:\/\/tribunavm.com.ar\/index.php\/wp-json\/wp\/v2\/comments?post=7656"}],"version-history":[{"count":4,"href":"https:\/\/tribunavm.com.ar\/index.php\/wp-json\/wp\/v2\/posts\/7656\/revisions"}],"predecessor-version":[{"id":7677,"href":"https:\/\/tribunavm.com.ar\/index.php\/wp-json\/wp\/v2\/posts\/7656\/revisions\/7677"}],"wp:featuredmedia":[{"embeddable":true,"href":"https:\/\/tribunavm.com.ar\/index.php\/wp-json\/wp\/v2\/media\/7672"}],"wp:attachment":[{"href":"https:\/\/tribunavm.com.ar\/index.php\/wp-json\/wp\/v2\/media?parent=7656"}],"wp:term":[{"taxonomy":"category","embeddable":true,"href":"https:\/\/tribunavm.com.ar\/index.php\/wp-json\/wp\/v2\/categories?post=7656"},{"taxonomy":"post_tag","embeddable":true,"href":"https:\/\/tribunavm.com.ar\/index.php\/wp-json\/wp\/v2\/tags?post=7656"}],"curies":[{"name":"wp","href":"https:\/\/api.w.org\/{rel}","templated":true}]}}