{"id":7692,"date":"2023-03-17T16:11:29","date_gmt":"2023-03-17T16:11:29","guid":{"rendered":"https:\/\/tribunavm.com.ar\/?p=7692"},"modified":"2023-03-19T12:56:44","modified_gmt":"2023-03-19T12:56:44","slug":"salud-unida-en-lucha","status":"publish","type":"post","link":"https:\/\/tribunavm.com.ar\/index.php\/2023\/03\/17\/salud-unida-en-lucha\/","title":{"rendered":"Salud unida en lucha"},"content":{"rendered":"<div class=\"row clearfix\">\n<div class=\"col-md-8\">\n<p><span style=\"color: #212121; font-size: 1.5em; letter-spacing: -0.01em;\">La asamblea Salud de C\u00f3rdoba Unida realiz\u00f3 un nuevo paro con movilizaci\u00f3n el pasado mi\u00e9rcoles, en unidad con otros sectores de trabajadores y jubilados autoconvocados.<\/span><\/p>\n<p><span style=\"font-weight: 400;\"><span class=\"dropcap \" style=\"background-color: #ffffff; color: #dd9933; border-color: #ffffff;\">L<\/span>a provincia de C\u00f3rdoba fue testigo de una nueva movilizaci\u00f3n de los trabajadores de la salud p\u00fablica, en otra demostraci\u00f3n de una fuerza que se mantiene vigente a m\u00e1s de cuatro meses del estallido del conflicto que expuso a la luz la crisis del sistema sanitario provincial y la precariedad laboral del gobierno provincial.<\/span><\/p>\n<p><span style=\"font-weight: 400;\">La convocatoria cont\u00f3 con una masiva participaci\u00f3n de los profesionales del polo sanitario de la ciudad de C\u00f3rdoba, como as\u00ed tambi\u00e9n de los trabajadores de centros de salud de varias localidades del interior de la provincia.<\/span><\/p>\n<p><span style=\"font-weight: 400;\">Los motivos de la nueva medida de fuerza hilan una continuidad con los reclamos que se prolongan desde noviembre del a\u00f1o pasado, centr\u00e1ndose en la recomposici\u00f3n salarial y la incorporaci\u00f3n de m\u00e1s personal, denunciando el incumplimiento de los compromisos asumidos por el gobierno provincial, la vulneraci\u00f3n de los derechos del paciente, la precarizaci\u00f3n laboral de los trabajadores sanitarios y la falta de recursos f\u00edsicos e insumos de trabajo.<\/span><\/p>\n<figure id=\"attachment_7693\" aria-describedby=\"caption-attachment-7693\" style=\"width: 750px\" class=\"wp-caption alignleft\"><img loading=\"lazy\" decoding=\"async\" class=\"wp-image-7693 size-jnews-750x536\" src=\"https:\/\/tribunavm.com.ar\/wp-content\/uploads\/2023\/03\/IMG_20230315_202553679-750x536.jpg\" alt=\"\" width=\"750\" height=\"536\" srcset=\"https:\/\/tribunavm.com.ar\/wp-content\/uploads\/2023\/03\/IMG_20230315_202553679-750x536.jpg 750w, https:\/\/tribunavm.com.ar\/wp-content\/uploads\/2023\/03\/IMG_20230315_202553679-120x86.jpg 120w, https:\/\/tribunavm.com.ar\/wp-content\/uploads\/2023\/03\/IMG_20230315_202553679-350x250.jpg 350w, https:\/\/tribunavm.com.ar\/wp-content\/uploads\/2023\/03\/IMG_20230315_202553679-1140x815.jpg 1140w\" sizes=\"(max-width: 750px) 100vw, 750px\" \/><figcaption id=\"caption-attachment-7693\" class=\"wp-caption-text\">Movilizacion de personal de salud en Villa Dolores.<\/figcaption><\/figure>\n<p><span style=\"font-weight: 400;\">Silvio Duje, delegado del Hospital de Villa Dolores de Salud de C\u00f3rdoba Unida, en di\u00e1logo con este medio denunci\u00f3 que \u201cla mayor\u00eda de los b\u00e1sicos no llegan a la canasta b\u00e1sica familiar\u201d y la situaci\u00f3n de precariedad que atraviesa el sector. Por otro lado, apunt\u00f3 que \u201clo \u00fanico que ha hecho el gobierno provincial fue dilatar los reclamos, buscando la divisi\u00f3n del sector en base al cansancio y apostando al miedo por medio de los descuentos por paro, en coordinaci\u00f3n con el gremio oficial\u201d. <\/span><b>\u201cLas medidas se van a recrudecer, seamos 10.000, 100 o 10\u201d, sentenci\u00f3<\/b><span style=\"font-weight: 400;\">.<\/span><\/p>\n<p><span style=\"font-weight: 400;\">A su vez, a medida que se suceden las protestas, la organizaci\u00f3n profundiza un marco de unidad aunando fuerzas con otros sectores de trabajo afectados por las pol\u00edticas que atentan contra las condiciones de vida de toda la poblaci\u00f3n, como los docentes p\u00fablicos y los jubilados, ampliando el reclamo salarial y presupuestario a la educaci\u00f3n, como as\u00ed tambi\u00e9n a trav\u00e9s de la exigencia de la derogaci\u00f3n de la ley jubilatoria N\u00b0 10.694.<\/span><\/p>\n<\/div>\n<div class=\"col-md-3\">\n<p>&nbsp;<\/p>\n<\/div>\n<\/div>\n","protected":false},"excerpt":{"rendered":"<p>La asamblea Salud de C\u00f3rdoba Unida realiz\u00f3 un nuevo paro con movilizaci\u00f3n el pasado mi\u00e9rcoles, en unidad con otros sectores de trabajadores y jubilados autoconvocados.<\/p>\n","protected":false},"author":2,"featured_media":7694,"comment_status":"open","ping_status":"open","sticky":false,"template":"","format":"standard","meta":{"_exactmetrics_skip_tracking":false,"_exactmetrics_sitenote_active":false,"_exactmetrics_sitenote_note":"","_exactmetrics_sitenote_category":0,"jnews-multi-image_gallery":[],"jnews_single_post":{"source_name":"","source_url":"","via_name":"","via_url":"","override_template":"0","override":[{"template":"1","single_blog_custom":"","parallax":"1","fullscreen":"1","layout":"right-sidebar","sidebar":"default-sidebar","second_sidebar":"default-sidebar","sticky_sidebar":"1","share_position":"top","share_float_style":"share-monocrhome","show_share_counter":"1","show_view_counter":"1","show_featured":"1","show_post_meta":"1","show_post_author":"1","show_post_author_image":"1","show_post_date":"1","post_date_format":"default","post_date_format_custom":"Y\/m\/d","show_post_category":"1","show_post_reading_time":"0","post_reading_time_wpm":"300","show_zoom_button":"0","zoom_button_out_step":"2","zoom_button_in_step":"3","show_post_tag":"1","show_prev_next_post":"1","show_popup_post":"1","number_popup_post":"1","show_author_box":"0","show_post_related":"0","show_inline_post_related":"0"}],"override_image_size":"0","image_override":[{"single_post_thumbnail_size":"crop-500","single_post_gallery_size":"crop-500"}],"trending_post":"0","trending_post_position":"meta","trending_post_label":"Trending","sponsored_post":"0","sponsored_post_label":"Sponsored by","sponsored_post_name":"","sponsored_post_url":"","sponsored_post_logo_enable":"0","sponsored_post_logo":"","sponsored_post_desc":""},"jnews_primary_category":{"id":""},"jnews_social_meta":{"fb_title":"","fb_description":"","fb_image":"","twitter_title":"","twitter_description":"","twitter_image":""},"jnews_override_counter":{"override_view_counter":"0","view_counter_number":"0","override_share_counter":"0","share_counter_number":"0","override_like_counter":"0","like_counter_number":"0","override_dislike_counter":"0","dislike_counter_number":"0"},"_joinchat":[],"footnotes":""},"categories":[22],"tags":[],"class_list":["post-7692","post","type-post","status-publish","format-standard","has-post-thumbnail","hentry","category-actualidad"],"_links":{"self":[{"href":"https:\/\/tribunavm.com.ar\/index.php\/wp-json\/wp\/v2\/posts\/7692"}],"collection":[{"href":"https:\/\/tribunavm.com.ar\/index.php\/wp-json\/wp\/v2\/posts"}],"about":[{"href":"https:\/\/tribunavm.com.ar\/index.php\/wp-json\/wp\/v2\/types\/post"}],"author":[{"embeddable":true,"href":"https:\/\/tribunavm.com.ar\/index.php\/wp-json\/wp\/v2\/users\/2"}],"replies":[{"embeddable":true,"href":"https:\/\/tribunavm.com.ar\/index.php\/wp-json\/wp\/v2\/comments?post=7692"}],"version-history":[{"count":6,"href":"https:\/\/tribunavm.com.ar\/index.php\/wp-json\/wp\/v2\/posts\/7692\/revisions"}],"predecessor-version":[{"id":7701,"href":"https:\/\/tribunavm.com.ar\/index.php\/wp-json\/wp\/v2\/posts\/7692\/revisions\/7701"}],"wp:featuredmedia":[{"embeddable":true,"href":"https:\/\/tribunavm.com.ar\/index.php\/wp-json\/wp\/v2\/media\/7694"}],"wp:attachment":[{"href":"https:\/\/tribunavm.com.ar\/index.php\/wp-json\/wp\/v2\/media?parent=7692"}],"wp:term":[{"taxonomy":"category","embeddable":true,"href":"https:\/\/tribunavm.com.ar\/index.php\/wp-json\/wp\/v2\/categories?post=7692"},{"taxonomy":"post_tag","embeddable":true,"href":"https:\/\/tribunavm.com.ar\/index.php\/wp-json\/wp\/v2\/tags?post=7692"}],"curies":[{"name":"wp","href":"https:\/\/api.w.org\/{rel}","templated":true}]}}