{"id":7723,"date":"2023-03-19T22:38:47","date_gmt":"2023-03-19T22:38:47","guid":{"rendered":"https:\/\/tribunavm.com.ar\/?p=7723"},"modified":"2023-03-19T22:38:47","modified_gmt":"2023-03-19T22:38:47","slug":"aumento-record-del-costo-de-las-condiciones-de-vida","status":"publish","type":"post","link":"https:\/\/tribunavm.com.ar\/index.php\/2023\/03\/19\/aumento-record-del-costo-de-las-condiciones-de-vida\/","title":{"rendered":"Aumento r\u00e9cord del costo de las condiciones de vida"},"content":{"rendered":"<div class=\"row clearfix\">\n<div class=\"col-md-8\">\n<div class=\"intro-text\">\n<p><span style=\"font-weight: 400;\">La canasta alimentaria aument\u00f3 en febrero casi el 12% llegando a superar el 115% interanual.\u00a0<\/span><\/p>\n<\/div>\n<p><span style=\"font-weight: 400;\"><span class=\"dropcap \" style=\"background-color: #ffffff; color: #dd9933; border-color: #ffffff;\">A <\/span>partir del mes de febrero una familia integrada por dos adultos y dos menores necesit\u00f3 $177.000 para no ser pobre seg\u00fan el INDEC <span style=\"color: #ff9900;\">(<\/span><\/span><span style=\"color: #ff9900;\"><a style=\"color: #ff9900;\" href=\"https:\/\/www.indec.gob.ar\/uploads\/informesdeprensa\/canasta_03_23423CF673B4.pdf\"><span style=\"font-weight: 400;\">ver informe completo<\/span><\/a><\/span><span style=\"font-weight: 400;\"><span style=\"color: #ff9900;\">)<\/span>. En el mes de febrero la Canasta Total (de alimentos sumado a otros bienes y servicios) aument\u00f3 en febrero 8,3%, mientras que<\/span><b> la Canasta B\u00e1sica Alimentaria aument\u00f3 11,7%, r\u00e9cord en m\u00e1s de dos d\u00e9cadas<\/b><span style=\"font-weight: 400;\">.\u00a0<\/span><\/p>\n<p><span style=\"font-weight: 400;\">En s\u00f3lo los dos primeros meses del a\u00f1o el aumento de los alimentos lleg\u00f3 a casi el 20% y, de esta manera, lleva un aumento interanual de m\u00e1s de 115%.<\/span><\/p>\n<p><span style=\"font-weight: 400;\">Seg\u00fan <\/span><span style=\"color: #ff9900;\"><a style=\"color: #ff9900;\" href=\"https:\/\/www.indec.gob.ar\/uploads\/informesdeprensa\/ipc_03_2370114036C9.pdf\"><span style=\"font-weight: 400;\">otro reporte<\/span><\/a><\/span><span style=\"font-weight: 400;\"> del organismo en el mes de febrero \u201cel aumento de Alimentos y bebidas no alcoh\u00f3licas (9,8%) fue el que m\u00e1s incidi\u00f3 en todas las regiones\u201d en el aumento general de los precios. Adem\u00e1s, agrega que se destac\u00f3 principalmente la suba de carnes y derivados, leche, productos l\u00e1cteos y huevos y frutas, alimentos b\u00e1sicos para la poblaci\u00f3n trabajadora.<\/span><\/p>\n<p><span style=\"font-weight: 400;\">Esta situaci\u00f3n se complejiza m\u00e1s ante los datos revelados por el <\/span><span style=\"color: #ff9900;\"><a style=\"color: #ff9900;\" href=\"https:\/\/ctaa.org.ar\/wp-content\/uploads\/2023\/03\/Boletin-Sociolaboral_3er-Trim-2022_v3.pdf\"><span style=\"font-weight: 400;\">Bolet\u00edn estad\u00edstico sociolaboral<\/span><\/a><\/span><span style=\"font-weight: 400;\"> que elabora el Instituto de estudios y formaci\u00f3n de la CTA Aut\u00f3noma, donde mencionan que \u201ccasi 4 de cada 10 trabajadores (actualmente trabajando) obtiene ingresos mensuales inferiores al Salario M\u00ednimo\u201d. Adem\u00e1s, \u201cla precarizaci\u00f3n trepa al 48,7% de la fuerza laboral\u201d, <\/span><b>mientras que en la poblaci\u00f3n juvenil los datos \u201cse vuelven a\u00fan m\u00e1s alarmantes: 8 de cada 10 trabajadores j\u00f3venes est\u00e1n precarizados\/as<\/b><span style=\"font-weight: 400;\">\u201d.<\/span><\/p>\n<p><span style=\"font-weight: 400;\">\u201c<\/span><b>M\u00e1s de la mitad de las ni\u00f1as, ni\u00f1os y adolescentes est\u00e1n por debajo de la l\u00ednea de pobreza<\/b><span style=\"font-weight: 400;\"> (51,9%), <\/span><b>mientras que el 11,8% no logra siquiera acceder a una alimentaci\u00f3n m\u00ednima<\/b><span style=\"font-weight: 400;\">\u201d, comenta el informe.<\/span><\/p>\n<\/div>\n<\/div>\n","protected":false},"excerpt":{"rendered":"<p>La canasta alimentaria aument\u00f3 en febrero casi el 12% llegando a superar el 115% interanual.\u00a0<\/p>\n","protected":false},"author":2,"featured_media":7726,"comment_status":"open","ping_status":"open","sticky":false,"template":"","format":"standard","meta":{"_exactmetrics_skip_tracking":false,"_exactmetrics_sitenote_active":false,"_exactmetrics_sitenote_note":"","_exactmetrics_sitenote_category":0,"jnews-multi-image_gallery":[],"jnews_single_post":{"source_name":"","source_url":"","via_name":"","via_url":"","override_template":"0","override":[{"template":"1","single_blog_custom":"","parallax":"1","fullscreen":"1","layout":"right-sidebar","sidebar":"default-sidebar","second_sidebar":"default-sidebar","sticky_sidebar":"1","share_position":"top","share_float_style":"share-monocrhome","show_share_counter":"1","show_view_counter":"1","show_featured":"1","show_post_meta":"1","show_post_author":"1","show_post_author_image":"1","show_post_date":"1","post_date_format":"default","post_date_format_custom":"Y\/m\/d","show_post_category":"1","show_post_reading_time":"0","post_reading_time_wpm":"300","show_zoom_button":"0","zoom_button_out_step":"2","zoom_button_in_step":"3","show_post_tag":"1","show_prev_next_post":"1","show_popup_post":"1","number_popup_post":"1","show_author_box":"0","show_post_related":"0","show_inline_post_related":"0"}],"override_image_size":"0","image_override":[{"single_post_thumbnail_size":"crop-500","single_post_gallery_size":"crop-500"}],"trending_post":"0","trending_post_position":"meta","trending_post_label":"Trending","sponsored_post":"0","sponsored_post_label":"Sponsored by","sponsored_post_name":"","sponsored_post_url":"","sponsored_post_logo_enable":"0","sponsored_post_logo":"","sponsored_post_desc":""},"jnews_primary_category":{"id":"22"},"jnews_social_meta":{"fb_title":"","fb_description":"","fb_image":"","twitter_title":"","twitter_description":"","twitter_image":""},"jnews_override_counter":{"override_view_counter":"0","view_counter_number":"0","override_share_counter":"0","share_counter_number":"0","override_like_counter":"0","like_counter_number":"0","override_dislike_counter":"0","dislike_counter_number":"0"},"_joinchat":[],"footnotes":""},"categories":[277],"tags":[184,109,283,204,177],"class_list":["post-7723","post","type-post","status-publish","format-standard","has-post-thumbnail","hentry","category-latinoamerica","tag-canasta-basica","tag-condiciones-de-vida","tag-edicion-106","tag-indec","tag-pobreza"],"_links":{"self":[{"href":"https:\/\/tribunavm.com.ar\/index.php\/wp-json\/wp\/v2\/posts\/7723"}],"collection":[{"href":"https:\/\/tribunavm.com.ar\/index.php\/wp-json\/wp\/v2\/posts"}],"about":[{"href":"https:\/\/tribunavm.com.ar\/index.php\/wp-json\/wp\/v2\/types\/post"}],"author":[{"embeddable":true,"href":"https:\/\/tribunavm.com.ar\/index.php\/wp-json\/wp\/v2\/users\/2"}],"replies":[{"embeddable":true,"href":"https:\/\/tribunavm.com.ar\/index.php\/wp-json\/wp\/v2\/comments?post=7723"}],"version-history":[{"count":1,"href":"https:\/\/tribunavm.com.ar\/index.php\/wp-json\/wp\/v2\/posts\/7723\/revisions"}],"predecessor-version":[{"id":7727,"href":"https:\/\/tribunavm.com.ar\/index.php\/wp-json\/wp\/v2\/posts\/7723\/revisions\/7727"}],"wp:featuredmedia":[{"embeddable":true,"href":"https:\/\/tribunavm.com.ar\/index.php\/wp-json\/wp\/v2\/media\/7726"}],"wp:attachment":[{"href":"https:\/\/tribunavm.com.ar\/index.php\/wp-json\/wp\/v2\/media?parent=7723"}],"wp:term":[{"taxonomy":"category","embeddable":true,"href":"https:\/\/tribunavm.com.ar\/index.php\/wp-json\/wp\/v2\/categories?post=7723"},{"taxonomy":"post_tag","embeddable":true,"href":"https:\/\/tribunavm.com.ar\/index.php\/wp-json\/wp\/v2\/tags?post=7723"}],"curies":[{"name":"wp","href":"https:\/\/api.w.org\/{rel}","templated":true}]}}