{"id":7728,"date":"2023-03-19T23:08:01","date_gmt":"2023-03-19T23:08:01","guid":{"rendered":"https:\/\/tribunavm.com.ar\/?p=7728"},"modified":"2023-03-19T23:08:08","modified_gmt":"2023-03-19T23:08:08","slug":"se-profundizan-los-reclamos-por-el-transporte-en-la-unvm","status":"publish","type":"post","link":"https:\/\/tribunavm.com.ar\/index.php\/2023\/03\/19\/se-profundizan-los-reclamos-por-el-transporte-en-la-unvm\/","title":{"rendered":"Se profundizan los reclamos por el transporte en la UNVM"},"content":{"rendered":"<div class=\"row clearfix\">\n<div class=\"col-md-8\">\n<p><span style=\"color: #212121; font-size: 1.5em; letter-spacing: -0.01em;\">Frente a los problemas en el sistema de transporte, estudiantes y trabajadores exigen a las empresas una respuesta.\u00a0<\/span><\/p>\n<p><span style=\"font-weight: 400;\"><span class=\"dropcap \" style=\"background-color: #ffffff; color: #dd9933; border-color: #ffffff;\">L<\/span>os centros de estudiantes de los 3 institutos de la Universidad Nacional de Villa Mar\u00eda junto al gremio docente ADIUVIM realizaron una juntada de firmas acompa\u00f1ada por una encuesta que se difundi\u00f3 a la comunidad para relevar las problem\u00e1ticas con las que se encuentran al utilizar el transporte p\u00fablico.\u00a0<\/span><\/p>\n<p><img loading=\"lazy\" decoding=\"async\" class=\"aligncenter size-full wp-image-7729\" src=\"https:\/\/tribunavm.com.ar\/wp-content\/uploads\/2023\/03\/Foto-interna-firmas.jpg\" alt=\"\" width=\"1080\" height=\"1080\" srcset=\"https:\/\/tribunavm.com.ar\/wp-content\/uploads\/2023\/03\/Foto-interna-firmas.jpg 1080w, https:\/\/tribunavm.com.ar\/wp-content\/uploads\/2023\/03\/Foto-interna-firmas-300x300.jpg 300w, https:\/\/tribunavm.com.ar\/wp-content\/uploads\/2023\/03\/Foto-interna-firmas-1024x1024.jpg 1024w, https:\/\/tribunavm.com.ar\/wp-content\/uploads\/2023\/03\/Foto-interna-firmas-150x150.jpg 150w, https:\/\/tribunavm.com.ar\/wp-content\/uploads\/2023\/03\/Foto-interna-firmas-768x768.jpg 768w, https:\/\/tribunavm.com.ar\/wp-content\/uploads\/2023\/03\/Foto-interna-firmas-75x75.jpg 75w, https:\/\/tribunavm.com.ar\/wp-content\/uploads\/2023\/03\/Foto-interna-firmas-750x750.jpg 750w\" sizes=\"(max-width: 1080px) 100vw, 1080px\" \/><\/p>\n<p><span style=\"font-weight: 400;\">Candela Bastonero, integrante de la agrupaci\u00f3n Aluvi\u00f3n conducci\u00f3n del Centro de Estudiantes de Sociales, dijo a este medio que \u201cgracias al documento se recolect\u00f3 m\u00e1s de 500 firmas, lo que permiti\u00f3 respaldar los reclamos\u201d. Entre los mismos se encuentran \u201c<\/span><b>la insuficiencia de las l\u00edneas disponibles hasta el campus, el incumplimiento de los horarios de los recorridos y el estado deplorable de los bondis que se rompen con cotidianidad<\/b><span style=\"font-weight: 400;\">\u201d.\u00a0<\/span><\/p>\n<p><span style=\"font-weight: 400;\">Bastonero afirm\u00f3 que por el momento renovar\u00e1n el pedido de reuni\u00f3n con la empresa E.M.T.U.P.S.E., encargada del transporte, y las autoridades de la municipalidad y de la universidad con el fin de discutir las posibles soluciones y compartir los resultados de las encuestas realizadas.\u00a0<\/span><\/p>\n<figure id=\"attachment_7731\" aria-describedby=\"caption-attachment-7731\" style=\"width: 768px\" class=\"wp-caption aligncenter\"><img loading=\"lazy\" decoding=\"async\" class=\"wp-image-7731 size-jnews-1140x570\" src=\"https:\/\/tribunavm.com.ar\/wp-content\/uploads\/2023\/03\/Estudiantes-de-la-agrupacion-Aluvion-en-reunion-con-Jose-Fernandez-titular-de-EMPTUP-768x570.jpeg\" alt=\"\" width=\"768\" height=\"570\" \/><figcaption id=\"caption-attachment-7731\" class=\"wp-caption-text\">Estudiantes de la agrupaci\u00f3n Aluvi\u00f3n, en reuni\u00f3n con Jos\u00e9 Fernandez, titular de EMPTUP<\/figcaption><\/figure>\n<p><b>\u201cEl problema de transporte no solo afecta a los estudiantes de la uni, tambi\u00e9n est\u00e1 perjudicando a la comunidad de Villa Mar\u00eda que no puede acceder a un transporte de calidad\u201d<\/b><span style=\"font-weight: 400;\">. \u201cPese a que se presentaron notas a la empresa y a la municipalidad, no se ha recibido ninguna respuesta&#8221;, sentenci\u00f3 Candela.\u00a0<\/span><\/p>\n<h4><span style=\"color: #ff9900;\"><b>Un problema provincial\u00a0<\/b><\/span><\/h4>\n<p><span style=\"font-weight: 400;\">Durante la semana pasada estudiantes y trabajadores de la Universidad Nacional de R\u00edo Cuarto han elevado reclamos por el estado del servicio que ofrece la empresa SAT, encargada del transporte urbano en la ciudad.\u00a0<\/span><\/p>\n<p><span style=\"font-weight: 400;\">En el campus universitario se llev\u00f3 a cabo una reuni\u00f3n en la que estuvieron presentes autoridades municipales, funcionarios universitarios y estudiantes e intercambiaron sobre las problem\u00e1ticas que tiene el servicio de transporte. La Federaci\u00f3n Universitaria (FURC) afirm\u00f3 a trav\u00e9s de un documento que \u201chay escasez de horarios, falta de unidades y falencias en cuanto a seguridad y accesibilidad\u201d.<\/span><\/p>\n<\/div>\n<\/div>\n","protected":false},"excerpt":{"rendered":"<p>Frente a los problemas en el sistema de transporte, estudiantes y trabajadores exigen a las empresas una respuesta.\u00a0<\/p>\n","protected":false},"author":2,"featured_media":7730,"comment_status":"open","ping_status":"open","sticky":false,"template":"","format":"standard","meta":{"_exactmetrics_skip_tracking":false,"_exactmetrics_sitenote_active":false,"_exactmetrics_sitenote_note":"","_exactmetrics_sitenote_category":0,"jnews-multi-image_gallery":[],"jnews_single_post":{"source_name":"","source_url":"","via_name":"","via_url":"","override_template":"0","override":[{"template":"1","single_blog_custom":"","parallax":"1","fullscreen":"1","layout":"right-sidebar","sidebar":"default-sidebar","second_sidebar":"default-sidebar","sticky_sidebar":"1","share_position":"top","share_float_style":"share-monocrhome","show_share_counter":"1","show_view_counter":"1","show_featured":"1","show_post_meta":"1","show_post_author":"1","show_post_author_image":"1","show_post_date":"1","post_date_format":"default","post_date_format_custom":"Y\/m\/d","show_post_category":"1","show_post_reading_time":"0","post_reading_time_wpm":"300","show_zoom_button":"0","zoom_button_out_step":"2","zoom_button_in_step":"3","show_post_tag":"1","show_prev_next_post":"1","show_popup_post":"1","number_popup_post":"1","show_author_box":"0","show_post_related":"0","show_inline_post_related":"0"}],"override_image_size":"0","image_override":[{"single_post_thumbnail_size":"crop-500","single_post_gallery_size":"crop-500"}],"trending_post":"0","trending_post_position":"meta","trending_post_label":"Trending","sponsored_post":"0","sponsored_post_label":"Sponsored by","sponsored_post_name":"","sponsored_post_url":"","sponsored_post_logo_enable":"0","sponsored_post_logo":"","sponsored_post_desc":""},"jnews_primary_category":{"id":"22"},"jnews_social_meta":{"fb_title":"","fb_description":"","fb_image":"","twitter_title":"","twitter_description":"","twitter_image":""},"jnews_override_counter":{"override_view_counter":"0","view_counter_number":"0","override_share_counter":"0","share_counter_number":"0","override_like_counter":"0","like_counter_number":"0","override_dislike_counter":"0","dislike_counter_number":"0"},"_joinchat":[],"footnotes":""},"categories":[22],"tags":[283,78,192],"class_list":["post-7728","post","type-post","status-publish","format-standard","has-post-thumbnail","hentry","category-actualidad","tag-edicion-106","tag-estudiantes","tag-movimiento"],"_links":{"self":[{"href":"https:\/\/tribunavm.com.ar\/index.php\/wp-json\/wp\/v2\/posts\/7728"}],"collection":[{"href":"https:\/\/tribunavm.com.ar\/index.php\/wp-json\/wp\/v2\/posts"}],"about":[{"href":"https:\/\/tribunavm.com.ar\/index.php\/wp-json\/wp\/v2\/types\/post"}],"author":[{"embeddable":true,"href":"https:\/\/tribunavm.com.ar\/index.php\/wp-json\/wp\/v2\/users\/2"}],"replies":[{"embeddable":true,"href":"https:\/\/tribunavm.com.ar\/index.php\/wp-json\/wp\/v2\/comments?post=7728"}],"version-history":[{"count":1,"href":"https:\/\/tribunavm.com.ar\/index.php\/wp-json\/wp\/v2\/posts\/7728\/revisions"}],"predecessor-version":[{"id":7732,"href":"https:\/\/tribunavm.com.ar\/index.php\/wp-json\/wp\/v2\/posts\/7728\/revisions\/7732"}],"wp:featuredmedia":[{"embeddable":true,"href":"https:\/\/tribunavm.com.ar\/index.php\/wp-json\/wp\/v2\/media\/7730"}],"wp:attachment":[{"href":"https:\/\/tribunavm.com.ar\/index.php\/wp-json\/wp\/v2\/media?parent=7728"}],"wp:term":[{"taxonomy":"category","embeddable":true,"href":"https:\/\/tribunavm.com.ar\/index.php\/wp-json\/wp\/v2\/categories?post=7728"},{"taxonomy":"post_tag","embeddable":true,"href":"https:\/\/tribunavm.com.ar\/index.php\/wp-json\/wp\/v2\/tags?post=7728"}],"curies":[{"name":"wp","href":"https:\/\/api.w.org\/{rel}","templated":true}]}}