{"id":7749,"date":"2023-03-19T23:24:43","date_gmt":"2023-03-19T23:24:43","guid":{"rendered":"https:\/\/tribunavm.com.ar\/?p=7749"},"modified":"2023-03-19T23:27:12","modified_gmt":"2023-03-19T23:27:12","slug":"primer-reunion-anual-de-aea","status":"publish","type":"post","link":"https:\/\/tribunavm.com.ar\/index.php\/2023\/03\/19\/primer-reunion-anual-de-aea\/","title":{"rendered":"Primer reuni\u00f3n anual de AEA"},"content":{"rendered":"<div class=\"row clearfix\">\n<div class=\"col-md-8\">\n<div class=\"intro-text\">\n<p><span style=\"font-weight: 400;\">La instituci\u00f3n empresarial resalt\u00f3 la divisi\u00f3n de poderes y la necesidad de contar con una Justicia independiente como principales demandas.<\/span><\/p>\n<\/div>\n<p><span style=\"font-weight: 400;\"><span class=\"dropcap \" style=\"background-color: #ffffff; color: #dd9933; border-color: #ffffff;\">L<\/span>a Asociaci\u00f3n Empresaria Argentina (AEA), entidad que re\u00fane a los representantes de las empresas m\u00e1s grandes del pa\u00eds, tuvo su primera reuni\u00f3n en este a\u00f1o en una asamblea que defini\u00f3 la renovaci\u00f3n de sus autoridades.\u00a0<\/span><\/p>\n<p><span style=\"font-weight: 400;\">Su actual presidente, Jaime Campos, fue reelegido para un nuevo mandato al frente de la organizaci\u00f3n mientras que como vicepresidentes quedaron: Luis Pagani (Arcor), Paolo Rocca (Grupo Techint), H\u00e9ctor Magnetto (Grupo Clar\u00edn), Sebasti\u00e1n Bag\u00f3 (Laboratorios Bag\u00f3), Carlos Miguens (Grupo Miguens), Alfredo Coto (Coto), Cristiano Rattazzi (Gruppo Modena), Federico Braun (La An\u00f3nima) y Luis Perez Companc (Grupo Perez Companc).<\/span><\/p>\n<p><span style=\"font-weight: 400;\">\u201cEn el marco de los 40 a\u00f1os de recuperaci\u00f3n de la democracia, subrayamos la extraordinaria relevancia del principio constitucional de la divisi\u00f3n de poderes y de contar con una Justicia independiente\u201d, resalt\u00f3 la entidad en un comunicado.<\/span><\/p>\n<p><b>\u201cLos beneficios para la Argentina de avanzar decididamente en esta direcci\u00f3n son evidentes ya que posibilitar\u00e1n la movilizaci\u00f3n de las energ\u00edas del sector privado generando m\u00e1s ingresos, empleos y reduciendo la pobreza\u201d<\/b><span style=\"font-weight: 400;\">, a\u00f1adieron los empresarios.<\/span><\/p>\n<\/div>\n<\/div>\n","protected":false},"excerpt":{"rendered":"<p>La instituci\u00f3n empresarial resalt\u00f3 la divisi\u00f3n de poderes y la necesidad de contar con una Justicia independiente como principales demandas.<\/p>\n","protected":false},"author":2,"featured_media":7750,"comment_status":"open","ping_status":"open","sticky":false,"template":"","format":"standard","meta":{"_exactmetrics_skip_tracking":false,"_exactmetrics_sitenote_active":false,"_exactmetrics_sitenote_note":"","_exactmetrics_sitenote_category":0,"jnews-multi-image_gallery":[],"jnews_single_post":{"source_name":"","source_url":"","via_name":"","via_url":"","override_template":"0","override":[{"template":"1","single_blog_custom":"","parallax":"1","fullscreen":"1","layout":"right-sidebar","sidebar":"default-sidebar","second_sidebar":"default-sidebar","sticky_sidebar":"1","share_position":"top","share_float_style":"share-monocrhome","show_share_counter":"1","show_view_counter":"1","show_featured":"1","show_post_meta":"1","show_post_author":"1","show_post_author_image":"1","show_post_date":"1","post_date_format":"default","post_date_format_custom":"Y\/m\/d","show_post_category":"1","show_post_reading_time":"0","post_reading_time_wpm":"300","show_zoom_button":"0","zoom_button_out_step":"2","zoom_button_in_step":"3","show_post_tag":"1","show_prev_next_post":"1","show_popup_post":"1","number_popup_post":"1","show_author_box":"0","show_post_related":"0","show_inline_post_related":"0"}],"override_image_size":"0","image_override":[{"single_post_thumbnail_size":"crop-500","single_post_gallery_size":"crop-500"}],"trending_post":"0","trending_post_position":"meta","trending_post_label":"Trending","sponsored_post":"0","sponsored_post_label":"Sponsored by","sponsored_post_name":"","sponsored_post_url":"","sponsored_post_logo_enable":"0","sponsored_post_logo":"","sponsored_post_desc":""},"jnews_primary_category":{"id":"278"},"jnews_social_meta":{"fb_title":"","fb_description":"","fb_image":"","twitter_title":"","twitter_description":"","twitter_image":""},"jnews_override_counter":{"override_view_counter":"0","view_counter_number":"0","override_share_counter":"0","share_counter_number":"0","override_like_counter":"0","like_counter_number":"0","override_dislike_counter":"0","dislike_counter_number":"0"},"_joinchat":[],"footnotes":""},"categories":[278],"tags":[283,228],"class_list":["post-7749","post","type-post","status-publish","format-standard","has-post-thumbnail","hentry","category-economia","tag-edicion-106","tag-sector"],"_links":{"self":[{"href":"https:\/\/tribunavm.com.ar\/index.php\/wp-json\/wp\/v2\/posts\/7749"}],"collection":[{"href":"https:\/\/tribunavm.com.ar\/index.php\/wp-json\/wp\/v2\/posts"}],"about":[{"href":"https:\/\/tribunavm.com.ar\/index.php\/wp-json\/wp\/v2\/types\/post"}],"author":[{"embeddable":true,"href":"https:\/\/tribunavm.com.ar\/index.php\/wp-json\/wp\/v2\/users\/2"}],"replies":[{"embeddable":true,"href":"https:\/\/tribunavm.com.ar\/index.php\/wp-json\/wp\/v2\/comments?post=7749"}],"version-history":[{"count":1,"href":"https:\/\/tribunavm.com.ar\/index.php\/wp-json\/wp\/v2\/posts\/7749\/revisions"}],"predecessor-version":[{"id":7751,"href":"https:\/\/tribunavm.com.ar\/index.php\/wp-json\/wp\/v2\/posts\/7749\/revisions\/7751"}],"wp:featuredmedia":[{"embeddable":true,"href":"https:\/\/tribunavm.com.ar\/index.php\/wp-json\/wp\/v2\/media\/7750"}],"wp:attachment":[{"href":"https:\/\/tribunavm.com.ar\/index.php\/wp-json\/wp\/v2\/media?parent=7749"}],"wp:term":[{"taxonomy":"category","embeddable":true,"href":"https:\/\/tribunavm.com.ar\/index.php\/wp-json\/wp\/v2\/categories?post=7749"},{"taxonomy":"post_tag","embeddable":true,"href":"https:\/\/tribunavm.com.ar\/index.php\/wp-json\/wp\/v2\/tags?post=7749"}],"curies":[{"name":"wp","href":"https:\/\/api.w.org\/{rel}","templated":true}]}}