{"id":7758,"date":"2023-03-20T00:17:39","date_gmt":"2023-03-20T00:17:39","guid":{"rendered":"https:\/\/tribunavm.com.ar\/?p=7758"},"modified":"2023-03-20T00:19:26","modified_gmt":"2023-03-20T00:19:26","slug":"la-canasta-basica-es-inalcanzable-para-jubilados-y-trabajadores","status":"publish","type":"post","link":"https:\/\/tribunavm.com.ar\/index.php\/2023\/03\/20\/la-canasta-basica-es-inalcanzable-para-jubilados-y-trabajadores\/","title":{"rendered":"La canasta b\u00e1sica es inalcanzable para jubilados y trabajadores"},"content":{"rendered":"<div class=\"row clearfix\">\n<div class=\"col-md-8\">\n<div class=\"intro-text\">\n<p><span style=\"font-weight: 400;\">La vicepresidenta de AJA nos coment\u00f3 cu\u00e1les son los problemas que atraviesan los jubilados del pa\u00eds en la actualidad.\u00a0<\/span><\/p>\n<\/div>\n<p><span style=\"font-weight: 400;\"><span class=\"dropcap \" style=\"background-color: #ffffff; color: #dd9933; border-color: #ffffff;\">D<\/span>esde Tribuna dialogamos con Sonia Oddinno, docente jubilada que participa de la Asociaci\u00f3n Jubilados de Argentina (AJA), ocupando el cargo de vicepresidenta.<\/span><\/p>\n<p><span style=\"font-weight: 400;\">La entidad naci\u00f3 en 2021 en la ciudad de Villa Mar\u00eda con la pretensi\u00f3n de agrupar a los jubilados de todo el pa\u00eds, sin distinci\u00f3n de rama laboral de la cual provengan.\u00a0<\/span><\/p>\n<p><span style=\"color: #ff9900;\"><b>\u00bfC\u00f3mo ves la situaci\u00f3n de los jubilados en la actualidad?<\/b><\/span><\/p>\n<p><span style=\"font-weight: 400;\">La situaci\u00f3n tanto provincial como nacional es de extrema gravedad, <\/span><b>los jubilados y pensionados que cobran 60 mil pesos no les alcanza ni siquiera para comer. <\/b><span style=\"font-weight: 400;\">A esto se le suma la inflaci\u00f3n galopante (7% en febrero) que deja al jubilado en condiciones m\u00ednimas para sobrevivir.\u00a0<\/span><\/p>\n<p><span style=\"font-weight: 400;\">La otra problem\u00e1tica que nos afecta especialmente a nivel provincial, es la ley 10.964, <\/span><a href=\"https:\/\/tribunavm.com.ar\/index.php\/2020\/05\/21\/entre-gallos-y-medianoche-schiaretti-recorta-jubilaciones-provinciales\/\"><span style=\"font-weight: 400;\"><span style=\"color: #ff9900;\">aprobada en 2020 entre gallos y medianoche<\/span><\/span><\/a><span style=\"font-weight: 400;\">, y en plena pandemia, que somete a los trabajadores de sectores pasivos al achicamiento de sus ingresos.\u00a0<\/span><\/p>\n<p><span style=\"font-weight: 400;\">Dicha ley implica que en vez de jubilarnos con el 82% m\u00f3vil como hac\u00edamos antes, nos jubilemos con un escaso 63% del sueldo que cobra un activo, con el agravante que los aumentos salariales que se aprueben se pagan uno o dos meses despu\u00e9s en las jubilaciones.\u00a0<\/span><\/p>\n<p><span style=\"font-weight: 400;\">Los legisladores que votaron a favor de la ley, tanto oposici\u00f3n como oficialismo, se nos rien en la cara y es lamentable porque ni siquiera piensan en que alg\u00fan d\u00eda ellos mismos tambi\u00e9n van a sufrir las consecuencias.\u00a0<\/span><\/p>\n<p><span style=\"color: #ff9900;\"><b>\u00bfC\u00f3mo es el acceso a la salud para un jubilado?<\/b><\/span><\/p>\n<p><span style=\"font-weight: 400;\">Tenemos varios problemas con respecto al acceso a la salud. En nuestra provincia usamos el Apross, pero el 99% de los m\u00e9dicos locales no nos quiere atender por esa mutual, y nos obligan a pagar los honorarios. Cabe aclarar, que entendemos que no es culpa de los m\u00e9dicos o de las cl\u00ednicas, sino que el propio Apross que no les paga en tiempo y forma, motivo por el cual no nos atienden.\u00a0<\/span><\/p>\n<p><span style=\"font-weight: 400;\">Lo mismo pasa con Pami, que dice cubrir todos los medicamentos pero no es as\u00ed. Mientras tanto, uno se pone grande y cada vez tiene m\u00e1s gastos en medicaci\u00f3n y necesidad de atenci\u00f3n de la salud.\u00a0<\/span><\/p>\n<p><b>Parece que los que toman las decisiones en este pa\u00eds no lo hacen con los pies en la realidad y esto lo tenemos que discutir con los trabajadores que est\u00e1n activos porque van a sufrir lo mismo que vivimos nosotros cuando se jubilen.<\/b><span style=\"font-weight: 400;\">\u00a0<\/span><\/p>\n<p><span style=\"color: #ff9900;\"><b>\u00bfC\u00f3mo ves la situaci\u00f3n del trabajador?<\/b><\/span><\/p>\n<p><span style=\"font-weight: 400;\">Vivimos en un contexto cada vez peor, con el tiempo vemos como aumenta la tasa de desempleo o de empleo informal y precarizado, esto agrava la situaci\u00f3n porque el trabajador activo deja de pagar su jubilaci\u00f3n, por ende, no hay aportantes en la caja que va perdiendo capital y ajusta porque no alcanza a cubrir los gastos.\u00a0<\/span><\/p>\n<p><span style=\"color: #ff9900;\"><b>\u00bfQu\u00e9 opinas acerca del proyecto para que los trabajadores que no cumplan con los a\u00f1os de aporte se puedan jubilar por medio de una quita en el aporte a percibir?<\/b><\/span><\/p>\n<p><span style=\"font-weight: 400;\">Lo que pasa es que en Argentina el sistema previsional no funciona como corresponde, no hay controles, entonces las patronales no realizan los aportes correspondientes. A su vez, hay trabajadores en condiciones precarias. Esto no es novedad porque hasta la misma municipalidad de Villa Mar\u00eda avala esta pr\u00e1ctica bajo la modalidad de contratos temporarios sin aportes o bajo la figura de monotributistas.\u00a0<\/span><\/p>\n<p><span style=\"font-weight: 400;\">Uno no est\u00e1 en contra del trabajador, pero si est\u00e1 en contra de que no se cuiden y protejan los derechos que el mismo debe percibir por realizar su labor, pero para proteger sus derechos el trabajador activo debe ser el primero en levantar la voz.\u00a0<\/span><\/p>\n<p><span style=\"font-weight: 400;\">Igualmente, sabemos que el dinero de las cajas de jubilaciones fue utilizado muchas veces para otros fines. Cuando hace falta dinero se saca de ah\u00ed.\u00a0<\/span><\/p>\n<p><span style=\"font-weight: 400;\">Sin ir m\u00e1s lejos, hay casos en los que uno aporta a caja nacional y provincial a la vez, pero al jubilarse tenes que optar por una sola -porque no se puede tener dos jubilaciones- con lo cual pierdes todos los a\u00f1os de aportes.\u00a0<\/span><\/p>\n<p><span style=\"font-weight: 400;\">Esto es injusto porque la vicepresidenta por ejemplo tiene dos jubilaciones de privilegio y yo que aporte durante toda mi vida, producto de mi trabajo no pude conservar las dos jubilaciones.\u00a0<\/span><\/p>\n<p><span style=\"color: #ff9900;\"><b>\u00bfCu\u00e1les son las luchas que est\u00e1n impulsando?<\/b><\/span><\/p>\n<p><span style=\"font-weight: 400;\">En primer medida para nosotros es importante acompa\u00f1ar y apoyar la lucha del trabajador docente y los agentes de salud p\u00fablica, porque tenemos que estar unidos, sin distinci\u00f3n por gremio ni entre los pasivos y activos, ya que la problem\u00e1tica que estamos atravesando nos perjudica a todos.\u00a0<\/span><\/p>\n<p><span style=\"font-weight: 400;\">La situaci\u00f3n es complicada, sinceramente no s\u00e9 cu\u00e1ndo llegaremos a tocar fondo, si ya no llegamos a cubrir la canasta b\u00e1sica, y lo estamos pagando todos los j\u00f3venes, profesionales, trabajadores de diferentes ramas, etc.\u00a0<\/span><\/p>\n<p><span style=\"font-weight: 400;\">Estamos en reuni\u00f3n permanente para organizarnos entre nosotros, no solo en medidas de fuerza sino tambi\u00e9n para lograr convenios con farmacias y as\u00ed poder acceder a algunos beneficios que no nos ofrecen las obras sociales.\u00a0\u00a0<\/span><\/p>\n<\/div>\n<\/div>\n","protected":false},"excerpt":{"rendered":"<p>La vicepresidenta de AJA nos coment\u00f3 cu\u00e1les son los problemas que atraviesan los jubilados del pa\u00eds en la actualidad.\u00a0<\/p>\n","protected":false},"author":2,"featured_media":7759,"comment_status":"open","ping_status":"open","sticky":false,"template":"","format":"standard","meta":{"_exactmetrics_skip_tracking":false,"_exactmetrics_sitenote_active":false,"_exactmetrics_sitenote_note":"","_exactmetrics_sitenote_category":0,"jnews-multi-image_gallery":[],"jnews_single_post":{"source_name":"","source_url":"","via_name":"","via_url":"","override_template":"0","override":[{"template":"1","single_blog_custom":"","parallax":"1","fullscreen":"1","layout":"right-sidebar","sidebar":"default-sidebar","second_sidebar":"default-sidebar","sticky_sidebar":"1","share_position":"top","share_float_style":"share-monocrhome","show_share_counter":"1","show_view_counter":"1","show_featured":"1","show_post_meta":"1","show_post_author":"1","show_post_author_image":"1","show_post_date":"1","post_date_format":"default","post_date_format_custom":"Y\/m\/d","show_post_category":"1","show_post_reading_time":"0","post_reading_time_wpm":"300","show_zoom_button":"0","zoom_button_out_step":"2","zoom_button_in_step":"3","show_post_tag":"1","show_prev_next_post":"1","show_popup_post":"1","number_popup_post":"1","show_author_box":"0","show_post_related":"0","show_inline_post_related":"0"}],"override_image_size":"0","image_override":[{"single_post_thumbnail_size":"crop-500","single_post_gallery_size":"crop-500"}],"trending_post":"0","trending_post_position":"meta","trending_post_label":"Trending","sponsored_post":"0","sponsored_post_label":"Sponsored by","sponsored_post_name":"","sponsored_post_url":"","sponsored_post_logo_enable":"0","sponsored_post_logo":"","sponsored_post_desc":""},"jnews_primary_category":{"id":"24"},"jnews_social_meta":{"fb_title":"","fb_description":"","fb_image":"","twitter_title":"","twitter_description":"","twitter_image":""},"jnews_override_counter":{"override_view_counter":"0","view_counter_number":"0","override_share_counter":"0","share_counter_number":"0","override_like_counter":"0","like_counter_number":"0","override_dislike_counter":"0","dislike_counter_number":"0"},"_joinchat":[],"footnotes":""},"categories":[24],"tags":[109,283,67,118],"class_list":["post-7758","post","type-post","status-publish","format-standard","has-post-thumbnail","hentry","category-opinion","tag-condiciones-de-vida","tag-edicion-106","tag-entrevista","tag-jubilados"],"_links":{"self":[{"href":"https:\/\/tribunavm.com.ar\/index.php\/wp-json\/wp\/v2\/posts\/7758"}],"collection":[{"href":"https:\/\/tribunavm.com.ar\/index.php\/wp-json\/wp\/v2\/posts"}],"about":[{"href":"https:\/\/tribunavm.com.ar\/index.php\/wp-json\/wp\/v2\/types\/post"}],"author":[{"embeddable":true,"href":"https:\/\/tribunavm.com.ar\/index.php\/wp-json\/wp\/v2\/users\/2"}],"replies":[{"embeddable":true,"href":"https:\/\/tribunavm.com.ar\/index.php\/wp-json\/wp\/v2\/comments?post=7758"}],"version-history":[{"count":1,"href":"https:\/\/tribunavm.com.ar\/index.php\/wp-json\/wp\/v2\/posts\/7758\/revisions"}],"predecessor-version":[{"id":7760,"href":"https:\/\/tribunavm.com.ar\/index.php\/wp-json\/wp\/v2\/posts\/7758\/revisions\/7760"}],"wp:featuredmedia":[{"embeddable":true,"href":"https:\/\/tribunavm.com.ar\/index.php\/wp-json\/wp\/v2\/media\/7759"}],"wp:attachment":[{"href":"https:\/\/tribunavm.com.ar\/index.php\/wp-json\/wp\/v2\/media?parent=7758"}],"wp:term":[{"taxonomy":"category","embeddable":true,"href":"https:\/\/tribunavm.com.ar\/index.php\/wp-json\/wp\/v2\/categories?post=7758"},{"taxonomy":"post_tag","embeddable":true,"href":"https:\/\/tribunavm.com.ar\/index.php\/wp-json\/wp\/v2\/tags?post=7758"}],"curies":[{"name":"wp","href":"https:\/\/api.w.org\/{rel}","templated":true}]}}