{"id":7786,"date":"2023-03-28T23:11:46","date_gmt":"2023-03-28T23:11:46","guid":{"rendered":"https:\/\/tribunavm.com.ar\/?p=7786"},"modified":"2023-03-28T23:11:46","modified_gmt":"2023-03-28T23:11:46","slug":"estudiantes-por-un-transporte-publico-digno","status":"publish","type":"post","link":"https:\/\/tribunavm.com.ar\/index.php\/2023\/03\/28\/estudiantes-por-un-transporte-publico-digno\/","title":{"rendered":"Estudiantes por un transporte p\u00fablico digno"},"content":{"rendered":"<div class=\"row clearfix\">\n<div class=\"col-md-8\">\n<p><span style=\"color: #212121; font-size: 1.5em; letter-spacing: -0.01em;\">Agrupaciones de la UNVM convocaron para el d\u00eda jueves a las 11 hs frente al Centro de Transferencia local \u201cpara exigir mejoras en el servicio de transporte de nuestra ciudad\u201d. Dialogamos con Romina Fern\u00e1ndez, integrante de la agrupaci\u00f3n Pueblo.<\/span><\/p>\n<p><span style=\"font-weight: 400;\"><span class=\"dropcap \" style=\"background-color: #ffffff; color: #dd9933; border-color: #ffffff;\">D<\/span>esde principios de a\u00f1o las agrupaciones estudiantiles de la Universidad Nacional de Villa Mar\u00eda (UNVM) junto con el gremio docente (ADIUVIM) advirtieron sobre problem\u00e1ticas relacionadas al transporte p\u00fablico en la ciudad.\u00a0<\/span><\/p>\n<p><b>Ver: <\/b><a href=\"https:\/\/tribunavm.com.ar\/index.php\/2023\/03\/19\/se-profundizan-los-reclamos-por-el-transporte-en-la-unvm\/\"><b>Se profundizan los reclamos por el transporte en la UNVM<\/b><\/a><\/p>\n<p><span style=\"font-weight: 400;\">El d\u00eda 13 de febrero lanzaron una encuesta titulada &#8220;La comunidad de la UNVM por un mejor transporte p\u00fablico&#8221; con la finalidad \u201cde visibilizar las dificultades que vivimos todos los d\u00edas como usuarios y usuarias del transporte p\u00fablico\u201d, seg\u00fan comentan en redes sociales.<\/span><\/p>\n<p><span style=\"font-weight: 400;\">Frente a los resultados de dicha encuesta, las agrupaciones enviaron una nota a las autoridades municipales y de la empresa encargada del transporte (EMTUPSE). En la misma \u201cse dej\u00f3 constancia de las m\u00faltiples demandas que tiene la comunidad universitaria en cuanto a la prestaci\u00f3n de dicho servicio\u201d.<\/span><\/p>\n<blockquote class=\"instagram-media\" data-instgrm-permalink=\"https:\/\/www.instagram.com\/p\/CqS_2ZQMnhc\/?utm_source=ig_embed&amp;utm_campaign=loading\" data-instgrm-version=\"14\" style=\" background:#FFF; border:0; border-radius:3px; box-shadow:0 0 1px 0 rgba(0,0,0,0.5),0 1px 10px 0 rgba(0,0,0,0.15); margin: 1px; max-width:540px; min-width:326px; padding:0; width:99.375%; width:-webkit-calc(100% - 2px); width:calc(100% - 2px);\">\n<div style=\"padding:16px;\"> <a href=\"https:\/\/www.instagram.com\/p\/CqS_2ZQMnhc\/?utm_source=ig_embed&amp;utm_campaign=loading\" style=\" background:#FFFFFF; line-height:0; padding:0 0; text-align:center; text-decoration:none; width:100%;\" target=\"_blank\" rel=\"noopener\"> <\/p>\n<div style=\" display: flex; flex-direction: row; align-items: center;\">\n<div style=\"background-color: #F4F4F4; border-radius: 50%; flex-grow: 0; height: 40px; margin-right: 14px; width: 40px;\"><\/div>\n<div style=\"display: flex; flex-direction: column; flex-grow: 1; justify-content: center;\">\n<div style=\" background-color: #F4F4F4; border-radius: 4px; flex-grow: 0; height: 14px; margin-bottom: 6px; width: 100px;\"><\/div>\n<div style=\" background-color: #F4F4F4; border-radius: 4px; flex-grow: 0; height: 14px; width: 60px;\"><\/div>\n<\/div>\n<\/div>\n<div style=\"padding: 19% 0;\"><\/div>\n<div style=\"display:block; height:50px; margin:0 auto 12px; width:50px;\"><svg width=\"50px\" height=\"50px\" viewBox=\"0 0 60 60\" version=\"1.1\" xmlns=\"https:\/\/www.w3.org\/2000\/svg\" xmlns:xlink=\"https:\/\/www.w3.org\/1999\/xlink\"><g stroke=\"none\" stroke-width=\"1\" fill=\"none\" fill-rule=\"evenodd\"><g transform=\"translate(-511.000000, -20.000000)\" fill=\"#000000\"><g><path d=\"M556.869,30.41 C554.814,30.41 553.148,32.076 553.148,34.131 C553.148,36.186 554.814,37.852 556.869,37.852 C558.924,37.852 560.59,36.186 560.59,34.131 C560.59,32.076 558.924,30.41 556.869,30.41 M541,60.657 C535.114,60.657 530.342,55.887 530.342,50 C530.342,44.114 535.114,39.342 541,39.342 C546.887,39.342 551.658,44.114 551.658,50 C551.658,55.887 546.887,60.657 541,60.657 M541,33.886 C532.1,33.886 524.886,41.1 524.886,50 C524.886,58.899 532.1,66.113 541,66.113 C549.9,66.113 557.115,58.899 557.115,50 C557.115,41.1 549.9,33.886 541,33.886 M565.378,62.101 C565.244,65.022 564.756,66.606 564.346,67.663 C563.803,69.06 563.154,70.057 562.106,71.106 C561.058,72.155 560.06,72.803 558.662,73.347 C557.607,73.757 556.021,74.244 553.102,74.378 C549.944,74.521 548.997,74.552 541,74.552 C533.003,74.552 532.056,74.521 528.898,74.378 C525.979,74.244 524.393,73.757 523.338,73.347 C521.94,72.803 520.942,72.155 519.894,71.106 C518.846,70.057 518.197,69.06 517.654,67.663 C517.244,66.606 516.755,65.022 516.623,62.101 C516.479,58.943 516.448,57.996 516.448,50 C516.448,42.003 516.479,41.056 516.623,37.899 C516.755,34.978 517.244,33.391 517.654,32.338 C518.197,30.938 518.846,29.942 519.894,28.894 C520.942,27.846 521.94,27.196 523.338,26.654 C524.393,26.244 525.979,25.756 528.898,25.623 C532.057,25.479 533.004,25.448 541,25.448 C548.997,25.448 549.943,25.479 553.102,25.623 C556.021,25.756 557.607,26.244 558.662,26.654 C560.06,27.196 561.058,27.846 562.106,28.894 C563.154,29.942 563.803,30.938 564.346,32.338 C564.756,33.391 565.244,34.978 565.378,37.899 C565.522,41.056 565.552,42.003 565.552,50 C565.552,57.996 565.522,58.943 565.378,62.101 M570.82,37.631 C570.674,34.438 570.167,32.258 569.425,30.349 C568.659,28.377 567.633,26.702 565.965,25.035 C564.297,23.368 562.623,22.342 560.652,21.575 C558.743,20.834 556.562,20.326 553.369,20.18 C550.169,20.033 549.148,20 541,20 C532.853,20 531.831,20.033 528.631,20.18 C525.438,20.326 523.257,20.834 521.349,21.575 C519.376,22.342 517.703,23.368 516.035,25.035 C514.368,26.702 513.342,28.377 512.574,30.349 C511.834,32.258 511.326,34.438 511.181,37.631 C511.035,40.831 511,41.851 511,50 C511,58.147 511.035,59.17 511.181,62.369 C511.326,65.562 511.834,67.743 512.574,69.651 C513.342,71.625 514.368,73.296 516.035,74.965 C517.703,76.634 519.376,77.658 521.349,78.425 C523.257,79.167 525.438,79.673 528.631,79.82 C531.831,79.965 532.853,80.001 541,80.001 C549.148,80.001 550.169,79.965 553.369,79.82 C556.562,79.673 558.743,79.167 560.652,78.425 C562.623,77.658 564.297,76.634 565.965,74.965 C567.633,73.296 568.659,71.625 569.425,69.651 C570.167,67.743 570.674,65.562 570.82,62.369 C570.966,59.17 571,58.147 571,50 C571,41.851 570.966,40.831 570.82,37.631\"><\/path><\/g><\/g><\/g><\/svg><\/div>\n<div style=\"padding-top: 8px;\">\n<div style=\" color:#3897f0; font-family:Arial,sans-serif; font-size:14px; font-style:normal; font-weight:550; line-height:18px;\">Ver esta publicaci\u00f3n en Instagram<\/div>\n<\/div>\n<div style=\"padding: 12.5% 0;\"><\/div>\n<div style=\"display: flex; flex-direction: row; margin-bottom: 14px; align-items: center;\">\n<div>\n<div style=\"background-color: #F4F4F4; border-radius: 50%; height: 12.5px; width: 12.5px; transform: translateX(0px) translateY(7px);\"><\/div>\n<div style=\"background-color: #F4F4F4; height: 12.5px; transform: rotate(-45deg) translateX(3px) translateY(1px); width: 12.5px; flex-grow: 0; margin-right: 14px; margin-left: 2px;\"><\/div>\n<div style=\"background-color: #F4F4F4; border-radius: 50%; height: 12.5px; width: 12.5px; transform: translateX(9px) translateY(-18px);\"><\/div>\n<\/div>\n<div style=\"margin-left: 8px;\">\n<div style=\" background-color: #F4F4F4; border-radius: 50%; flex-grow: 0; height: 20px; width: 20px;\"><\/div>\n<div style=\" width: 0; height: 0; border-top: 2px solid transparent; border-left: 6px solid #f4f4f4; border-bottom: 2px solid transparent; transform: translateX(16px) translateY(-4px) rotate(30deg)\"><\/div>\n<\/div>\n<div style=\"margin-left: auto;\">\n<div style=\" width: 0px; border-top: 8px solid #F4F4F4; border-right: 8px solid transparent; transform: translateY(16px);\"><\/div>\n<div style=\" background-color: #F4F4F4; flex-grow: 0; height: 12px; width: 16px; transform: translateY(-4px);\"><\/div>\n<div style=\" width: 0; height: 0; border-top: 8px solid #F4F4F4; border-left: 8px solid transparent; transform: translateY(-4px) translateX(8px);\"><\/div>\n<\/div>\n<\/div>\n<div style=\"display: flex; flex-direction: column; flex-grow: 1; justify-content: center; margin-bottom: 24px;\">\n<div style=\" background-color: #F4F4F4; border-radius: 4px; flex-grow: 0; height: 14px; margin-bottom: 6px; width: 224px;\"><\/div>\n<div style=\" background-color: #F4F4F4; border-radius: 4px; flex-grow: 0; height: 14px; width: 144px;\"><\/div>\n<\/div>\n<p><\/a><\/p>\n<p style=\" color:#c9c8cd; font-family:Arial,sans-serif; font-size:14px; line-height:17px; margin-bottom:0; margin-top:8px; overflow:hidden; padding:8px 0 7px; text-align:center; text-overflow:ellipsis; white-space:nowrap;\"><a href=\"https:\/\/www.instagram.com\/p\/CqS_2ZQMnhc\/?utm_source=ig_embed&amp;utm_campaign=loading\" style=\" color:#c9c8cd; font-family:Arial,sans-serif; font-size:14px; font-style:normal; font-weight:normal; line-height:17px; text-decoration:none;\" target=\"_blank\" rel=\"noopener\">Una publicaci\u00f3n compartida por El Aluvi\u00f3n UNVM (@elaluvion_unvm)<\/a><\/p>\n<\/div>\n<\/blockquote>\n<p> <script async src=\"\/\/www.instagram.com\/embed.js\"><\/script><\/p>\n<p><span style=\"font-weight: 400;\">Ante la falta de respuestas ante sus reclamos, las agrupaciones convocaron \u201ca estudiantes, docentes, no docentes y vecino\/as de la comunidad de Villa Mar\u00eda, <\/span><b>en el centro de transferencia el d\u00eda jueves 30\/03 a las 11 hs<\/b><span style=\"font-weight: 400;\">\u201d exigiendo <\/span><b>m\u00e1s l\u00edneas y frecuencias, accesibilidad en los colectivos, un mejor asesoramiento sobre el BEG y se\u00f1alizaci\u00f3n de las paradas.<\/b><\/p>\n<p><b>\u201cNo podemos pensar en una educaci\u00f3n p\u00fablica, libre y gratuita si no hay medios para acceder. No podemos pensar en una ciudad para todxs si no hay l\u00edneas que garanticen el acceso a los servicios p\u00fablicos de salud, de cultura, de educaci\u00f3n\u201d<\/b><span style=\"font-weight: 400;\">, comentaron.<\/span><\/p>\n<a href=\"https:\/\/tribunavm.com.ar\/wp-content\/uploads\/2023\/03\/Informe-TRANSPORTE.pdf\" class=\"pdfemb-viewer\" style=\"width:600px;height:900px;\" data-width=\"600\" data-height=\"900\" data-toolbar=\"bottom\" data-toolbar-fixed=\"off\">Informe TRANSPORTE<\/a>\n<p><span style=\"font-weight: 400;\">Desde Tribuna conversamos con Romina Fernandez, integrante de la agrupaci\u00f3n Pueblo, quien coment\u00f3 que esta ma\u00f1ana tuvieron \u201cuna reuni\u00f3n con la secretaria de bienestar, Marcela Pozzi, el secretario acad\u00e9mico, Javier Diaz Araujo, y el gremio no-docente APUVIM donde se tom\u00f3 la decisi\u00f3n de armar una mesa de di\u00e1logo m\u00e1s amplia con la empresa de TRANSBUS, EMTUPSE y autoridades de la Municipalidad de Villa Mar\u00eda\u201d.<\/span><\/p>\n<p><span style=\"font-weight: 400;\">Desde la empresa comentaron que \u201c<\/span><b>hubo un recorte en los subsidios que se destinaban a todo el pa\u00eds y que hoy se destinan s\u00f3lo al AMBA<\/b><span style=\"font-weight: 400;\">\u201d afectando directamente al servicio brindado en la ciudad.\u00a0<\/span><\/p>\n<figure id=\"attachment_7789\" aria-describedby=\"caption-attachment-7789\" style=\"width: 1056px\" class=\"wp-caption aligncenter\"><img loading=\"lazy\" decoding=\"async\" src=\"https:\/\/tribunavm.com.ar\/wp-content\/uploads\/2023\/03\/WhatsApp-Image-2023-03-28-at-17.32.51.jpeg\" alt=\"\" width=\"1056\" height=\"1280\" class=\"size-full wp-image-7789\" srcset=\"https:\/\/tribunavm.com.ar\/wp-content\/uploads\/2023\/03\/WhatsApp-Image-2023-03-28-at-17.32.51.jpeg 1056w, https:\/\/tribunavm.com.ar\/wp-content\/uploads\/2023\/03\/WhatsApp-Image-2023-03-28-at-17.32.51-248x300.jpeg 248w, https:\/\/tribunavm.com.ar\/wp-content\/uploads\/2023\/03\/WhatsApp-Image-2023-03-28-at-17.32.51-845x1024.jpeg 845w, https:\/\/tribunavm.com.ar\/wp-content\/uploads\/2023\/03\/WhatsApp-Image-2023-03-28-at-17.32.51-768x931.jpeg 768w, https:\/\/tribunavm.com.ar\/wp-content\/uploads\/2023\/03\/WhatsApp-Image-2023-03-28-at-17.32.51-750x909.jpeg 750w\" sizes=\"(max-width: 1056px) 100vw, 1056px\" \/><figcaption id=\"caption-attachment-7789\" class=\"wp-caption-text\">Romina Fern\u00e1ndez, integrante de la agrupaci\u00f3n Pueblo<\/figcaption><\/figure>\n<p><span style=\"font-weight: 400;\">La reuni\u00f3n de hoy \u201cno deshabilita la medida que se va a realizar el jueves. De nuestro lado expusimos los resultados obtenidos de las encuestas\u201d donde se refleja que<\/span><b> m\u00e1s del 80% de los encuestados \u201cdeclar\u00f3 que el servicio era malo\u201d<\/b><span style=\"font-weight: 400;\">.<\/span><\/p>\n<p><span style=\"font-weight: 400;\">Ante este panorama, Fern\u00e1ndez tambi\u00e9n coment\u00f3 que \u201chemos estado hablando con estudiantes, difundiendo flyers, pegando carteles y reforzando la invitaci\u00f3n en otros medios a toda la sociedad de Villa Mar\u00eda, porque creemos que es un servicio que en su funcionamiento nos afecta a todos\u201d. Adem\u00e1s <\/span><b>\u201cse dialog\u00f3 con docentes y personal de salud que hoy se encuentran manifest\u00e1ndose para invitarlos y mantenernos unidos en la lucha\u201d<\/b><span style=\"font-weight: 400;\">.<\/span><\/p>\n","protected":false},"excerpt":{"rendered":"<p>Agrupaciones de la UNVM convocaron para el d\u00eda jueves a las 11 hs frente al Centro de Transferencia local \u201cpara exigir mejoras en el servicio de transporte de nuestra ciudad\u201d. Dialogamos con Romina Fern\u00e1ndez, integrante de la agrupaci\u00f3n Pueblo. Desde principios de a\u00f1o las agrupaciones estudiantiles de la Universidad Nacional de Villa Mar\u00eda (UNVM) junto [&hellip;]<\/p>\n","protected":false},"author":2,"featured_media":7791,"comment_status":"open","ping_status":"open","sticky":false,"template":"","format":"standard","meta":{"_exactmetrics_skip_tracking":false,"_exactmetrics_sitenote_active":false,"_exactmetrics_sitenote_note":"","_exactmetrics_sitenote_category":0,"jnews-multi-image_gallery":[],"jnews_single_post":{"source_name":"","source_url":"","via_name":"","via_url":"","override_template":"0","override":[{"template":"1","single_blog_custom":"","parallax":"1","fullscreen":"1","layout":"right-sidebar","sidebar":"default-sidebar","second_sidebar":"default-sidebar","sticky_sidebar":"1","share_position":"top","share_float_style":"share-monocrhome","show_share_counter":"1","show_view_counter":"1","show_featured":"1","show_post_meta":"1","show_post_author":"1","show_post_author_image":"1","show_post_date":"1","post_date_format":"default","post_date_format_custom":"Y\/m\/d","show_post_category":"1","show_post_reading_time":"0","post_reading_time_wpm":"300","show_zoom_button":"0","zoom_button_out_step":"2","zoom_button_in_step":"3","show_post_tag":"1","show_prev_next_post":"1","show_popup_post":"1","number_popup_post":"1","show_author_box":"0","show_post_related":"0","show_inline_post_related":"0"}],"override_image_size":"0","image_override":[{"single_post_thumbnail_size":"crop-500","single_post_gallery_size":"crop-500"}],"trending_post":"0","trending_post_position":"meta","trending_post_label":"Trending","sponsored_post":"0","sponsored_post_label":"Sponsored by","sponsored_post_name":"","sponsored_post_url":"","sponsored_post_logo_enable":"0","sponsored_post_logo":"","sponsored_post_desc":""},"jnews_primary_category":{"id":"27"},"jnews_social_meta":{"fb_title":"","fb_description":"","fb_image":"","twitter_title":"","twitter_description":"","twitter_image":""},"jnews_override_counter":{"override_view_counter":"0","view_counter_number":"0","override_share_counter":"0","share_counter_number":"0","override_like_counter":"0","like_counter_number":"0","override_dislike_counter":"0","dislike_counter_number":"0"},"_joinchat":[],"footnotes":""},"categories":[27],"tags":[109,72,50,78,85,192,34],"class_list":["post-7786","post","type-post","status-publish","format-standard","has-post-thumbnail","hentry","category-local","tag-condiciones-de-vida","tag-edicion-digital","tag-educacion","tag-estudiantes","tag-movilizaciones","tag-movimiento","tag-social"],"_links":{"self":[{"href":"https:\/\/tribunavm.com.ar\/index.php\/wp-json\/wp\/v2\/posts\/7786"}],"collection":[{"href":"https:\/\/tribunavm.com.ar\/index.php\/wp-json\/wp\/v2\/posts"}],"about":[{"href":"https:\/\/tribunavm.com.ar\/index.php\/wp-json\/wp\/v2\/types\/post"}],"author":[{"embeddable":true,"href":"https:\/\/tribunavm.com.ar\/index.php\/wp-json\/wp\/v2\/users\/2"}],"replies":[{"embeddable":true,"href":"https:\/\/tribunavm.com.ar\/index.php\/wp-json\/wp\/v2\/comments?post=7786"}],"version-history":[{"count":1,"href":"https:\/\/tribunavm.com.ar\/index.php\/wp-json\/wp\/v2\/posts\/7786\/revisions"}],"predecessor-version":[{"id":7792,"href":"https:\/\/tribunavm.com.ar\/index.php\/wp-json\/wp\/v2\/posts\/7786\/revisions\/7792"}],"wp:featuredmedia":[{"embeddable":true,"href":"https:\/\/tribunavm.com.ar\/index.php\/wp-json\/wp\/v2\/media\/7791"}],"wp:attachment":[{"href":"https:\/\/tribunavm.com.ar\/index.php\/wp-json\/wp\/v2\/media?parent=7786"}],"wp:term":[{"taxonomy":"category","embeddable":true,"href":"https:\/\/tribunavm.com.ar\/index.php\/wp-json\/wp\/v2\/categories?post=7786"},{"taxonomy":"post_tag","embeddable":true,"href":"https:\/\/tribunavm.com.ar\/index.php\/wp-json\/wp\/v2\/tags?post=7786"}],"curies":[{"name":"wp","href":"https:\/\/api.w.org\/{rel}","templated":true}]}}