{"id":7829,"date":"2023-04-03T01:49:20","date_gmt":"2023-04-03T01:49:20","guid":{"rendered":"https:\/\/tribunavm.com.ar\/?p=7829"},"modified":"2023-04-03T01:49:20","modified_gmt":"2023-04-03T01:49:20","slug":"paro-de-docentes-universitarios","status":"publish","type":"post","link":"https:\/\/tribunavm.com.ar\/index.php\/2023\/04\/03\/paro-de-docentes-universitarios\/","title":{"rendered":"Paro de docentes universitarios"},"content":{"rendered":"<div class=\"row clearfix\">\n<div class=\"col-md-8\">\n<div class=\"intro-text\">\n<p><span style=\"font-weight: 400;\">En marzo la Conadu firm\u00f3 la paritaria docente con el Ministerio de Educaci\u00f3n. Sindicatos docentes de base plantean que los acuerdos son insuficientes.<\/span><\/p>\n<\/div>\n<p><span style=\"font-weight: 400;\"><span class=\"dropcap \" style=\"background-color: #ffffff; color: #dd9933; border-color: #ffffff;\">A<\/span> comienzos de marzo la Federaci\u00f3n Nacional de Docentes Universitarios (CONADU) firm\u00f3 la paritaria docente propuesta por el ministro de Educaci\u00f3n, Jaime Perczyk.<\/span><\/p>\n<p><span style=\"font-weight: 400;\">Seg\u00fan inform\u00f3 el gremio, la misma contempla la revisi\u00f3n 2022, la cual incorpora 2,8% al 94% acordado en la revisi\u00f3n de diciembre. Mientras que para 2023 los aumentos ser\u00e1n del 16% para marzo. \u201cAs\u00ed, en marzo se cobra 2% (cuota pendiente revisi\u00f3n 2022) + 2,8% (cierre de revisi\u00f3n 2022) + 16% (1er tramo acuerdo 2023)\u201d, detalla Conadu. Adem\u00e1s habr\u00e1 un incremento del 7% para mayo y 7% para junio.<\/span><\/p>\n<p><span style=\"font-weight: 400;\">Luego del acuerdo algunos sindicatos docentes de base plantearon su disconformidad al respecto y comenzaron planes de acci\u00f3n para incrementar los pisos salariales y mejores condiciones laborales.<\/span><\/p>\n<p><span style=\"font-weight: 400;\">Un ejemplo de ello fue Adiuc, gremio docente de la Universidad de C\u00f3rdoba, qui\u00e9n protagoniz\u00f3 el mi\u00e9rcoles 29 un abandono de tareas con concentraci\u00f3n en la sede gremial para luego movilizarse hasta el Pabell\u00f3n Argentina.<\/span><\/p>\n<p><span style=\"font-weight: 400;\">Entre los reclamos desde Adiuc expresaron \u201cjunto al tema salarial, el mejoramiento de las condiciones de trabajo y la jerarquizaci\u00f3n de la planta docente, entre otros puntos que demandamos desde hace a\u00f1os, y que -agravados por la pandemia- requieren respuestas urgentes por parte de las autoridades nacionales y de la UNC\u201d.<\/span><\/p>\n<p><span style=\"font-weight: 400;\">A trav\u00e9s de una<\/span><span style=\"color: #ff9900;\"><a style=\"color: #ff9900;\" href=\"https:\/\/elresaltador.com.ar\/los-docentes-universitarios-reclaman-un-proceso-de-recuperacion-del-salario-real\/?fbclid=PAAaZw3KqdkUW-p7s-sI6SYavjeFtcsdkkxbAng3baBpe30UYRoQx5UoHyz4M\"><span style=\"font-weight: 400;\"> entrevista con el medio El Resaltado<\/span><\/a><\/span><span style=\"font-weight: 400;\"><span style=\"color: #ff9900;\">r<\/span>, Javier Blanco, gremial de Adiuc, detall\u00f3 que la propuesta acordada &#8220;est\u00e1 por debajo de la inflaci\u00f3n de nuevo\u201d. \u201cLa actualizaci\u00f3n de marzo estuvo bien, que es del 16%, mientras que en abril no va a haber cuota de aumento\u201d. Por ello reclaman \u201cque se adelante la cuota y la revisi\u00f3n o que se reabra la paritaria&#8221;.\u00a0<\/span><\/p>\n<p><img loading=\"lazy\" decoding=\"async\" class=\"aligncenter size-full wp-image-7830\" src=\"https:\/\/tribunavm.com.ar\/wp-content\/uploads\/2023\/04\/javier-blanco-secretario-de-adiud.jpg\" alt=\"\" width=\"1600\" height=\"1066\" srcset=\"https:\/\/tribunavm.com.ar\/wp-content\/uploads\/2023\/04\/javier-blanco-secretario-de-adiud.jpg 1600w, https:\/\/tribunavm.com.ar\/wp-content\/uploads\/2023\/04\/javier-blanco-secretario-de-adiud-300x200.jpg 300w, https:\/\/tribunavm.com.ar\/wp-content\/uploads\/2023\/04\/javier-blanco-secretario-de-adiud-1024x682.jpg 1024w, https:\/\/tribunavm.com.ar\/wp-content\/uploads\/2023\/04\/javier-blanco-secretario-de-adiud-768x512.jpg 768w, https:\/\/tribunavm.com.ar\/wp-content\/uploads\/2023\/04\/javier-blanco-secretario-de-adiud-1536x1023.jpg 1536w, https:\/\/tribunavm.com.ar\/wp-content\/uploads\/2023\/04\/javier-blanco-secretario-de-adiud-750x500.jpg 750w, https:\/\/tribunavm.com.ar\/wp-content\/uploads\/2023\/04\/javier-blanco-secretario-de-adiud-1140x760.jpg 1140w\" sizes=\"(max-width: 1600px) 100vw, 1600px\" \/><\/p>\n<p><span style=\"font-weight: 400;\">Por otro lado, ampli\u00f3 su mirada acerca de las condiciones laborales desde que se aprob\u00f3 en 2015 el convenio colectivo, y destac\u00f3 que &#8220;desde entonces hasta hoy no ha habido ning\u00fan avance\u201d. Por ejemplo, \u201cla planta docente est\u00e1 virtualmente congelada, o sea no crece y las carreras crecieron much\u00edsimo en matr\u00edcula, entonces hay facultades donde ya el trabajo es casi inviable\u201d, comentaron.<\/span><\/p>\n<p><span style=\"font-weight: 400;\">Tambi\u00e9n la Conadu Hist\u00f3rica, otra de las federaciones universitarias, inici\u00f3 una semana de paros junto a sus gremios de base. \u201cLa adhesi\u00f3n a la medida de fuerza era muy alta en las Universidades Nacionales, Institutos y Colegios preuniversitarios en los que tienen presencia las 27 asociaciones de base nucleadas en esta federaci\u00f3n\u201d, detall\u00f3 Conadu H.\u00a0<\/span><\/p>\n<p><span style=\"font-weight: 400;\">Adem\u00e1s denunciaron que desde la UNCuyo y la UNC est\u00e1n planteando descuentos salariales por los d\u00edas de paro. Situaci\u00f3n similar que atraviesa la docencia cordobesa quien recibi\u00f3 el sueldo de marzo con los descuentos por d\u00edas de paro tras protagonizar intensas jornadas de lucha.<\/span><\/p>\n<p><span style=\"font-weight: 400;\">En el marco del paro de la Conadu H, en la facultad de Sociales de la Universidad de Buenos Aires (UBA,) docentes de la AGD realizaron clases p\u00fablicas para discutir acerca de la situaci\u00f3n que vive la docencia.<\/span><\/p>\n<p><iframe loading=\"lazy\" style=\"border: none; overflow: hidden;\" src=\"https:\/\/www.facebook.com\/plugins\/post.php?href=https%3A%2F%2Fwww.facebook.com%2Fagdsociales%2Fposts%2Fpfbid04TREQpPyMMWxX5pp1zXJo3HYvJCEmTrYpmN21qqoAU9GN9aVZdaykQcfvRsxMMJZl&amp;show_text=true&amp;width=500\" width=\"500\" height=\"569\" frameborder=\"0\" scrolling=\"no\" allowfullscreen=\"allowfullscreen\"><\/iframe><\/p>\n<\/div>\n<\/div>\n","protected":false},"excerpt":{"rendered":"<p>En marzo la Conadu firm\u00f3 la paritaria docente con el Ministerio de Educaci\u00f3n. Sindicatos docentes de base plantean que los acuerdos son insuficientes. A comienzos de marzo la Federaci\u00f3n Nacional de Docentes Universitarios (CONADU) firm\u00f3 la paritaria docente propuesta por el ministro de Educaci\u00f3n, Jaime Perczyk. Seg\u00fan inform\u00f3 el gremio, la misma contempla la revisi\u00f3n [&hellip;]<\/p>\n","protected":false},"author":2,"featured_media":7831,"comment_status":"open","ping_status":"open","sticky":false,"template":"","format":"standard","meta":{"_exactmetrics_skip_tracking":false,"_exactmetrics_sitenote_active":false,"_exactmetrics_sitenote_note":"","_exactmetrics_sitenote_category":0,"jnews-multi-image_gallery":[],"jnews_single_post":{"source_name":"","source_url":"","via_name":"","via_url":"","override_template":"0","override":[{"template":"1","single_blog_custom":"","parallax":"1","fullscreen":"1","layout":"right-sidebar","sidebar":"default-sidebar","second_sidebar":"default-sidebar","sticky_sidebar":"1","share_position":"top","share_float_style":"share-monocrhome","show_share_counter":"1","show_view_counter":"1","show_featured":"1","show_post_meta":"1","show_post_author":"1","show_post_author_image":"1","show_post_date":"1","post_date_format":"default","post_date_format_custom":"Y\/m\/d","show_post_category":"1","show_post_reading_time":"0","post_reading_time_wpm":"300","show_zoom_button":"0","zoom_button_out_step":"2","zoom_button_in_step":"3","show_post_tag":"1","show_prev_next_post":"1","show_popup_post":"1","number_popup_post":"1","show_author_box":"0","show_post_related":"0","show_inline_post_related":"0"}],"override_image_size":"0","image_override":[{"single_post_thumbnail_size":"crop-500","single_post_gallery_size":"crop-500"}],"trending_post":"0","trending_post_position":"meta","trending_post_label":"Trending","sponsored_post":"0","sponsored_post_label":"Sponsored by","sponsored_post_name":"","sponsored_post_url":"","sponsored_post_logo_enable":"0","sponsored_post_logo":"","sponsored_post_desc":""},"jnews_primary_category":{"id":""},"jnews_social_meta":{"fb_title":"","fb_description":"","fb_image":"","twitter_title":"","twitter_description":"","twitter_image":""},"jnews_override_counter":{"override_view_counter":"0","view_counter_number":"0","override_share_counter":"0","share_counter_number":"0","override_like_counter":"0","like_counter_number":"0","override_dislike_counter":"0","dislike_counter_number":"0"},"_joinchat":[],"footnotes":""},"categories":[22],"tags":[183,181,284,146],"class_list":["post-7829","post","type-post","status-publish","format-standard","has-post-thumbnail","hentry","category-actualidad","tag-condiciones-de-trabajo","tag-docentes","tag-edicion-107","tag-salario"],"_links":{"self":[{"href":"https:\/\/tribunavm.com.ar\/index.php\/wp-json\/wp\/v2\/posts\/7829"}],"collection":[{"href":"https:\/\/tribunavm.com.ar\/index.php\/wp-json\/wp\/v2\/posts"}],"about":[{"href":"https:\/\/tribunavm.com.ar\/index.php\/wp-json\/wp\/v2\/types\/post"}],"author":[{"embeddable":true,"href":"https:\/\/tribunavm.com.ar\/index.php\/wp-json\/wp\/v2\/users\/2"}],"replies":[{"embeddable":true,"href":"https:\/\/tribunavm.com.ar\/index.php\/wp-json\/wp\/v2\/comments?post=7829"}],"version-history":[{"count":1,"href":"https:\/\/tribunavm.com.ar\/index.php\/wp-json\/wp\/v2\/posts\/7829\/revisions"}],"predecessor-version":[{"id":7832,"href":"https:\/\/tribunavm.com.ar\/index.php\/wp-json\/wp\/v2\/posts\/7829\/revisions\/7832"}],"wp:featuredmedia":[{"embeddable":true,"href":"https:\/\/tribunavm.com.ar\/index.php\/wp-json\/wp\/v2\/media\/7831"}],"wp:attachment":[{"href":"https:\/\/tribunavm.com.ar\/index.php\/wp-json\/wp\/v2\/media?parent=7829"}],"wp:term":[{"taxonomy":"category","embeddable":true,"href":"https:\/\/tribunavm.com.ar\/index.php\/wp-json\/wp\/v2\/categories?post=7829"},{"taxonomy":"post_tag","embeddable":true,"href":"https:\/\/tribunavm.com.ar\/index.php\/wp-json\/wp\/v2\/tags?post=7829"}],"curies":[{"name":"wp","href":"https:\/\/api.w.org\/{rel}","templated":true}]}}