{"id":7843,"date":"2023-04-03T02:08:26","date_gmt":"2023-04-03T02:08:26","guid":{"rendered":"https:\/\/tribunavm.com.ar\/?p=7843"},"modified":"2023-04-03T02:08:26","modified_gmt":"2023-04-03T02:08:26","slug":"fernandez-pidio-una-renovacion-del-apoyo-de-eeuu-al-pais","status":"publish","type":"post","link":"https:\/\/tribunavm.com.ar\/index.php\/2023\/04\/03\/fernandez-pidio-una-renovacion-del-apoyo-de-eeuu-al-pais\/","title":{"rendered":"Fern\u00e1ndez pidi\u00f3 una renovaci\u00f3n del apoyo de EEUU al pa\u00eds"},"content":{"rendered":"<div class=\"row clearfix\">\n<div class=\"col-md-8\">\n<p><span style=\"color: #212121; font-size: 1.5em; letter-spacing: -0.01em;\">El presidente mantuvo un encuentro con Joe Biden, presidente de Estados Unidos, en una gira que incluy\u00f3 una reuni\u00f3n con el Council of the Americas.<\/span><\/p>\n<p><span style=\"font-weight: 400;\"><span class=\"dropcap \" style=\"background-color: #ffffff; color: #dd9933; border-color: #ffffff;\">A<\/span>lberto Fernandez mantuvo un encuentro bilateral en el Sal\u00f3n Oval de la Casa Blanca con el presidente norteamericano como evento principal de una gira que sostuvo el mandatario la pasada semana en Estados Unidos.<\/span><\/p>\n<p><span style=\"font-weight: 400;\">En el encuentro, Fern\u00e1ndez agradeci\u00f3 el apoyo del presidente Biden y de los Estados Unidos en la relaci\u00f3n del pa\u00eds con el FMI y otros organismos internacionales y le transmiti\u00f3 su deseo de que ese apoyo sea renovado en el contexto de la crisis provocada por la peor sequ\u00eda de la historia en Argentina.<\/span><\/p>\n<p><span style=\"font-weight: 400;\">Por su parte, Biden dijo que mantendr\u00e1 su respaldo ante el FMI y ofreci\u00f3 su ayuda para afrontar la crisis y consolidar una alianza estrat\u00e9gica arraigada en tres \u00e1reas: energ\u00eda, alimentos y litio. &#8220;As\u00ed como Yellen arregl\u00f3 el problema con los bancos, con la misma celeridad va a permitir que el pa\u00eds transite sin dificultades este puente entre el futuro que le vemos a Argentina en materia de prote\u00ednas, minerales y energ\u00eda y las dificultades que la coyuntura plantea por la sequ\u00eda&#8221;, asegur\u00f3 el estadounidense.<\/span><\/p>\n<p><span style=\"font-weight: 400;\">Previamente, el presidente Alberto Fern\u00e1ndez tuvo un encuentro en el Council of the Americas con 40 empresarios de compa\u00f1\u00edas energ\u00e9ticas, alimentarias, farmac\u00e9uticas, de bancos y fondos de inversi\u00f3n con bonos argentinos, tecnol\u00f3gicas, mineras, de estudios de abogados y agencias de rating.<\/span><\/p>\n<p><span style=\"font-weight: 400;\">El c\u00f3nclave incluy\u00f3 un repaso de la econom\u00eda y de las oportunidades econ\u00f3micas del pa\u00eds y\u00a0 los reclamos empresarios de mayor estabilidad y previsibilidad, y de levantar los m\u00faltiples \u201ccepos\u201d al d\u00f3lar.<\/span><\/p>\n<p><span style=\"font-weight: 400;\">A la reuni\u00f3n bilateral entre los mandatarios le continu\u00f3 otro encuentro ampliado donde se sumaron el canciller Santiago Cafiero; el secretario General de la Presidencia, Julio Vitobello; la portavoz de la Presidencia, Gabriela Cerruti; los jefes de Gabinete de Canciller\u00eda, Luciana Tito, y de Econom\u00eda, Leonardo Madcur, y el embajador argentino en Estados Unidos, Jorge Arg\u00fcello.<\/span><\/p>\n<p><span style=\"font-weight: 400;\">La comitiva estadounidense estuvo compuesta por el secretario de Estado, Antony Blinken; la secretar\u00eda del Tesoro, Janet Yellen; el asesor de Seguridad Nacional, Jake Sullivan; el subsecretario de Estado para el Hemisferio Occidental, Brian Nichols; el asesor especial para Am\u00e9rica Latina, Juan Gonz\u00e1lez; el encargado de Argentina y Cono Sur, Lorenzo Harris; y el embajador de Estados Unidos en Argentina, Marc Stanley.<\/span><\/p>\n<\/div>\n<\/div>\n","protected":false},"excerpt":{"rendered":"<p>El presidente mantuvo un encuentro con Joe Biden, presidente de Estados Unidos, en una gira que incluy\u00f3 una reuni\u00f3n con el Council of the Americas.<\/p>\n","protected":false},"author":2,"featured_media":7844,"comment_status":"open","ping_status":"open","sticky":false,"template":"","format":"standard","meta":{"_exactmetrics_skip_tracking":false,"_exactmetrics_sitenote_active":false,"_exactmetrics_sitenote_note":"","_exactmetrics_sitenote_category":0,"jnews-multi-image_gallery":[],"jnews_single_post":{"source_name":"","source_url":"","via_name":"","via_url":"","override_template":"0","override":[{"template":"1","single_blog_custom":"","parallax":"1","fullscreen":"1","layout":"right-sidebar","sidebar":"default-sidebar","second_sidebar":"default-sidebar","sticky_sidebar":"1","share_position":"top","share_float_style":"share-monocrhome","show_share_counter":"1","show_view_counter":"1","show_featured":"1","show_post_meta":"1","show_post_author":"1","show_post_author_image":"1","show_post_date":"1","post_date_format":"default","post_date_format_custom":"Y\/m\/d","show_post_category":"1","show_post_reading_time":"0","post_reading_time_wpm":"300","show_zoom_button":"0","zoom_button_out_step":"2","zoom_button_in_step":"3","show_post_tag":"1","show_prev_next_post":"1","show_popup_post":"1","number_popup_post":"1","show_author_box":"0","show_post_related":"0","show_inline_post_related":"0"}],"override_image_size":"0","image_override":[{"single_post_thumbnail_size":"crop-500","single_post_gallery_size":"crop-500"}],"trending_post":"0","trending_post_position":"meta","trending_post_label":"Trending","sponsored_post":"0","sponsored_post_label":"Sponsored by","sponsored_post_name":"","sponsored_post_url":"","sponsored_post_logo_enable":"0","sponsored_post_logo":"","sponsored_post_desc":""},"jnews_primary_category":{"id":"279"},"jnews_social_meta":{"fb_title":"","fb_description":"","fb_image":"","twitter_title":"","twitter_description":"","twitter_image":""},"jnews_override_counter":{"override_view_counter":"0","view_counter_number":"0","override_share_counter":"0","share_counter_number":"0","override_like_counter":"0","like_counter_number":"0","override_dislike_counter":"0","dislike_counter_number":"0"},"_joinchat":[],"footnotes":""},"categories":[279],"tags":[284,39],"class_list":["post-7843","post","type-post","status-publish","format-standard","has-post-thumbnail","hentry","category-gobierno","tag-edicion-107","tag-gobierno"],"_links":{"self":[{"href":"https:\/\/tribunavm.com.ar\/index.php\/wp-json\/wp\/v2\/posts\/7843"}],"collection":[{"href":"https:\/\/tribunavm.com.ar\/index.php\/wp-json\/wp\/v2\/posts"}],"about":[{"href":"https:\/\/tribunavm.com.ar\/index.php\/wp-json\/wp\/v2\/types\/post"}],"author":[{"embeddable":true,"href":"https:\/\/tribunavm.com.ar\/index.php\/wp-json\/wp\/v2\/users\/2"}],"replies":[{"embeddable":true,"href":"https:\/\/tribunavm.com.ar\/index.php\/wp-json\/wp\/v2\/comments?post=7843"}],"version-history":[{"count":1,"href":"https:\/\/tribunavm.com.ar\/index.php\/wp-json\/wp\/v2\/posts\/7843\/revisions"}],"predecessor-version":[{"id":7845,"href":"https:\/\/tribunavm.com.ar\/index.php\/wp-json\/wp\/v2\/posts\/7843\/revisions\/7845"}],"wp:featuredmedia":[{"embeddable":true,"href":"https:\/\/tribunavm.com.ar\/index.php\/wp-json\/wp\/v2\/media\/7844"}],"wp:attachment":[{"href":"https:\/\/tribunavm.com.ar\/index.php\/wp-json\/wp\/v2\/media?parent=7843"}],"wp:term":[{"taxonomy":"category","embeddable":true,"href":"https:\/\/tribunavm.com.ar\/index.php\/wp-json\/wp\/v2\/categories?post=7843"},{"taxonomy":"post_tag","embeddable":true,"href":"https:\/\/tribunavm.com.ar\/index.php\/wp-json\/wp\/v2\/tags?post=7843"}],"curies":[{"name":"wp","href":"https:\/\/api.w.org\/{rel}","templated":true}]}}