{"id":7856,"date":"2023-04-03T02:20:13","date_gmt":"2023-04-03T02:20:13","guid":{"rendered":"https:\/\/tribunavm.com.ar\/?p=7856"},"modified":"2023-04-03T02:20:13","modified_gmt":"2023-04-03T02:20:13","slug":"bullrich-proyecta-su-campana-electoral-con-encuentro-en-la-uia","status":"publish","type":"post","link":"https:\/\/tribunavm.com.ar\/index.php\/2023\/04\/03\/bullrich-proyecta-su-campana-electoral-con-encuentro-en-la-uia\/","title":{"rendered":"Bullrich proyecta su campa\u00f1a electoral con encuentro en la UIA"},"content":{"rendered":"<div class=\"row clearfix\">\n<div class=\"col-md-8\">\n<div class=\"intro-text\">\n<p><span style=\"font-weight: 400;\">La presidenta del PRO se reuni\u00f3 con la c\u00fapula de la c\u00e1mara industrial abogando por las demandas del sector.<\/span><\/p>\n<\/div>\n<p><span style=\"font-weight: 400;\"><span class=\"dropcap \" style=\"background-color: #ffffff; color: #dd9933; border-color: #ffffff;\">D<\/span>urante la semana pasada, luego de que Mauricio Macri, ex presidente del pa\u00eds y referente del PRO, dijera que se baja de la candidatura presidencial, la presidenta del PRO, Patricia Bullrich, mantuvo un almuerzo con dirigentes de la Uni\u00f3n Industrial Argentina (UIA).<\/span><\/p>\n<p><span style=\"color: #ff9900;\">https:\/\/www.youtube.com\/watch?v=s_eJi9iswRM\u00a0\u00a0<\/span><\/p>\n<p><span style=\"font-weight: 400;\">Durante el encuentro, la precandidata presidencial encar\u00f3 una serie de puntos que considera deben ser tenidos en cuenta para favorecer a los industriales en sus negocios.<\/span><\/p>\n<p><span style=\"font-weight: 400;\">\u201cUstedes producen lo que tienen que producir y el Estado debe darles condiciones a todos\u201d, asegur\u00f3 Bullrich. \u201cUstedes tienen que aumentar la productividad, la competitividad y tener buenos precios, y el Estado tiene que crear las condiciones macro, la seguridad jur\u00eddica y protecci\u00f3n de inversiones, cobrar impuestos razonables, desregular e invertir en infraestructura y transporte\u201d complet\u00f3 la presidenta del PRO.<\/span><\/p>\n<p><span style=\"font-weight: 400;\">Adem\u00e1s sostuvo que con el cepo cambiario \u201cla econom\u00eda no arranca\u201d. Por su parte, los industriales sostuvieron, EN relaci\u00f3n a la pol\u00edtica laboral, la necesidad de reducir las contribuciones patronales. El \u201ccosto\u201d de las indemnizaciones tambi\u00e9n estuvo en la agenda abordada por las partes.<\/span><\/p>\n<p><span style=\"font-weight: 400;\">Participaron de la reuni\u00f3n junto a Bullrich, los diputados Luciano Laspina y Jos\u00e9 N\u00fa\u00f1ez; el exministro de Producci\u00f3n y Trabajo, Dante Sica, y el ex senador Federico Pinedo. Por el lado empresarial estuvieron el presidente de UIA, Daniel Funes de Rioja; Luis Betnaza (Techint), Eduardo Nougu\u00e9s (Ledesma), Adri\u00e1n Kaufmann Brea (Arcor), Luis Tendlarz (Algodonera del Valle), Miguel Angel Rodr\u00edguez, Mart\u00edn Rappallini (UIPBA), y Diego Coatz (director ejecutivo de UIA).<\/span><\/p>\n<\/div>\n<\/div>\n","protected":false},"excerpt":{"rendered":"<p>La presidenta del PRO se reuni\u00f3 con la c\u00fapula de la c\u00e1mara industrial abogando por las demandas del sector. Durante la semana pasada, luego de que Mauricio Macri, ex presidente del pa\u00eds y referente del PRO, dijera que se baja de la candidatura presidencial, la presidenta del PRO, Patricia Bullrich, mantuvo un almuerzo con dirigentes [&hellip;]<\/p>\n","protected":false},"author":2,"featured_media":7857,"comment_status":"open","ping_status":"open","sticky":false,"template":"","format":"standard","meta":{"_exactmetrics_skip_tracking":false,"_exactmetrics_sitenote_active":false,"_exactmetrics_sitenote_note":"","_exactmetrics_sitenote_category":0,"jnews-multi-image_gallery":[],"jnews_single_post":{"source_name":"","source_url":"","via_name":"","via_url":"","override_template":"0","override":[{"template":"1","single_blog_custom":"","parallax":"1","fullscreen":"1","layout":"right-sidebar","sidebar":"default-sidebar","second_sidebar":"default-sidebar","sticky_sidebar":"1","share_position":"top","share_float_style":"share-monocrhome","show_share_counter":"1","show_view_counter":"1","show_featured":"1","show_post_meta":"1","show_post_author":"1","show_post_author_image":"1","show_post_date":"1","post_date_format":"default","post_date_format_custom":"Y\/m\/d","show_post_category":"1","show_post_reading_time":"0","post_reading_time_wpm":"300","show_zoom_button":"0","zoom_button_out_step":"2","zoom_button_in_step":"3","show_post_tag":"1","show_prev_next_post":"1","show_popup_post":"1","number_popup_post":"1","show_author_box":"0","show_post_related":"0","show_inline_post_related":"0"}],"override_image_size":"0","image_override":[{"single_post_thumbnail_size":"crop-500","single_post_gallery_size":"crop-500"}],"trending_post":"0","trending_post_position":"meta","trending_post_label":"Trending","sponsored_post":"0","sponsored_post_label":"Sponsored by","sponsored_post_name":"","sponsored_post_url":"","sponsored_post_logo_enable":"0","sponsored_post_logo":"","sponsored_post_desc":""},"jnews_primary_category":{"id":"278"},"jnews_social_meta":{"fb_title":"","fb_description":"","fb_image":"","twitter_title":"","twitter_description":"","twitter_image":""},"jnews_override_counter":{"override_view_counter":"0","view_counter_number":"0","override_share_counter":"0","share_counter_number":"0","override_like_counter":"0","like_counter_number":"0","override_dislike_counter":"0","dislike_counter_number":"0"},"_joinchat":[],"footnotes":""},"categories":[278],"tags":[284,42,228],"class_list":["post-7856","post","type-post","status-publish","format-standard","has-post-thumbnail","hentry","category-economia","tag-edicion-107","tag-industria","tag-sector"],"_links":{"self":[{"href":"https:\/\/tribunavm.com.ar\/index.php\/wp-json\/wp\/v2\/posts\/7856"}],"collection":[{"href":"https:\/\/tribunavm.com.ar\/index.php\/wp-json\/wp\/v2\/posts"}],"about":[{"href":"https:\/\/tribunavm.com.ar\/index.php\/wp-json\/wp\/v2\/types\/post"}],"author":[{"embeddable":true,"href":"https:\/\/tribunavm.com.ar\/index.php\/wp-json\/wp\/v2\/users\/2"}],"replies":[{"embeddable":true,"href":"https:\/\/tribunavm.com.ar\/index.php\/wp-json\/wp\/v2\/comments?post=7856"}],"version-history":[{"count":1,"href":"https:\/\/tribunavm.com.ar\/index.php\/wp-json\/wp\/v2\/posts\/7856\/revisions"}],"predecessor-version":[{"id":7858,"href":"https:\/\/tribunavm.com.ar\/index.php\/wp-json\/wp\/v2\/posts\/7856\/revisions\/7858"}],"wp:featuredmedia":[{"embeddable":true,"href":"https:\/\/tribunavm.com.ar\/index.php\/wp-json\/wp\/v2\/media\/7857"}],"wp:attachment":[{"href":"https:\/\/tribunavm.com.ar\/index.php\/wp-json\/wp\/v2\/media?parent=7856"}],"wp:term":[{"taxonomy":"category","embeddable":true,"href":"https:\/\/tribunavm.com.ar\/index.php\/wp-json\/wp\/v2\/categories?post=7856"},{"taxonomy":"post_tag","embeddable":true,"href":"https:\/\/tribunavm.com.ar\/index.php\/wp-json\/wp\/v2\/tags?post=7856"}],"curies":[{"name":"wp","href":"https:\/\/api.w.org\/{rel}","templated":true}]}}