{"id":7868,"date":"2023-04-03T02:41:33","date_gmt":"2023-04-03T02:41:33","guid":{"rendered":"https:\/\/tribunavm.com.ar\/?p=7868"},"modified":"2023-04-03T02:41:33","modified_gmt":"2023-04-03T02:41:33","slug":"ahorrar-para-la-deuda","status":"publish","type":"post","link":"https:\/\/tribunavm.com.ar\/index.php\/2023\/04\/03\/ahorrar-para-la-deuda\/","title":{"rendered":"Ahorrar para la deuda"},"content":{"rendered":"<div class=\"row clearfix\">\n<div class=\"col-md-8\">\n<p><span style=\"color: #212121; font-size: 1.5em; letter-spacing: -0.01em;\">En nombre de la sustentabilidad y el equilibrio fiscal, sectores del poder financiero presionan e impulsan la agenda de la reforma previsional como mecanismo de ajuste del bolsillo de los jubilados.<\/span><\/p>\n<p><span style=\"font-weight: 400;\"><span class=\"dropcap \" style=\"background-color: #ffffff; color: #dd9933; border-color: #ffffff;\">E<\/span>l actual contexto nos muestra con sa\u00f1a un proceso de crisis favorable a los compromisos con unos grupos reducidos que sostienen, y ampl\u00edan, la concentraci\u00f3n de las ganancias, frutos del trabajo y el ahorro de las mayor\u00edas.<\/span><\/p>\n<p><span style=\"font-weight: 400;\">En 2017, un estudio del Foro Econ\u00f3mico Mundial concluy\u00f3 que la edad real de jubilaci\u00f3n deber\u00eda establecerse en &#8220;al menos 70 a\u00f1os&#8221; para 2050 en pa\u00edses como Estados Unidos, Canad\u00e1, Reino Unido y Jap\u00f3n, donde la expectativa de vida de las pr\u00f3ximas generaciones superar\u00e1 los 100 a\u00f1os.<\/span><\/p>\n<p><span style=\"font-weight: 400;\">En el mismo sentido, el FMI sugiri\u00f3 que las personas trabajen m\u00e1s a\u00f1os y achicar las jubilaciones al advertir sobre los peligros demogr\u00e1ficos y econ\u00f3micos de la declinaci\u00f3n en la fertilidad y el aumento de la longevidad. Las expresiones fueron realizadas en un documento titulado \u201cEl futuro del ahorro: el rol del dise\u00f1o de los sistemas de pensiones en un mundo que envejece\u201d.<\/span><\/p>\n<p><span style=\"font-weight: 400;\">&#8220;Con las pol\u00edticas actuales, los desembolsos de los sistemas previsionales p\u00fablicos en las econom\u00edas desarrolladas y emergentes aumentar\u00e1n en un promedio de 1 y 2,5 puntos porcentuales del PBI respectivamente hacia 2050. Sin ajuste de impuestos y otros gastos, este aumento conducir\u00e1 a una disminuci\u00f3n proporcional en el ahorro p\u00fablico&#8221;, subraya el documento.<\/span><\/p>\n<p><span style=\"font-weight: 400;\">Estas \u201crecomendaciones\u201d de los organismos multilaterales, lejos de quedar inadvertidas, se hacen eco a trav\u00e9s del amplio registro de las reformas jubilatorias que se est\u00e1n impulsando en varios pa\u00edses. <\/span><b>Tras la crisis financiera de 2008, de 49 pa\u00edses con sistemas p\u00fablicos de reparto que hicieron cambios, tres cuartas partes incluyeron subas en las edades de jubilaci\u00f3n.<\/b><span style=\"font-weight: 400;\"> Los argumentos sostienen la necesidad de reformas para que el sistema sea &#8220;sustentable&#8221;. As\u00ed los d\u00e9ficits ser\u00edan ocasionados por cambios demogr\u00e1ficos y las nuevas tendencias en el mercado laboral.<\/span><\/p>\n<p><span style=\"color: #ff9900;\"><b>Resistencias<\/b><\/span><\/p>\n<p><span style=\"font-weight: 400;\">Pero dichas modificaciones tampoco son ignoradas por sus damnificados inmediatos. Entre sobrados ejemplos de la actualidad, el gobierno de Uruguay impulsa un proyecto con el objetivo de aumentar la edad jubilatoria de 60 a 65 a\u00f1os. Adem\u00e1s, plantea dejar sus pensiones en manos de las administradoras privadas de fondos de ahorro previsional (AFAP), creadas en 1996 en las que actualmente solo es obligatorio aportar si se percibe un salario superior a un monto fijado por la ley. El proyecto fue aprobado en el Senado y ahora est\u00e1 a la espera del tratamiento en Diputados.<\/span><\/p>\n<p><span style=\"font-weight: 400;\">En consecuencia, la Central \u00danica de Trabajadores del Uruguay, PIT-CNT, comenz\u00f3 en marzo un proceso de lucha a trav\u00e9s de una huelga y movilizaci\u00f3n contra el proyecto del gobierno. La central sindical sostuvo que la reforma \u201climita\u201d los derechos de los trabajadores y \u201cno es la que necesitamos\u201d, ya que la misma debe ser integral y no solo de car\u00e1cter jubilatoria, expresaron en twitter desde el PIT-CNT. La organizaci\u00f3n de trabajadores afirm\u00f3 que \u201cotra reforma es posible\u201d, y convoc\u00f3 a marchar bajo la consigna \u201cpor mi futuro y por el tuyo\u201d.<\/span><\/p>\n<p><span style=\"font-weight: 400;\">Por otro lado, la reforma previsional impulsada en Francia por el presidente Emmanuel Macron, que eleva la edad del retiro de 62 a 64 a\u00f1os, qued\u00f3 definitivamente aprobada en Francia. Las dos mociones de censura \u2013medida contemplada en la Constituci\u00f3n francesa\u2013 promovidas por los grupos de oposici\u00f3n en la Asamblea Nacional finalmente no prosperaron.<\/span><\/p>\n<p><span style=\"font-weight: 400;\">La decisi\u00f3n de prescindir del voto legislativo atiz\u00f3 la tensi\u00f3n y la indignaci\u00f3n en las calles originando la peor crisis social de los \u00faltimos a\u00f1os. Cientos de manifestaciones espont\u00e1neas en todo el pa\u00eds se fueron radicalizando de la mano de trabajadores, estudiantes secundarios y universitarios, que contin\u00faan en vilo por torcer la situaci\u00f3n.\u00a0<\/span><\/p>\n<figure id=\"attachment_7869\" aria-describedby=\"caption-attachment-7869\" style=\"width: 1216px\" class=\"wp-caption aligncenter\"><img loading=\"lazy\" decoding=\"async\" class=\"size-full wp-image-7869\" src=\"https:\/\/tribunavm.com.ar\/wp-content\/uploads\/2023\/04\/WhatsApp-Image-2023-04-01-at-12.36.44-PM.jpeg\" alt=\"\" width=\"1216\" height=\"683\" srcset=\"https:\/\/tribunavm.com.ar\/wp-content\/uploads\/2023\/04\/WhatsApp-Image-2023-04-01-at-12.36.44-PM.jpeg 1216w, https:\/\/tribunavm.com.ar\/wp-content\/uploads\/2023\/04\/WhatsApp-Image-2023-04-01-at-12.36.44-PM-300x169.jpeg 300w, https:\/\/tribunavm.com.ar\/wp-content\/uploads\/2023\/04\/WhatsApp-Image-2023-04-01-at-12.36.44-PM-1024x575.jpeg 1024w, https:\/\/tribunavm.com.ar\/wp-content\/uploads\/2023\/04\/WhatsApp-Image-2023-04-01-at-12.36.44-PM-768x431.jpeg 768w, https:\/\/tribunavm.com.ar\/wp-content\/uploads\/2023\/04\/WhatsApp-Image-2023-04-01-at-12.36.44-PM-750x421.jpeg 750w, https:\/\/tribunavm.com.ar\/wp-content\/uploads\/2023\/04\/WhatsApp-Image-2023-04-01-at-12.36.44-PM-1140x640.jpeg 1140w\" sizes=\"(max-width: 1216px) 100vw, 1216px\" \/><figcaption id=\"caption-attachment-7869\" class=\"wp-caption-text\">La huelga de recolectores en Par\u00eds produjo la acumulaci\u00f3n de m\u00e1s de 10.000 toneladas de residuos. Foto: AFP.<\/figcaption><\/figure>\n<p><span style=\"font-weight: 400;\">A su vez, el martes pasado, miles de personas salieron a las calles de Praga, capital de Rep\u00fablica Checa, para protestar frente a la sede del Gobierno contra un proyecto de reforma de las pensiones que incluye un aumento de la edad de jubilaci\u00f3n de los 64 a los 68 a\u00f1os.<\/span><\/p>\n<p><span style=\"color: #ff9900;\"><b>Una estafa no tan encubierta<\/b><\/span><\/p>\n<p><b>En nuestro pa\u00eds el r\u00e9gimen previsional se encuentra bajo la legislaci\u00f3n financiera de la dictadura, que desde 1977 promueve la extranjerizaci\u00f3n y concentraci\u00f3n financiera. Es as\u00ed como desde entonces el aporte formal de los trabajadores es terreno de disputa y especulaci\u00f3n para la construcci\u00f3n de un mercado de capitales.<\/b><\/p>\n<p><span style=\"color: #ff9900;\"><span style=\"font-weight: 400;\">Ver: <\/span><a style=\"color: #ff9900;\" href=\"https:\/\/tribunavm.com.ar\/index.php\/2023\/03\/20\/una-democracia-en-deuda\/\"><span style=\"font-weight: 400;\">Una democracia en deuda<\/span><\/a><span style=\"font-weight: 400;\">\u00a0<\/span><\/span><\/p>\n<p><span style=\"font-weight: 400;\">En este marco se dio la reciente disposici\u00f3n gubernamental de acudir al canje de bonos de los organismos estatales para resolver las obligaciones asumidas del pago de la deuda externa en el acuerdo con el FMI firmado en 2022.<\/span><\/p>\n<p><span style=\"font-weight: 400;\">La medida, anunciada por el ministro de Econom\u00eda, Sergio Massa, se comunic\u00f3 en primer lugar a banqueros, asesores financieros y administradores de fondos comunes de inversi\u00f3n como parte de una bater\u00eda de medidas para conseguir financiamiento para cubrir el d\u00e9ficit, estabilizar los tipos de cambio financieros y retirar pesos de circulaci\u00f3n.<\/span><\/p>\n<p><span style=\"font-weight: 400;\">En el encuentro estuvieron presentes Jorge Brito (Macro), Alejandro Butti (Santander), Pablo Le\u00f3n (Galicia), Carlos Heller (Credicoop), Carmen Morillo (BBVA), Ernesto Allaria (BYMA), Adelmo Gabbi (Bolsa de Comercio), Roberto Olson (MAE), Juan Politi (Ledesma), Julio Merlini (Balanz), Miguel Canale (PPI), Valent\u00edn Galardi (C\u00e1mara Argentina de Fondos), Francisco Gismondi (Adeba), Claudio Cesario (ABA) y Paula Maretto (Adira).<\/span><\/p>\n<p><span style=\"font-weight: 400;\">El decreto 164 establece la obligaci\u00f3n a todos los organismos p\u00fablicos nacionales de ceder todos sus bonos en d\u00f3lares regidos por la Ley Argentina, los Bonares, para ser vendidos a cambio de pesos en licitaciones comandadas por el Tesoro de la Naci\u00f3n y el Banco Central.<\/span><\/p>\n<p><span style=\"font-weight: 400;\">El 70% de los pesos que se obtengan deber\u00e1n ser destinados a comprar bonos en pesos del Tesoro. El otro 30% quedar\u00e1 en efectivo en las entidades due\u00f1as de los bonos, para invertirlos \u201ca discreci\u00f3n&#8221;. A su vez, las entidades deber\u00e1n canjear sus bonos regidos por la Ley de Nueva York por bonos duales (t\u00edtulos en pesos que pagan seg\u00fan la inflaci\u00f3n o el d\u00f3lar, lo que convenga m\u00e1s al inversor) que emitir\u00e1 el Tesoro para ese fin.\u00a0<\/span><\/p>\n<p><b>Con estas operaciones, el Gobierno estima obtener alrededor de $4000 millones de d\u00f3lares para destinarlos al pago de la deuda externa, seg\u00fan asegur\u00f3 el viceministro Gabriel Rubinstein en Twitter.<\/b><\/p>\n<p><span style=\"font-weight: 400;\">Sin embargo, la medida despert\u00f3 rechazos: &#8220;Advertimos desde el movimiento obrero nacional -el verdadero art\u00edfice de la libre opci\u00f3n jubilatoria y la aniquilaci\u00f3n de las AFJP- que observamos con suma preocupaci\u00f3n estos acontecimientos&#8221;, sostuvo Leonado Fabr\u00e9, de Asociaci\u00f3n del Personal de los Organismos de Previsi\u00f3n Social (APOPS).<\/span><\/p>\n<p><span style=\"font-weight: 400;\">Hasta Julie Kozack, directora de Comunicaciones del FMI, advirti\u00f3 que \u201cla gesti\u00f3n prudente de la deuda es necesaria para mejorar el funcionamiento del mercado de bonos dom\u00e9stico y el mercado cambiario,<\/span><b> pero debe llevarse a cabo de manera que no agregue vulnerabilidades en el futuro\u201d<\/b><span style=\"font-weight: 400;\">.<\/span><\/p>\n<p><span style=\"font-weight: 400;\">Y es que entre las entidades afectadas se encuentran los recursos del Fondo de Garant\u00eda de Sustentabilidad (FGS) del Anses. El FGS es un fondo creado en el a\u00f1o 2007, que se encuentra compuesto mayoritariamente por los recursos contra\u00eddos en 2008 tras la estatizaci\u00f3n de las Administradoras de Fondos de Jubilaciones y Pensiones (AFJP) y la unificaci\u00f3n de todos los reg\u00edmenes jubilatorios en el Sistema Integrado Previsional Argentino (SIPA).\u00a0<\/span><\/p>\n<p><span style=\"color: #ff9900;\"><span style=\"font-weight: 400;\">Ver: <\/span><a style=\"color: #ff9900;\" href=\"https:\/\/tribunavm.com.ar\/index.php\/2019\/05\/16\/un-problema-de-fondo\/\"><span style=\"font-weight: 400;\">Un problema de Fondo<\/span><\/a><\/span><\/p>\n<p><span style=\"font-weight: 400;\">De acuerdo con el decreto que estableci\u00f3 su creaci\u00f3n, el FGS fue concebido para realizar inversiones sobre los excedentes del r\u00e9gimen previsional y otros activos, con el objetivo de incrementar su patrimonio y destinarlo a incentivar la econom\u00eda mediante programas tendientes a generar m\u00e1s empleo (y aportantes) al equilibrio entre fondos de Anses y jubilaciones. Desde los 23.749 millones de d\u00f3lares valuados en 2008, hoy las FGS representan una valuaci\u00f3n de m\u00e1s de 56.434 millones de d\u00f3lares.<\/span><\/p>\n<p><b>&#8220;Entre los bancos y los jubilados, me quedo con los jubilados&#8221;<\/b><span style=\"font-weight: 400;\"> rezaba en 2019 el eslogan de campa\u00f1a del entonces candidato del Frente de Todos, Alberto Fernandez. Sin embargo, hoy los mecanismos de acumulaci\u00f3n de recursos de la seguridad social, destinados te\u00f3ricamente a sustentar una garant\u00eda de beneficios sociales, son instrumento financiero para los objetivos de los grandes bancos y fondos de inversi\u00f3n, y no para beneficio de sus principales aportantes.<\/span><\/p>\n<\/div>\n<\/div>\n","protected":false},"excerpt":{"rendered":"<p>En nombre de la sustentabilidad y el equilibrio fiscal, sectores del poder financiero presionan e impulsan la agenda de la reforma previsional como mecanismo de ajuste del bolsillo de los jubilados.<\/p>\n","protected":false},"author":2,"featured_media":7870,"comment_status":"open","ping_status":"open","sticky":false,"template":"","format":"standard","meta":{"_exactmetrics_skip_tracking":false,"_exactmetrics_sitenote_active":false,"_exactmetrics_sitenote_note":"","_exactmetrics_sitenote_category":0,"jnews-multi-image_gallery":[],"jnews_single_post":{"source_name":"","source_url":"","via_name":"","via_url":"","override_template":"0","override":[{"template":"1","single_blog_custom":"","parallax":"1","fullscreen":"1","layout":"right-sidebar","sidebar":"default-sidebar","second_sidebar":"default-sidebar","sticky_sidebar":"1","share_position":"top","share_float_style":"share-monocrhome","show_share_counter":"1","show_view_counter":"1","show_featured":"1","show_post_meta":"1","show_post_author":"1","show_post_author_image":"1","show_post_date":"1","post_date_format":"default","post_date_format_custom":"Y\/m\/d","show_post_category":"1","show_post_reading_time":"0","post_reading_time_wpm":"300","show_zoom_button":"0","zoom_button_out_step":"2","zoom_button_in_step":"3","show_post_tag":"1","show_prev_next_post":"1","show_popup_post":"1","number_popup_post":"1","show_author_box":"0","show_post_related":"0","show_inline_post_related":"0"}],"override_image_size":"0","image_override":[{"single_post_thumbnail_size":"crop-500","single_post_gallery_size":"crop-500"}],"trending_post":"0","trending_post_position":"meta","trending_post_label":"Trending","sponsored_post":"0","sponsored_post_label":"Sponsored by","sponsored_post_name":"","sponsored_post_url":"","sponsored_post_logo_enable":"0","sponsored_post_logo":"","sponsored_post_desc":""},"jnews_primary_category":{"id":"23"},"jnews_social_meta":{"fb_title":"","fb_description":"","fb_image":"","twitter_title":"","twitter_description":"","twitter_image":""},"jnews_override_counter":{"override_view_counter":"0","view_counter_number":"0","override_share_counter":"0","share_counter_number":"0","override_like_counter":"0","like_counter_number":"0","override_dislike_counter":"0","dislike_counter_number":"0"},"_joinchat":[],"footnotes":""},"categories":[23],"tags":[153,284,209,119,118],"class_list":["post-7868","post","type-post","status-publish","format-standard","has-post-thumbnail","hentry","category-analisis","tag-analisis","tag-edicion-107","tag-fondos-de-inversion","tag-jubilaciones","tag-jubilados"],"_links":{"self":[{"href":"https:\/\/tribunavm.com.ar\/index.php\/wp-json\/wp\/v2\/posts\/7868"}],"collection":[{"href":"https:\/\/tribunavm.com.ar\/index.php\/wp-json\/wp\/v2\/posts"}],"about":[{"href":"https:\/\/tribunavm.com.ar\/index.php\/wp-json\/wp\/v2\/types\/post"}],"author":[{"embeddable":true,"href":"https:\/\/tribunavm.com.ar\/index.php\/wp-json\/wp\/v2\/users\/2"}],"replies":[{"embeddable":true,"href":"https:\/\/tribunavm.com.ar\/index.php\/wp-json\/wp\/v2\/comments?post=7868"}],"version-history":[{"count":1,"href":"https:\/\/tribunavm.com.ar\/index.php\/wp-json\/wp\/v2\/posts\/7868\/revisions"}],"predecessor-version":[{"id":7871,"href":"https:\/\/tribunavm.com.ar\/index.php\/wp-json\/wp\/v2\/posts\/7868\/revisions\/7871"}],"wp:featuredmedia":[{"embeddable":true,"href":"https:\/\/tribunavm.com.ar\/index.php\/wp-json\/wp\/v2\/media\/7870"}],"wp:attachment":[{"href":"https:\/\/tribunavm.com.ar\/index.php\/wp-json\/wp\/v2\/media?parent=7868"}],"wp:term":[{"taxonomy":"category","embeddable":true,"href":"https:\/\/tribunavm.com.ar\/index.php\/wp-json\/wp\/v2\/categories?post=7868"},{"taxonomy":"post_tag","embeddable":true,"href":"https:\/\/tribunavm.com.ar\/index.php\/wp-json\/wp\/v2\/tags?post=7868"}],"curies":[{"name":"wp","href":"https:\/\/api.w.org\/{rel}","templated":true}]}}