{"id":7904,"date":"2023-04-17T00:02:43","date_gmt":"2023-04-17T00:02:43","guid":{"rendered":"https:\/\/tribunavm.com.ar\/?p=7904"},"modified":"2023-04-17T00:02:43","modified_gmt":"2023-04-17T00:02:43","slug":"brasil-esta-de-vuelta","status":"publish","type":"post","link":"https:\/\/tribunavm.com.ar\/index.php\/2023\/04\/17\/brasil-esta-de-vuelta\/","title":{"rendered":"\u201cBrasil est\u00e1 de vuelta\u201d"},"content":{"rendered":"<div class=\"row clearfix\">\n<div class=\"col-md-8\">\n<div class=\"intro-text\">\n<p><span style=\"font-weight: 400;\">La agenda del gobierno de Brasil pone en primer plano el regreso del pa\u00eds a \u201csus principales alianzas internacionales\u201d.\u00a0<\/span><\/p>\n<\/div>\n<p><span style=\"font-weight: 400;\"><span class=\"dropcap \" style=\"background-color: #ffffff; color: #dd9933; border-color: #ffffff;\">L<\/span>uiz Inacio Lula da Silva, presidente de Brasil, viaj\u00f3 a China el viernes pasado y se reuni\u00f3 en Pek\u00edn con su hom\u00f3logo chino, Xi Jinping. Durante la reuni\u00f3n, Xi asegur\u00f3 que China y Brasil \u201cson dos de los grandes pa\u00edses en desarrollo y dos importantes mercados emergentes. Nuestras relaciones son estables y est\u00e1n en constante desarrollo\u201d.<\/span><\/p>\n<p><span style=\"font-weight: 400;\">En el marco del encuentro firmaron 15 acuerdos comerciales, protocolos fitosanitarios, de tecnolog\u00eda, desarrollo, transici\u00f3n energ\u00e9tica y otros \u00e1mbitos de colaboraci\u00f3n en el marco de la asociaci\u00f3n estrat\u00e9gica bilateral, destac\u00e1ndose el que permite a los dos pa\u00edses generar transacciones comerciales en yuanes y reales.<\/span><\/p>\n<p><span style=\"font-weight: 400;\">Por otro lado, el mandatario particip\u00f3 de la toma de posesi\u00f3n de la ex presidenta de Brasil Dilma Rousseff al frente del Nuevo Banco de Desarrollo (NBD), el banco de los BRICS, en Shangh\u00e1i. \u201cBrasil est\u00e1 de vuelta. Volvimos dispuestos a marcar la diferencia, volvimos dispuestos a ayudar a que el mundo tenga una mirada diferente\u201d, dijo Lula en el evento. \u201cTodas las noches me pregunto por qu\u00e9 todos los pa\u00edses necesitan hacer su comercio respaldados por el d\u00f3lar. \u00bfPor qu\u00e9 no podemos comerciar respaldados por nuestra moneda?\u201d, insisti\u00f3.<\/span><\/p>\n<p><span style=\"color: #ff9900;\"><b>Unasur<\/b><\/span><\/p>\n<p><span style=\"font-weight: 400;\">La semana anterior la presidencia de Brasil anunci\u00f3 en una nota de prensa que &#8220;en un momento de reanudaci\u00f3n de sus principales alianzas internacionales, Brasil volver\u00e1 a formar parte de la Uni\u00f3n de Naciones Suramericanas (Unasur)&#8221;, el bloque nacido en el 2008 impulsado por los gobiernos de la regi\u00f3n y abandonado por Jair Bolsonaro. Con su reintegraci\u00f3n, &#8220;Brasil ratifica su compromiso con la consolidaci\u00f3n de Am\u00e9rica del Sur como zona de paz y cooperaci\u00f3n\u201d, asegur\u00f3 la nota.<\/span><\/p>\n<\/div>\n<\/div>\n","protected":false},"excerpt":{"rendered":"<p>La agenda del gobierno de Brasil pone en primer plano el regreso del pa\u00eds a \u201csus principales alianzas internacionales\u201d.\u00a0 Luiz Inacio Lula da Silva, presidente de Brasil, viaj\u00f3 a China el viernes pasado y se reuni\u00f3 en Pek\u00edn con su hom\u00f3logo chino, Xi Jinping. Durante la reuni\u00f3n, Xi asegur\u00f3 que China y Brasil \u201cson dos [&hellip;]<\/p>\n","protected":false},"author":2,"featured_media":7905,"comment_status":"open","ping_status":"open","sticky":false,"template":"","format":"standard","meta":{"_exactmetrics_skip_tracking":false,"_exactmetrics_sitenote_active":false,"_exactmetrics_sitenote_note":"","_exactmetrics_sitenote_category":0,"jnews-multi-image_gallery":[],"jnews_single_post":{"source_name":"","source_url":"","via_name":"","via_url":"","override_template":"0","override":[{"template":"1","single_blog_custom":"","parallax":"1","fullscreen":"1","layout":"right-sidebar","sidebar":"default-sidebar","second_sidebar":"default-sidebar","sticky_sidebar":"1","share_position":"top","share_float_style":"share-monocrhome","show_share_counter":"1","show_view_counter":"1","show_featured":"1","show_post_meta":"1","show_post_author":"1","show_post_author_image":"1","show_post_date":"1","post_date_format":"default","post_date_format_custom":"Y\/m\/d","show_post_category":"1","show_post_reading_time":"0","post_reading_time_wpm":"300","show_zoom_button":"0","zoom_button_out_step":"2","zoom_button_in_step":"3","show_post_tag":"1","show_prev_next_post":"1","show_popup_post":"1","number_popup_post":"1","show_author_box":"0","show_post_related":"0","show_inline_post_related":"0"}],"override_image_size":"0","image_override":[{"single_post_thumbnail_size":"crop-500","single_post_gallery_size":"crop-500"}],"trending_post":"0","trending_post_position":"meta","trending_post_label":"Trending","sponsored_post":"0","sponsored_post_label":"Sponsored by","sponsored_post_name":"","sponsored_post_url":"","sponsored_post_logo_enable":"0","sponsored_post_logo":"","sponsored_post_desc":""},"jnews_primary_category":{"id":"277"},"jnews_social_meta":{"fb_title":"","fb_description":"","fb_image":"","twitter_title":"","twitter_description":"","twitter_image":""},"jnews_override_counter":{"override_view_counter":"0","view_counter_number":"0","override_share_counter":"0","share_counter_number":"0","override_like_counter":"0","like_counter_number":"0","override_dislike_counter":"0","dislike_counter_number":"0"},"_joinchat":[],"footnotes":""},"categories":[277],"tags":[286,178,69],"class_list":["post-7904","post","type-post","status-publish","format-standard","has-post-thumbnail","hentry","category-latinoamerica","tag-edicion-108","tag-exportaciones","tag-latinoamerica"],"_links":{"self":[{"href":"https:\/\/tribunavm.com.ar\/index.php\/wp-json\/wp\/v2\/posts\/7904"}],"collection":[{"href":"https:\/\/tribunavm.com.ar\/index.php\/wp-json\/wp\/v2\/posts"}],"about":[{"href":"https:\/\/tribunavm.com.ar\/index.php\/wp-json\/wp\/v2\/types\/post"}],"author":[{"embeddable":true,"href":"https:\/\/tribunavm.com.ar\/index.php\/wp-json\/wp\/v2\/users\/2"}],"replies":[{"embeddable":true,"href":"https:\/\/tribunavm.com.ar\/index.php\/wp-json\/wp\/v2\/comments?post=7904"}],"version-history":[{"count":1,"href":"https:\/\/tribunavm.com.ar\/index.php\/wp-json\/wp\/v2\/posts\/7904\/revisions"}],"predecessor-version":[{"id":7906,"href":"https:\/\/tribunavm.com.ar\/index.php\/wp-json\/wp\/v2\/posts\/7904\/revisions\/7906"}],"wp:featuredmedia":[{"embeddable":true,"href":"https:\/\/tribunavm.com.ar\/index.php\/wp-json\/wp\/v2\/media\/7905"}],"wp:attachment":[{"href":"https:\/\/tribunavm.com.ar\/index.php\/wp-json\/wp\/v2\/media?parent=7904"}],"wp:term":[{"taxonomy":"category","embeddable":true,"href":"https:\/\/tribunavm.com.ar\/index.php\/wp-json\/wp\/v2\/categories?post=7904"},{"taxonomy":"post_tag","embeddable":true,"href":"https:\/\/tribunavm.com.ar\/index.php\/wp-json\/wp\/v2\/tags?post=7904"}],"curies":[{"name":"wp","href":"https:\/\/api.w.org\/{rel}","templated":true}]}}