{"id":793,"date":"2019-11-28T16:00:17","date_gmt":"2019-11-28T16:00:17","guid":{"rendered":"https:\/\/tribunavm.com.ar\/?p=793"},"modified":"2019-11-28T15:41:02","modified_gmt":"2019-11-28T15:41:02","slug":"lucha-por-el-salario-en-judiciales","status":"publish","type":"post","link":"https:\/\/tribunavm.com.ar\/index.php\/2019\/11\/28\/lucha-por-el-salario-en-judiciales\/","title":{"rendered":"Lucha por el salario en Judiciales"},"content":{"rendered":"<div class=\"row clearfix\">\n<div class=\"col-md-8\">\n<p><span style=\"color: #212121; font-size: 1.5em; letter-spacing: -0.01em;\">Los trabajadores judiciales pelean en toda la provincia por acortar la brecha en la carrera contra la inflaci\u00f3n.<\/span><\/p>\n<p><span style=\"font-weight: 400;\"><span class=\"dropcap \" style=\"background-color: #ffffff; color: #dd9933; border-color: #ffffff;\">L<\/span>a Asociaci\u00f3n Gremial de Empleados del Poder Judicial (AGEPJ), en representaci\u00f3n de los trabajadores judiciales de la provincia de C\u00f3rdoba, se encuentra en medio de un plan de lucha por mejoras salariales y laborales que abarca a todas las dependencias de la provincia.<\/span><\/p>\n<p><span style=\"font-weight: 400;\">La Corte Suprema de Justicia otorg\u00f3 un aumento del 10% para el mes de noviembre a la que corresponder\u00eda que el Tribunal Superior de Justicia de C\u00f3rdoba adhiera y otorgue el mismo porcentaje.\u00a0<\/span><\/p>\n<p><span style=\"font-weight: 400;\">Sin embargo no hubo novedades al respecto y eso gener\u00f3 la reacci\u00f3n de la AGEPJ: El 21 de noviembre lanz\u00f3 un cronograma de acciones en el marco del <strong>plan de lucha<\/strong> que lleva a cabo para demandar precisiones sobre el pago del aumento salarial del 10%.<\/span><\/p>\n<p><span style=\"font-weight: 400;\">El viernes 22, en consecuencia, los trabajadores judiciales realizaron un <strong>abandono de tareas<\/strong> a partir de las 11 de la ma\u00f1ana, al tiempo que en C\u00f3rdoba se realiz\u00f3 movilizaci\u00f3n hacia Tribunales.<\/span><\/p>\n<p><span style=\"font-weight: 400;\">De seguir en la misma situaci\u00f3n, el plan de lucha continuar\u00e1 este viernes 29 con un <strong>paro provincial<\/strong> por 24 horas.<\/span><\/p>\n<\/div>\n<\/div>\n","protected":false},"excerpt":{"rendered":"<p>Los trabajadores judiciales pelean en toda la provincia por acortar la brecha en la carrera contra la inflaci\u00f3n. La Asociaci\u00f3n Gremial de Empleados del Poder Judicial (AGEPJ), en representaci\u00f3n de los trabajadores judiciales de la provincia de C\u00f3rdoba, se encuentra en medio de un plan de lucha por mejoras salariales y laborales que abarca a [&hellip;]<\/p>\n","protected":false},"author":2,"featured_media":796,"comment_status":"open","ping_status":"open","sticky":false,"template":"","format":"standard","meta":{"_exactmetrics_skip_tracking":false,"_exactmetrics_sitenote_active":false,"_exactmetrics_sitenote_note":"","_exactmetrics_sitenote_category":0,"jnews-multi-image_gallery":[],"jnews_single_post":{"source_name":"","source_url":"","via_name":"","via_url":"","override_template":"0","override":[{"template":"1","single_blog_custom":"","parallax":"1","fullscreen":"0","layout":"right-sidebar","sidebar":"default-sidebar","second_sidebar":"default-sidebar","sticky_sidebar":"1","share_position":"top","share_float_style":"share-monocrhome","show_share_counter":"1","show_view_counter":"1","show_featured":"1","show_post_meta":"1","show_post_author":"1","show_post_author_image":"1","show_post_date":"1","post_date_format":"default","post_date_format_custom":"Y\/m\/d","show_post_category":"1","show_post_reading_time":"0","post_reading_time_wpm":"300","show_zoom_button":"0","zoom_button_out_step":"2","zoom_button_in_step":"3","show_post_tag":"1","show_prev_next_post":"1","show_popup_post":"1","number_popup_post":"1","show_author_box":"0","show_post_related":"0","show_inline_post_related":"0"}],"override_image_size":"0","image_override":[{"single_post_thumbnail_size":"crop-500","single_post_gallery_size":"crop-500"}],"trending_post":"0","trending_post_position":"meta","trending_post_label":"Trending"},"jnews_primary_category":{"id":""},"jnews_social_meta":{"fb_title":"","fb_description":"","fb_image":"","twitter_title":"","twitter_description":"","twitter_image":""},"jnews_override_counter":{"override_view_counter":"0","view_counter_number":"0","override_share_counter":"0","share_counter_number":"0","override_like_counter":"0","like_counter_number":"0","override_dislike_counter":"0","dislike_counter_number":"0"},"_joinchat":[],"footnotes":""},"categories":[22],"tags":[70,35],"class_list":["post-793","post","type-post","status-publish","format-standard","has-post-thumbnail","hentry","category-actualidad","tag-edicion-14","tag-trabajadores"],"_links":{"self":[{"href":"https:\/\/tribunavm.com.ar\/index.php\/wp-json\/wp\/v2\/posts\/793"}],"collection":[{"href":"https:\/\/tribunavm.com.ar\/index.php\/wp-json\/wp\/v2\/posts"}],"about":[{"href":"https:\/\/tribunavm.com.ar\/index.php\/wp-json\/wp\/v2\/types\/post"}],"author":[{"embeddable":true,"href":"https:\/\/tribunavm.com.ar\/index.php\/wp-json\/wp\/v2\/users\/2"}],"replies":[{"embeddable":true,"href":"https:\/\/tribunavm.com.ar\/index.php\/wp-json\/wp\/v2\/comments?post=793"}],"version-history":[{"count":4,"href":"https:\/\/tribunavm.com.ar\/index.php\/wp-json\/wp\/v2\/posts\/793\/revisions"}],"predecessor-version":[{"id":817,"href":"https:\/\/tribunavm.com.ar\/index.php\/wp-json\/wp\/v2\/posts\/793\/revisions\/817"}],"wp:featuredmedia":[{"embeddable":true,"href":"https:\/\/tribunavm.com.ar\/index.php\/wp-json\/wp\/v2\/media\/796"}],"wp:attachment":[{"href":"https:\/\/tribunavm.com.ar\/index.php\/wp-json\/wp\/v2\/media?parent=793"}],"wp:term":[{"taxonomy":"category","embeddable":true,"href":"https:\/\/tribunavm.com.ar\/index.php\/wp-json\/wp\/v2\/categories?post=793"},{"taxonomy":"post_tag","embeddable":true,"href":"https:\/\/tribunavm.com.ar\/index.php\/wp-json\/wp\/v2\/tags?post=793"}],"curies":[{"name":"wp","href":"https:\/\/api.w.org\/{rel}","templated":true}]}}