{"id":799,"date":"2019-11-28T16:01:25","date_gmt":"2019-11-28T16:01:25","guid":{"rendered":"https:\/\/tribunavm.com.ar\/?p=799"},"modified":"2019-11-28T15:42:49","modified_gmt":"2019-11-28T15:42:49","slug":"bolivianos-le-dicen-no-al-golpe","status":"publish","type":"post","link":"https:\/\/tribunavm.com.ar\/index.php\/2019\/11\/28\/bolivianos-le-dicen-no-al-golpe\/","title":{"rendered":"Bolivianos le dicen No al Golpe"},"content":{"rendered":"<div class=\"row clearfix\">\n<div class=\"col-md-8\">\n<p><i style=\"color: #212121; font-size: 1.5em; letter-spacing: -0.01em;\">Realizaron una concentraci\u00f3n en la plaza principal de Villa Nueva. Recopilaron fotos y videos de sus parientes en Bolivia.<\/i><\/p>\n<p><span style=\"font-weight: 400;\"><span class=\"dropcap \" style=\"background-color: #ffffff; color: #dd9933; border-color: #ffffff;\">A<\/span> comienzos de esta semana bolivianos residentes en Villa Nueva y Villa Mar\u00eda protagonizaron una jornada de movilizaci\u00f3n concentr\u00e1ndose en la Plaza Central de Villa Nueva.<\/span><\/p>\n<p><span style=\"font-weight: 400;\">El marco de la convocatoria tiene como tel\u00f3n de fondo la situaci\u00f3n de convulsi\u00f3n social que se vive en el pa\u00eds boliviano luego del Golpe de Estado que produjo la destituci\u00f3n de Evo Morales y Garc\u00eda Linera (Ver: Golpe de Estado en Bolivia).<\/span><\/p>\n<p><span style=\"font-weight: 400;\">En declaraciones con Tribuna, <strong>Alex I\u00f1ani<\/strong>, uno de los dirigentes locales, expres\u00f3 que \u201cel trabajo que se llev\u00f3 a cabo en Villa Nueva fue documentar todas las im\u00e1genes que llegan desde all\u00e1, de nuestros parientes\u201d sum\u00e1ndose a la primer marcha masiva en Villa Mar\u00eda y la posterior asamblea en la plaza Centenario.<\/span><\/p>\n<p><span style=\"font-weight: 400;\">Respecto a la situaci\u00f3n analiz\u00f3 que \u201c<strong>hoy Latinoam\u00e9rica es uno de los continentes donde m\u00e1s riqueza existe<\/strong> y somos mirados con ambici\u00f3n por pa\u00edses como el imperio estadounidense\u201d. Recuerda que recientemente estuvo presente en Jujuy Ivanka Trump, la hija de Donald Trump, ellos \u201chan encontrando sus lacayos en\u201d Bolivia. \u201cCamacho, uno de los golpistas, es de una familia que siempre ha vivido de los hidrocarburos de Bolivia\u201d.<\/span><\/p>\n<p><span style=\"font-weight: 400;\">En cuanto al litio, es \u201cuna de las mercanc\u00edas b\u00e1sicas para la producci\u00f3n de insumos de bater\u00edas por lo que entran\u201d en disputa \u201cmuchas corporaciones econ\u00f3micas del mundo. Bolivia significaba una competencia para todos ellos\u201d. La idea de Evo Morales \u201cera industrializar todo y ya no vender las materias primas\u201d, sino hacerlas nosotros mismos.<\/span><\/p>\n<p><span style=\"font-weight: 400;\">Para concluir, nos coment\u00f3 que se encuentran en alerta por la situaci\u00f3n e impulsando la comunicaci\u00f3n con dem\u00e1s bolivianos de la provincia de C\u00f3rdoba para llevar adelante acciones conjuntas y programadas.<\/span><\/p>\n<\/div>\n<\/div>\n","protected":false},"excerpt":{"rendered":"<p>Realizaron una concentraci\u00f3n en la plaza principal de Villa Nueva. Recopilaron fotos y videos de sus parientes en Bolivia. A comienzos de esta semana bolivianos residentes en Villa Nueva y Villa Mar\u00eda protagonizaron una jornada de movilizaci\u00f3n concentr\u00e1ndose en la Plaza Central de Villa Nueva. El marco de la convocatoria tiene como tel\u00f3n de fondo [&hellip;]<\/p>\n","protected":false},"author":2,"featured_media":800,"comment_status":"open","ping_status":"open","sticky":false,"template":"","format":"standard","meta":{"_exactmetrics_skip_tracking":false,"_exactmetrics_sitenote_active":false,"_exactmetrics_sitenote_note":"","_exactmetrics_sitenote_category":0,"jnews-multi-image_gallery":[],"jnews_single_post":{"source_name":"","source_url":"","via_name":"","via_url":"","override_template":"0","override":[{"template":"1","single_blog_custom":"","parallax":"1","fullscreen":"0","layout":"right-sidebar","sidebar":"default-sidebar","second_sidebar":"default-sidebar","sticky_sidebar":"1","share_position":"top","share_float_style":"share-monocrhome","show_share_counter":"1","show_view_counter":"1","show_featured":"1","show_post_meta":"1","show_post_author":"1","show_post_author_image":"1","show_post_date":"1","post_date_format":"default","post_date_format_custom":"Y\/m\/d","show_post_category":"1","show_post_reading_time":"0","post_reading_time_wpm":"300","show_zoom_button":"0","zoom_button_out_step":"2","zoom_button_in_step":"3","show_post_tag":"1","show_prev_next_post":"1","show_popup_post":"1","number_popup_post":"1","show_author_box":"0","show_post_related":"0","show_inline_post_related":"0"}],"override_image_size":"0","image_override":[{"single_post_thumbnail_size":"crop-500","single_post_gallery_size":"crop-500"}],"trending_post":"0","trending_post_position":"meta","trending_post_label":"Trending"},"jnews_primary_category":{"id":""},"jnews_social_meta":{"fb_title":"","fb_description":"","fb_image":"","twitter_title":"","twitter_description":"","twitter_image":""},"jnews_override_counter":{"override_view_counter":"0","view_counter_number":"0","override_share_counter":"0","share_counter_number":"0","override_like_counter":"0","like_counter_number":"0","override_dislike_counter":"0","dislike_counter_number":"0"},"_joinchat":[],"footnotes":""},"categories":[22],"tags":[65,70],"class_list":["post-799","post","type-post","status-publish","format-standard","has-post-thumbnail","hentry","category-actualidad","tag-america-latina","tag-edicion-14"],"_links":{"self":[{"href":"https:\/\/tribunavm.com.ar\/index.php\/wp-json\/wp\/v2\/posts\/799"}],"collection":[{"href":"https:\/\/tribunavm.com.ar\/index.php\/wp-json\/wp\/v2\/posts"}],"about":[{"href":"https:\/\/tribunavm.com.ar\/index.php\/wp-json\/wp\/v2\/types\/post"}],"author":[{"embeddable":true,"href":"https:\/\/tribunavm.com.ar\/index.php\/wp-json\/wp\/v2\/users\/2"}],"replies":[{"embeddable":true,"href":"https:\/\/tribunavm.com.ar\/index.php\/wp-json\/wp\/v2\/comments?post=799"}],"version-history":[{"count":2,"href":"https:\/\/tribunavm.com.ar\/index.php\/wp-json\/wp\/v2\/posts\/799\/revisions"}],"predecessor-version":[{"id":819,"href":"https:\/\/tribunavm.com.ar\/index.php\/wp-json\/wp\/v2\/posts\/799\/revisions\/819"}],"wp:featuredmedia":[{"embeddable":true,"href":"https:\/\/tribunavm.com.ar\/index.php\/wp-json\/wp\/v2\/media\/800"}],"wp:attachment":[{"href":"https:\/\/tribunavm.com.ar\/index.php\/wp-json\/wp\/v2\/media?parent=799"}],"wp:term":[{"taxonomy":"category","embeddable":true,"href":"https:\/\/tribunavm.com.ar\/index.php\/wp-json\/wp\/v2\/categories?post=799"},{"taxonomy":"post_tag","embeddable":true,"href":"https:\/\/tribunavm.com.ar\/index.php\/wp-json\/wp\/v2\/tags?post=799"}],"curies":[{"name":"wp","href":"https:\/\/api.w.org\/{rel}","templated":true}]}}