{"id":8125,"date":"2023-05-14T20:23:37","date_gmt":"2023-05-14T20:23:37","guid":{"rendered":"https:\/\/tribunavm.com.ar\/?p=8125"},"modified":"2023-05-14T20:35:47","modified_gmt":"2023-05-14T20:35:47","slug":"reunion-de-los-ministros-de-finanzas-del-g7","status":"publish","type":"post","link":"https:\/\/tribunavm.com.ar\/index.php\/2023\/05\/14\/reunion-de-los-ministros-de-finanzas-del-g7\/","title":{"rendered":"Reuni\u00f3n de los ministros de finanzas del G7"},"content":{"rendered":"<div class=\"row clearfix\">\n<div class=\"col-md-8\">\n<div class=\"intro-text\">\n<p>Junto a los jefes de bancos centrales de las 7 econom\u00edas m\u00e1s desarrolladas, se reunieron en Niigata, Jap\u00f3n, para discutir una agenda com\u00fan dentro del bloque.<\/p>\n<\/div>\n<p><span style=\"font-weight: 400;\"><span class=\"dropcap \" style=\"background-color: #ffffff; color: #dd9933; border-color: #ffffff;\">E<\/span>l encuentro de finanzas del G7 convoc\u00f3 a los representantes econ\u00f3micos de Estados Unidos, Reino Unido, Alemania, Jap\u00f3n, Italia, Francia y Canad\u00e1 y se llev\u00f3 a cabo en la ciudad de Niigata, Jap\u00f3n, entre el 10 y el 13 de mayo.<\/span><\/p>\n<p><span style=\"font-weight: 400;\">Las discusiones rondaron en torno a 3 ejes centrales: el alza inflacionaria y la guerra en Ucrania; el desarrollo de pol\u00edticas econ\u00f3micas que aborden la digitalizaci\u00f3n, la sanidad y el cambio clim\u00e1tico; y las vulnerabilidades de los pa\u00edses de medianos y bajos ingresos para enfrentar el problema de la deuda.<\/span><\/p>\n<p><span style=\"font-weight: 400;\">El encuentro cont\u00f3 con varios debates que se enfocaron en el encarecimiento de las materias primas, la energ\u00eda, el alza de la inflaci\u00f3n en los pa\u00edses del llamado \u201cprimer mundo\u201d y una fuerte incertidumbre financiera alimentada por el conflicto ruso-ucraniano y el colapso de diversos bancos en EE.UU. y Europa.<\/span><\/p>\n<p><img loading=\"lazy\" decoding=\"async\" class=\"aligncenter size-full wp-image-8128\" src=\"https:\/\/tribunavm.com.ar\/wp-content\/uploads\/2023\/05\/Reunion-del-G7.jpeg\" alt=\"\" width=\"990\" height=\"491\" srcset=\"https:\/\/tribunavm.com.ar\/wp-content\/uploads\/2023\/05\/Reunion-del-G7.jpeg 990w, https:\/\/tribunavm.com.ar\/wp-content\/uploads\/2023\/05\/Reunion-del-G7-300x149.jpeg 300w, https:\/\/tribunavm.com.ar\/wp-content\/uploads\/2023\/05\/Reunion-del-G7-768x381.jpeg 768w, https:\/\/tribunavm.com.ar\/wp-content\/uploads\/2023\/05\/Reunion-del-G7-360x180.jpeg 360w, https:\/\/tribunavm.com.ar\/wp-content\/uploads\/2023\/05\/Reunion-del-G7-750x372.jpeg 750w\" sizes=\"(max-width: 990px) 100vw, 990px\" \/><\/p>\n<p><span style=\"font-weight: 400;\">Antes de finalizar reiteraron su apoyo a Ucrania en el marco de la guerra y no descartaron la continuidad de las sanciones econ\u00f3micas a Rusia.<\/span><\/p>\n<p><span style=\"font-weight: 400;\">Respecto a otras definiciones, se propuso una revisi\u00f3n del sistema bancario y se acord\u00f3 reconfigurar la regulaci\u00f3n del sector como medida para reducir la incertidumbre causada por las recientes quiebras de bancos tanto en Estados Unidos como en ciertos pa\u00edses de Europa. En el comunicado conjunto, el Grupo de los 7 declar\u00f3 que abordar\u00e1n &#8220;las lagunas en materia de datos, supervisi\u00f3n y regulaci\u00f3n del sistema bancario&#8221;, sin especificar o profundizar en las formas en las cuales se llevar\u00eda a cabo el plan de estabilizaci\u00f3n.<\/span><\/p>\n<p><span style=\"font-weight: 400;\">Tambi\u00e9n se propuso la diversificaci\u00f3n de las cadenas de suministro, hoy \u201caltamente concentradas\u201d en un intento de reducir la dependencia de los 7 estados de los productos provenientes de China.\u00a0<\/span><\/p>\n<\/div>\n<\/div>\n","protected":false},"excerpt":{"rendered":"<p>Los ministros y jefes de bancos centrales de las 7 econom\u00edas m\u00e1s desarrolladas, se reunieron en Niigata, Jap\u00f3n, para discutir una agenda com\u00fan dentro del bloque.<\/p>\n","protected":false},"author":2,"featured_media":8127,"comment_status":"open","ping_status":"open","sticky":false,"template":"","format":"standard","meta":{"_exactmetrics_skip_tracking":false,"_exactmetrics_sitenote_active":false,"_exactmetrics_sitenote_note":"","_exactmetrics_sitenote_category":0,"jnews-multi-image_gallery":[],"jnews_single_post":{"source_name":"","source_url":"","via_name":"","via_url":"","override_template":"0","override":[{"template":"1","single_blog_custom":"","parallax":"1","fullscreen":"1","layout":"right-sidebar","sidebar":"default-sidebar","second_sidebar":"default-sidebar","sticky_sidebar":"1","share_position":"top","share_float_style":"share-monocrhome","show_share_counter":"1","show_view_counter":"1","show_featured":"1","show_post_meta":"1","show_post_author":"1","show_post_author_image":"1","show_post_date":"1","post_date_format":"default","post_date_format_custom":"Y\/m\/d","show_post_category":"1","show_post_reading_time":"0","post_reading_time_wpm":"300","show_zoom_button":"0","zoom_button_out_step":"2","zoom_button_in_step":"3","show_post_tag":"1","show_prev_next_post":"1","show_popup_post":"1","number_popup_post":"1","show_author_box":"0","show_post_related":"0","show_inline_post_related":"0"}],"override_image_size":"0","image_override":[{"single_post_thumbnail_size":"crop-500","single_post_gallery_size":"crop-500"}],"trending_post":"0","trending_post_position":"meta","trending_post_label":"Trending","sponsored_post":"0","sponsored_post_label":"Sponsored by","sponsored_post_name":"","sponsored_post_url":"","sponsored_post_logo_enable":"0","sponsored_post_logo":"","sponsored_post_desc":""},"jnews_primary_category":{"id":"276"},"jnews_social_meta":{"fb_title":"","fb_description":"","fb_image":"","twitter_title":"","twitter_description":"","twitter_image":""},"jnews_override_counter":{"override_view_counter":"0","view_counter_number":"0","override_share_counter":"0","share_counter_number":"0","override_like_counter":"0","like_counter_number":"0","override_dislike_counter":"0","dislike_counter_number":"0"},"_joinchat":[],"footnotes":""},"categories":[276],"tags":[292,239,75],"class_list":["post-8125","post","type-post","status-publish","format-standard","has-post-thumbnail","hentry","category-internacional","tag-edicion-110","tag-g7","tag-internacional"],"_links":{"self":[{"href":"https:\/\/tribunavm.com.ar\/index.php\/wp-json\/wp\/v2\/posts\/8125"}],"collection":[{"href":"https:\/\/tribunavm.com.ar\/index.php\/wp-json\/wp\/v2\/posts"}],"about":[{"href":"https:\/\/tribunavm.com.ar\/index.php\/wp-json\/wp\/v2\/types\/post"}],"author":[{"embeddable":true,"href":"https:\/\/tribunavm.com.ar\/index.php\/wp-json\/wp\/v2\/users\/2"}],"replies":[{"embeddable":true,"href":"https:\/\/tribunavm.com.ar\/index.php\/wp-json\/wp\/v2\/comments?post=8125"}],"version-history":[{"count":3,"href":"https:\/\/tribunavm.com.ar\/index.php\/wp-json\/wp\/v2\/posts\/8125\/revisions"}],"predecessor-version":[{"id":8137,"href":"https:\/\/tribunavm.com.ar\/index.php\/wp-json\/wp\/v2\/posts\/8125\/revisions\/8137"}],"wp:featuredmedia":[{"embeddable":true,"href":"https:\/\/tribunavm.com.ar\/index.php\/wp-json\/wp\/v2\/media\/8127"}],"wp:attachment":[{"href":"https:\/\/tribunavm.com.ar\/index.php\/wp-json\/wp\/v2\/media?parent=8125"}],"wp:term":[{"taxonomy":"category","embeddable":true,"href":"https:\/\/tribunavm.com.ar\/index.php\/wp-json\/wp\/v2\/categories?post=8125"},{"taxonomy":"post_tag","embeddable":true,"href":"https:\/\/tribunavm.com.ar\/index.php\/wp-json\/wp\/v2\/tags?post=8125"}],"curies":[{"name":"wp","href":"https:\/\/api.w.org\/{rel}","templated":true}]}}