{"id":8170,"date":"2023-05-15T01:09:46","date_gmt":"2023-05-15T01:09:46","guid":{"rendered":"https:\/\/tribunavm.com.ar\/?p=8170"},"modified":"2023-05-15T01:09:58","modified_gmt":"2023-05-15T01:09:58","slug":"alberto-fernandez-busca-un-salvavidas-en-brasil","status":"publish","type":"post","link":"https:\/\/tribunavm.com.ar\/index.php\/2023\/05\/15\/alberto-fernandez-busca-un-salvavidas-en-brasil\/","title":{"rendered":"Alberto Fern\u00e1ndez busca un salvavidas en Brasil"},"content":{"rendered":"<div class=\"row clearfix\">\n<div class=\"col-md-8\">\n<div class=\"intro-text\">\n<p><span style=\"font-weight: 400;\">En el encuentro los mandatarios abordaron la situaci\u00f3n de la deuda Argentina ante el FMI y generar nuevos mecanismos de intercambio comercial en reales.\u00a0<\/span><\/p>\n<\/div>\n<p><span style=\"font-weight: 400;\"><span class=\"dropcap \" style=\"background-color: #ffffff; color: #dd9933; border-color: #ffffff;\">E<\/span>ntre los principales temas, se abord\u00f3 la problem\u00e1tica que enfrenta el pa\u00eds en cuanto a las negociaciones con el Fondo Monetario Internacional (FMI). \u201cPretendo conversar con el FMI <\/span><b>para sacarle el cuchillo del cuello a Argentina<\/b><span style=\"font-weight: 400;\">. El FMI no puede presionar a un pa\u00eds que quiere crecer y mejorar la vida del pueblo\u201d, dijo Da Silva en la conferencia de prensa.<\/span><\/p>\n<p><span style=\"font-weight: 400;\">A su vez, afirm\u00f3 que \u201ctrabajar\u00e1 en una negociaci\u00f3n con Xi Jinping para lograr que los BRICS aporten ayuda financiera al pa\u00eds, que atraviesa una compleja situaci\u00f3n econ\u00f3mica causada por la sequ\u00eda y la ausencia de reservas en el Banco Central\u201d.<\/span><\/p>\n<p><span style=\"font-weight: 400;\">Por su parte Alberto Fernandez, resalt\u00f3 que en materia de intercambio comercial intentar\u00e1n \u201cponer en marcha cr\u00e9ditos que garanticen la producci\u00f3n de las empresas brasile\u00f1as que exportan a la Argentina\u201d. \u201cLula y yo estamos convencidos de la necesidad de fortalecer el MERCOSUR\u201d, afirm\u00f3 el presidente.\u00a0\u00a0<\/span><\/p>\n<p><span style=\"font-weight: 400;\">Desde la p\u00e1gina oficial de la Casa Rosada, informaron que tambi\u00e9n participaron de las reuniones parte de los staffs de ambos pa\u00edses: por Argentina el jefe de Gabinete, Agust\u00edn Rossi, los ministros de Econom\u00eda, Sergio Massa, y de Relaciones Exteriores, Santiago Cafiero; el embajador de la Argentina en Brasil, Daniel Scioli, entre otros.\u00a0<\/span><\/p>\n<p><span style=\"font-weight: 400;\">Santiago Cafiero, dijo luego de la reuni\u00f3n que &#8220;hoy la Argentina est\u00e1 con escasez de d\u00f3lares producto de la sequ\u00eda y del endeudamiento criminal del macrismo buscan crear\u201d por ello buscar\u00e1n fortalecer &#8220;un mecanismo para pagar en reales&#8221;.\u00a0\u00a0<\/span><\/p>\n<\/div>\n<\/div>\n","protected":false},"excerpt":{"rendered":"<p>En el encuentro los mandatarios abordaron la situaci\u00f3n de la deuda Argentina ante el FMI y generar nuevos mecanismos de intercambio comercial en reales.\u00a0<\/p>\n","protected":false},"author":2,"featured_media":8171,"comment_status":"open","ping_status":"open","sticky":false,"template":"","format":"standard","meta":{"_exactmetrics_skip_tracking":false,"_exactmetrics_sitenote_active":false,"_exactmetrics_sitenote_note":"","_exactmetrics_sitenote_category":0,"jnews-multi-image_gallery":[],"jnews_single_post":{"source_name":"","source_url":"","via_name":"","via_url":"","override_template":"0","override":[{"template":"1","single_blog_custom":"","parallax":"1","fullscreen":"1","layout":"right-sidebar","sidebar":"default-sidebar","second_sidebar":"default-sidebar","sticky_sidebar":"1","share_position":"top","share_float_style":"share-monocrhome","show_share_counter":"1","show_view_counter":"1","show_featured":"1","show_post_meta":"1","show_post_author":"1","show_post_author_image":"1","show_post_date":"1","post_date_format":"default","post_date_format_custom":"Y\/m\/d","show_post_category":"1","show_post_reading_time":"0","post_reading_time_wpm":"300","show_zoom_button":"0","zoom_button_out_step":"2","zoom_button_in_step":"3","show_post_tag":"1","show_prev_next_post":"1","show_popup_post":"1","number_popup_post":"1","show_author_box":"0","show_post_related":"0","show_inline_post_related":"0"}],"override_image_size":"0","image_override":[{"single_post_thumbnail_size":"crop-500","single_post_gallery_size":"crop-500"}],"trending_post":"0","trending_post_position":"meta","trending_post_label":"Trending","sponsored_post":"0","sponsored_post_label":"Sponsored by","sponsored_post_name":"","sponsored_post_url":"","sponsored_post_logo_enable":"0","sponsored_post_logo":"","sponsored_post_desc":""},"jnews_primary_category":{"id":"279"},"jnews_social_meta":{"fb_title":"","fb_description":"","fb_image":"","twitter_title":"","twitter_description":"","twitter_image":""},"jnews_override_counter":{"override_view_counter":"0","view_counter_number":"0","override_share_counter":"0","share_counter_number":"0","override_like_counter":"0","like_counter_number":"0","override_dislike_counter":"0","dislike_counter_number":"0"},"_joinchat":[],"footnotes":""},"categories":[279],"tags":[292,39,69],"class_list":["post-8170","post","type-post","status-publish","format-standard","has-post-thumbnail","hentry","category-gobierno","tag-edicion-110","tag-gobierno","tag-latinoamerica"],"_links":{"self":[{"href":"https:\/\/tribunavm.com.ar\/index.php\/wp-json\/wp\/v2\/posts\/8170"}],"collection":[{"href":"https:\/\/tribunavm.com.ar\/index.php\/wp-json\/wp\/v2\/posts"}],"about":[{"href":"https:\/\/tribunavm.com.ar\/index.php\/wp-json\/wp\/v2\/types\/post"}],"author":[{"embeddable":true,"href":"https:\/\/tribunavm.com.ar\/index.php\/wp-json\/wp\/v2\/users\/2"}],"replies":[{"embeddable":true,"href":"https:\/\/tribunavm.com.ar\/index.php\/wp-json\/wp\/v2\/comments?post=8170"}],"version-history":[{"count":2,"href":"https:\/\/tribunavm.com.ar\/index.php\/wp-json\/wp\/v2\/posts\/8170\/revisions"}],"predecessor-version":[{"id":8173,"href":"https:\/\/tribunavm.com.ar\/index.php\/wp-json\/wp\/v2\/posts\/8170\/revisions\/8173"}],"wp:featuredmedia":[{"embeddable":true,"href":"https:\/\/tribunavm.com.ar\/index.php\/wp-json\/wp\/v2\/media\/8171"}],"wp:attachment":[{"href":"https:\/\/tribunavm.com.ar\/index.php\/wp-json\/wp\/v2\/media?parent=8170"}],"wp:term":[{"taxonomy":"category","embeddable":true,"href":"https:\/\/tribunavm.com.ar\/index.php\/wp-json\/wp\/v2\/categories?post=8170"},{"taxonomy":"post_tag","embeddable":true,"href":"https:\/\/tribunavm.com.ar\/index.php\/wp-json\/wp\/v2\/tags?post=8170"}],"curies":[{"name":"wp","href":"https:\/\/api.w.org\/{rel}","templated":true}]}}