{"id":8174,"date":"2023-05-15T01:13:12","date_gmt":"2023-05-15T01:13:12","guid":{"rendered":"https:\/\/tribunavm.com.ar\/?p=8174"},"modified":"2023-05-15T01:13:12","modified_gmt":"2023-05-15T01:13:12","slug":"ee-uu-al-rescate-del-pacto-social-y-los-derechos-laborales","status":"publish","type":"post","link":"https:\/\/tribunavm.com.ar\/index.php\/2023\/05\/15\/ee-uu-al-rescate-del-pacto-social-y-los-derechos-laborales\/","title":{"rendered":"EE.UU al \u201crescate\u201d del pacto social y los derechos laborales"},"content":{"rendered":"<div class=\"row clearfix\">\n<div class=\"col-md-8\">\n<div class=\"intro-text\">\n<p><span style=\"font-weight: 400;\">El Ministerio de Trabajo fue sede de la iniciativa M-Power, una jornada de di\u00e1logo sobre los derechos de los trabajadores entre los Estados Unidos y la Argentina promovida por la gesti\u00f3n de Biden.<\/span><\/p>\n<\/div>\n<p><span style=\"font-weight: 400;\"><span class=\"dropcap \" style=\"background-color: #ffffff; color: #dd9933; border-color: #ffffff;\">E<\/span>l evento cont\u00f3 con la presencia de Raquel Olmos, ministra de Trabajo; Marc Stanley, embajador de EEUU; H\u00e9ctor Daer, Gerardo Mart\u00ednez, Andr\u00e9s Rodr\u00edguez y Jorge Sola de la CGT; Rodrigo Borr\u00e1s, de la CTA de los Trabajadores; Daniel Jorajur\u00eda, de CTA Aut\u00f3noma; y Daniel Funes de Rioja, presidente de UIA.<\/span><\/p>\n<p><span style=\"font-weight: 400;\">La iniciativa M-Power es una asociaci\u00f3n global para ofrecer apoyo a reformas que consoliden los derechos de los trabajadores, promovida por el gobierno de EE.UU. e integrada por Argentina, Espa\u00f1a, Alemania, Canad\u00e1 y Sud\u00e1frica.<\/span><\/p>\n<p><span style=\"font-weight: 400;\">Durante dos dias, los asistentes discutieron sobre las tematicas de econom\u00eda inclusiva, g\u00e9nero y diversidad, trabajo infantil, trata de personas y trabajo forzoso. \u201cHemos conversado sobre la importancia del di\u00e1logo tripartito, que dej\u00f3 en claro que Argentina y los Estados Unidos compartimos el objetivo del mundo donde las econom\u00edas prosperan basadas en el respeto a los sindicatos y a los derechos laborales&#8221;, a\u00f1adi\u00f3 la ministra Olmos.<\/span><\/p>\n<p><span style=\"font-weight: 400;\">\u201cEstamos felices de contar con Argentina entre nuestros socios de la alianza multilateral por el empoderamiento de los trabajadores y los derechos&#8221;, agreg\u00f3 Thea Lee, subsecretaria adjunta de Asuntos Internacionales del Departamento de Trabajo de EEUU.<\/span><\/p>\n<\/div>\n<\/div>\n","protected":false},"excerpt":{"rendered":"<p>El Ministerio de Trabajo fue sede de la iniciativa M-Power, una jornada de di\u00e1logo sobre los derechos de los trabajadores entre los Estados Unidos y la Argentina promovida por la gesti\u00f3n de Biden.<\/p>\n","protected":false},"author":2,"featured_media":8175,"comment_status":"open","ping_status":"open","sticky":false,"template":"","format":"standard","meta":{"_exactmetrics_skip_tracking":false,"_exactmetrics_sitenote_active":false,"_exactmetrics_sitenote_note":"","_exactmetrics_sitenote_category":0,"jnews-multi-image_gallery":[],"jnews_single_post":{"source_name":"","source_url":"","via_name":"","via_url":"","override_template":"0","override":[{"template":"1","single_blog_custom":"","parallax":"1","fullscreen":"1","layout":"right-sidebar","sidebar":"default-sidebar","second_sidebar":"default-sidebar","sticky_sidebar":"1","share_position":"top","share_float_style":"share-monocrhome","show_share_counter":"1","show_view_counter":"1","show_featured":"1","show_post_meta":"1","show_post_author":"1","show_post_author_image":"1","show_post_date":"1","post_date_format":"default","post_date_format_custom":"Y\/m\/d","show_post_category":"1","show_post_reading_time":"0","post_reading_time_wpm":"300","show_zoom_button":"0","zoom_button_out_step":"2","zoom_button_in_step":"3","show_post_tag":"1","show_prev_next_post":"1","show_popup_post":"1","number_popup_post":"1","show_author_box":"0","show_post_related":"0","show_inline_post_related":"0"}],"override_image_size":"0","image_override":[{"single_post_thumbnail_size":"crop-500","single_post_gallery_size":"crop-500"}],"trending_post":"0","trending_post_position":"meta","trending_post_label":"Trending","sponsored_post":"0","sponsored_post_label":"Sponsored by","sponsored_post_name":"","sponsored_post_url":"","sponsored_post_logo_enable":"0","sponsored_post_logo":"","sponsored_post_desc":""},"jnews_primary_category":{"id":"279"},"jnews_social_meta":{"fb_title":"","fb_description":"","fb_image":"","twitter_title":"","twitter_description":"","twitter_image":""},"jnews_override_counter":{"override_view_counter":"0","view_counter_number":"0","override_share_counter":"0","share_counter_number":"0","override_like_counter":"0","like_counter_number":"0","override_dislike_counter":"0","dislike_counter_number":"0"},"_joinchat":[],"footnotes":""},"categories":[279],"tags":[292,179,39],"class_list":["post-8174","post","type-post","status-publish","format-standard","has-post-thumbnail","hentry","category-gobierno","tag-edicion-110","tag-fmi","tag-gobierno"],"_links":{"self":[{"href":"https:\/\/tribunavm.com.ar\/index.php\/wp-json\/wp\/v2\/posts\/8174"}],"collection":[{"href":"https:\/\/tribunavm.com.ar\/index.php\/wp-json\/wp\/v2\/posts"}],"about":[{"href":"https:\/\/tribunavm.com.ar\/index.php\/wp-json\/wp\/v2\/types\/post"}],"author":[{"embeddable":true,"href":"https:\/\/tribunavm.com.ar\/index.php\/wp-json\/wp\/v2\/users\/2"}],"replies":[{"embeddable":true,"href":"https:\/\/tribunavm.com.ar\/index.php\/wp-json\/wp\/v2\/comments?post=8174"}],"version-history":[{"count":2,"href":"https:\/\/tribunavm.com.ar\/index.php\/wp-json\/wp\/v2\/posts\/8174\/revisions"}],"predecessor-version":[{"id":8203,"href":"https:\/\/tribunavm.com.ar\/index.php\/wp-json\/wp\/v2\/posts\/8174\/revisions\/8203"}],"wp:featuredmedia":[{"embeddable":true,"href":"https:\/\/tribunavm.com.ar\/index.php\/wp-json\/wp\/v2\/media\/8175"}],"wp:attachment":[{"href":"https:\/\/tribunavm.com.ar\/index.php\/wp-json\/wp\/v2\/media?parent=8174"}],"wp:term":[{"taxonomy":"category","embeddable":true,"href":"https:\/\/tribunavm.com.ar\/index.php\/wp-json\/wp\/v2\/categories?post=8174"},{"taxonomy":"post_tag","embeddable":true,"href":"https:\/\/tribunavm.com.ar\/index.php\/wp-json\/wp\/v2\/tags?post=8174"}],"curies":[{"name":"wp","href":"https:\/\/api.w.org\/{rel}","templated":true}]}}