{"id":8242,"date":"2023-05-28T20:33:45","date_gmt":"2023-05-28T20:33:45","guid":{"rendered":"https:\/\/tribunavm.com.ar\/?p=8242"},"modified":"2023-05-28T20:33:45","modified_gmt":"2023-05-28T20:33:45","slug":"una-cumbre-con-eje-en-la-guerra","status":"publish","type":"post","link":"https:\/\/tribunavm.com.ar\/index.php\/2023\/05\/28\/una-cumbre-con-eje-en-la-guerra\/","title":{"rendered":"Una cumbre con eje en la guerra"},"content":{"rendered":"<div class=\"row clearfix\">\n<div class=\"col-md-8\">\n<div class=\"intro-text\">\n<p><span style=\"font-weight: 400;\">Una nueva reuni\u00f3n del G7 define orientaciones frente a la guerra en Ucrania.<\/span><\/p>\n<\/div>\n<p><span style=\"font-weight: 400;\"><span class=\"dropcap \" style=\"background-color: #ffffff; color: #dd9933; border-color: #ffffff;\">E<\/span>l 20 de mayo se realiz\u00f3 en Hiroshima, Jap\u00f3n, un encuentro entre los l\u00edderes del G7\u00a0 (Estados Unidos, Jap\u00f3n, Alemania, Reino Unido, Francia, Italia y Canad\u00e1) que cont\u00f3 con la invitaci\u00f3n especial del presidente de Brasil, Lula Da Silva.<\/span><\/p>\n<p><span style=\"font-weight: 400;\">En una declaraci\u00f3n conjunta posterior, los miembros ratificaron su apoyo a Ucrania \u201cdurante el tiempo que sea necesario frente a la guerra ilegal\u201d.\u00a0<\/span><\/p>\n<p><span style=\"font-weight: 400;\">Tambi\u00e9n acordaron sanciones sobre las exportaciones de &#8220;equipos industriales, herramientas y otras tecnolog\u00edas que Rusia usa para reconstruir su maquinaria de guerra&#8221;. &#8220;Reafirmamos nuestro compromiso de hacer frente com\u00fan a la guerra de agresi\u00f3n ilegal, injustificable y no provocada de Rusia contra Ucrania&#8221;.<\/span><\/p>\n<p><span style=\"font-weight: 400;\">A su vez, instaron a China a \u201cpresionar a Rusia para que cese su agresi\u00f3n\u201d contra Ucrania y que retire sus tropas; expresan su oposici\u00f3n a la \u201cmilitarizaci\u00f3n\u201d de China en la regi\u00f3n Asia-pac\u00edfico sosteniendo que el estrecho de Taiw\u00e1n es \u201cindispensable\u201d para la seguridad mundial.<\/span><\/p>\n<p><span style=\"font-weight: 400;\">Ante ello, el presidente de Francia, Emmanuel Macron opt\u00f3 por \u201crelativizar\u201d la posici\u00f3n del G7 ante China. Menciona que, junto con Alemania, la mirada sobre China &#8220;es una posici\u00f3n europea\u201d donde \u201cel objetivo es reducir el riesgo en la cadena de valor, pero no disociar, sino comprometerse y alcanzar un equilibrio&#8221;. <\/span><span style=\"font-weight: 400;\">&#8220;Present\u00e9 lo que ser\u00e1 la cumbre para un nuevo pacto financiero de Par\u00eds los d\u00edas 22 y 23 de junio&#8221;, dijo el presidente franc\u00e9s. &#8220;Vamos a llevar una agenda de reformas del Fondo Monetario Internacional y del Banco Mundial para brindar m\u00e1s financiamiento a los pa\u00edses que m\u00e1s lo necesitan&#8221;, a\u00f1adi\u00f3.\u00a0<\/span><\/p>\n<p><span style=\"font-weight: 400;\">Por su parte, el Ministerio de Relaciones Exteriores chino plante\u00f3 que el G7 \u201cpregona que quiere avanzar hacia un mundo pac\u00edfico, estable y pr\u00f3spero. Pero en realidad, obstaculiza la paz mundial, perjudica la estabilidad regional e inhibe el desarrollo de otros pa\u00edses&#8221;.<\/span><\/p>\n<p><span style=\"font-weight: 400;\">En su intervenci\u00f3n Lula se refiri\u00f3 al rol del FMI frente a la deuda argentina. &#8220;El endeudamiento externo de muchos pa\u00edses, que victimiz\u00f3 a Brasil en el pasado y hoy destroza a Argentina, es causa de una flagrante y creciente desigualdad, y requiere un tratamiento del FMI que considere las consecuencias sociales de las pol\u00edticas de ajuste&#8221;, coment\u00f3 el dirigente brasile\u00f1o.\u00a0<\/span><\/p>\n<p><span style=\"font-weight: 400;\">Adem\u00e1s, abog\u00f3 por el multipolarismo: \u201cla soluci\u00f3n no est\u00e1 en la formaci\u00f3n de bloques antag\u00f3nicos o respuestas que incluyan s\u00f3lo a un peque\u00f1o n\u00famero de pa\u00edses. Esto ser\u00e1 particularmente importante en este contexto de transici\u00f3n a un orden multipolar, que requerir\u00e1 cambios profundos en las instituciones&#8221;, plante\u00f3 el brasilero.<\/span><\/p>\n<p><span style=\"font-weight: 400;\">&#8220;El sistema financiero global tiene que estar al servicio de la producci\u00f3n, el trabajo y el empleo. Solo tendremos un crecimiento sostenible real dirigiendo esfuerzos y recursos hacia la econom\u00eda real&#8221;, sostuvo Lula. Adem\u00e1s se reuni\u00f3 con Kristalina Georgieva en un encuentro bilateral el d\u00eda s\u00e1bado.<\/span><\/p>\n<\/div>\n<\/div>\n","protected":false},"excerpt":{"rendered":"<p>Una nueva reuni\u00f3n del G7 define orientaciones frente a la guerra en Ucrania.<\/p>\n","protected":false},"author":2,"featured_media":8243,"comment_status":"open","ping_status":"open","sticky":false,"template":"","format":"standard","meta":{"_exactmetrics_skip_tracking":false,"_exactmetrics_sitenote_active":false,"_exactmetrics_sitenote_note":"","_exactmetrics_sitenote_category":0,"jnews-multi-image_gallery":[],"jnews_single_post":{"source_name":"","source_url":"","via_name":"","via_url":"","override_template":"0","override":[{"template":"1","single_blog_custom":"","parallax":"1","fullscreen":"1","layout":"right-sidebar","sidebar":"default-sidebar","second_sidebar":"default-sidebar","sticky_sidebar":"1","share_position":"top","share_float_style":"share-monocrhome","show_share_counter":"1","show_view_counter":"1","show_featured":"1","show_post_meta":"1","show_post_author":"1","show_post_author_image":"1","show_post_date":"1","post_date_format":"default","post_date_format_custom":"Y\/m\/d","show_post_category":"1","show_post_reading_time":"0","post_reading_time_wpm":"300","show_zoom_button":"0","zoom_button_out_step":"2","zoom_button_in_step":"3","show_post_tag":"1","show_prev_next_post":"1","show_popup_post":"1","number_popup_post":"1","show_author_box":"0","show_post_related":"0","show_inline_post_related":"0"}],"override_image_size":"0","image_override":[{"single_post_thumbnail_size":"crop-500","single_post_gallery_size":"crop-500"}],"trending_post":"0","trending_post_position":"meta","trending_post_label":"Trending","sponsored_post":"0","sponsored_post_label":"Sponsored by","sponsored_post_name":"","sponsored_post_url":"","sponsored_post_logo_enable":"0","sponsored_post_logo":"","sponsored_post_desc":""},"jnews_primary_category":{"id":"276"},"jnews_social_meta":{"fb_title":"","fb_description":"","fb_image":"","twitter_title":"","twitter_description":"","twitter_image":""},"jnews_override_counter":{"override_view_counter":"0","view_counter_number":"0","override_share_counter":"0","share_counter_number":"0","override_like_counter":"0","like_counter_number":"0","override_dislike_counter":"0","dislike_counter_number":"0"},"_joinchat":[],"footnotes":""},"categories":[276],"tags":[295,239,112,75],"class_list":["post-8242","post","type-post","status-publish","format-standard","has-post-thumbnail","hentry","category-internacional","tag-edicion-111","tag-g7","tag-guerra","tag-internacional"],"_links":{"self":[{"href":"https:\/\/tribunavm.com.ar\/index.php\/wp-json\/wp\/v2\/posts\/8242"}],"collection":[{"href":"https:\/\/tribunavm.com.ar\/index.php\/wp-json\/wp\/v2\/posts"}],"about":[{"href":"https:\/\/tribunavm.com.ar\/index.php\/wp-json\/wp\/v2\/types\/post"}],"author":[{"embeddable":true,"href":"https:\/\/tribunavm.com.ar\/index.php\/wp-json\/wp\/v2\/users\/2"}],"replies":[{"embeddable":true,"href":"https:\/\/tribunavm.com.ar\/index.php\/wp-json\/wp\/v2\/comments?post=8242"}],"version-history":[{"count":1,"href":"https:\/\/tribunavm.com.ar\/index.php\/wp-json\/wp\/v2\/posts\/8242\/revisions"}],"predecessor-version":[{"id":8244,"href":"https:\/\/tribunavm.com.ar\/index.php\/wp-json\/wp\/v2\/posts\/8242\/revisions\/8244"}],"wp:featuredmedia":[{"embeddable":true,"href":"https:\/\/tribunavm.com.ar\/index.php\/wp-json\/wp\/v2\/media\/8243"}],"wp:attachment":[{"href":"https:\/\/tribunavm.com.ar\/index.php\/wp-json\/wp\/v2\/media?parent=8242"}],"wp:term":[{"taxonomy":"category","embeddable":true,"href":"https:\/\/tribunavm.com.ar\/index.php\/wp-json\/wp\/v2\/categories?post=8242"},{"taxonomy":"post_tag","embeddable":true,"href":"https:\/\/tribunavm.com.ar\/index.php\/wp-json\/wp\/v2\/tags?post=8242"}],"curies":[{"name":"wp","href":"https:\/\/api.w.org\/{rel}","templated":true}]}}