{"id":8254,"date":"2023-05-28T20:54:48","date_gmt":"2023-05-28T20:54:48","guid":{"rendered":"https:\/\/tribunavm.com.ar\/?p=8254"},"modified":"2023-05-28T20:54:48","modified_gmt":"2023-05-28T20:54:48","slug":"ecuador-guillermo-lasso-disuelve-la-asamblea-nacional","status":"publish","type":"post","link":"https:\/\/tribunavm.com.ar\/index.php\/2023\/05\/28\/ecuador-guillermo-lasso-disuelve-la-asamblea-nacional\/","title":{"rendered":"Ecuador: Guillermo Lasso disuelve la Asamblea Nacional"},"content":{"rendered":"<div class=\"row clearfix\">\n<div class=\"col-md-8\">\n<p><span style=\"color: #212121; font-size: 1.5em; letter-spacing: -0.01em;\">La decisi\u00f3n, anunciada a trav\u00e9s de una cadena nacional, fue tomada en el marco del juicio pol\u00edtico contra el presidente ecuatoriano.<\/span><\/p>\n<p><span style=\"font-weight: 400;\"><span class=\"dropcap \" style=\"background-color: #ffffff; color: #dd9933; border-color: #ffffff;\">E<\/span>l 17 de mayo, un d\u00eda despu\u00e9s del inicio del juicio pol\u00edtico en el parlamento ecuatoriano, Guillermo Lasso tom\u00f3 la decisi\u00f3n de activar la llamada &#8220;Muerte cruzada&#8221; que le permite disolver la Asamblea Nacional. Dicha medida est\u00e1 establecida en el art\u00edculo 148 de la Constituci\u00f3n y supone, a su vez, el adelantamiento de nuevas elecciones.<\/span><\/p>\n<p><span style=\"font-weight: 400;\">A trav\u00e9s de una cadena nacional, Lasso expres\u00f3 que la medida fue adoptada para \u201cdar una salida constitucional al Ecuador\u201d, en el marco de la fuerte crisis pol\u00edtica que atraviesa al gobierno. Seg\u00fan el actual mandatario ecuatoriano, la medida se tom\u00f3 aludiendo a una \u201cgrave crisis pol\u00edtica y conmoci\u00f3n interna\u201d.<\/span><\/p>\n<p><span style=\"font-weight: 400;\">A pesar del intento gubernamental de mostrar el car\u00e1cter \u201cdemocr\u00e1tico y constitucional\u201d de la decisi\u00f3n, desde la oposici\u00f3n acusaron a Lasso de intentar un \u201cgolpe de Estado\u201d. El expresidente Rafael Correa tuite\u00f3 que \u201clo que Lasso hace es ilegal. Obviamente no hay ninguna \u00abconmoci\u00f3n interna\u00bb. Tan solo no pudo comprar suficientes asamble\u00edstas para salvarse\u201d.<\/span><\/p>\n<p><span style=\"font-weight: 400;\">El decreto emitido por el Poder Ejecutivo expresa, tambi\u00e9n, el llamado a nuevas elecciones legislativas y presidenciales. Hasta la emergencia de un nuevo gobierno, durante los pr\u00f3ximos seis meses, el actual mandatario ecuatoriano, gobernar\u00e1 a trav\u00e9s de decretos.\u00a0<\/span><\/p>\n<p><span style=\"font-weight: 400;\">En este contexto, se espera que el gobierno de Ecuador decrete tres reformas estructurales que no hab\u00edan logrado obtener los votos en la Asamblea Nacional en el pasado: las reformas laboral, econ\u00f3mica y tributaria.<\/span><\/p>\n<\/div>\n<\/div>\n","protected":false},"excerpt":{"rendered":"<p>La decisi\u00f3n, anunciada a trav\u00e9s de una cadena nacional, fue tomada en el marco del juicio pol\u00edtico contra el presidente ecuatoriano.<\/p>\n","protected":false},"author":2,"featured_media":8255,"comment_status":"open","ping_status":"open","sticky":false,"template":"","format":"standard","meta":{"_exactmetrics_skip_tracking":false,"_exactmetrics_sitenote_active":false,"_exactmetrics_sitenote_note":"","_exactmetrics_sitenote_category":0,"jnews-multi-image_gallery":[],"jnews_single_post":{"source_name":"","source_url":"","via_name":"","via_url":"","override_template":"0","override":[{"template":"1","single_blog_custom":"","parallax":"1","fullscreen":"1","layout":"right-sidebar","sidebar":"default-sidebar","second_sidebar":"default-sidebar","sticky_sidebar":"1","share_position":"top","share_float_style":"share-monocrhome","show_share_counter":"1","show_view_counter":"1","show_featured":"1","show_post_meta":"1","show_post_author":"1","show_post_author_image":"1","show_post_date":"1","post_date_format":"default","post_date_format_custom":"Y\/m\/d","show_post_category":"1","show_post_reading_time":"0","post_reading_time_wpm":"300","show_zoom_button":"0","zoom_button_out_step":"2","zoom_button_in_step":"3","show_post_tag":"1","show_prev_next_post":"1","show_popup_post":"1","number_popup_post":"1","show_author_box":"0","show_post_related":"0","show_inline_post_related":"0"}],"override_image_size":"0","image_override":[{"single_post_thumbnail_size":"crop-500","single_post_gallery_size":"crop-500"}],"trending_post":"0","trending_post_position":"meta","trending_post_label":"Trending","sponsored_post":"0","sponsored_post_label":"Sponsored by","sponsored_post_name":"","sponsored_post_url":"","sponsored_post_logo_enable":"0","sponsored_post_logo":"","sponsored_post_desc":""},"jnews_primary_category":{"id":"277"},"jnews_social_meta":{"fb_title":"","fb_description":"","fb_image":"","twitter_title":"","twitter_description":"","twitter_image":""},"jnews_override_counter":{"override_view_counter":"0","view_counter_number":"0","override_share_counter":"0","share_counter_number":"0","override_like_counter":"0","like_counter_number":"0","override_dislike_counter":"0","dislike_counter_number":"0"},"_joinchat":[],"footnotes":""},"categories":[277],"tags":[295,69],"class_list":["post-8254","post","type-post","status-publish","format-standard","has-post-thumbnail","hentry","category-latinoamerica","tag-edicion-111","tag-latinoamerica"],"_links":{"self":[{"href":"https:\/\/tribunavm.com.ar\/index.php\/wp-json\/wp\/v2\/posts\/8254"}],"collection":[{"href":"https:\/\/tribunavm.com.ar\/index.php\/wp-json\/wp\/v2\/posts"}],"about":[{"href":"https:\/\/tribunavm.com.ar\/index.php\/wp-json\/wp\/v2\/types\/post"}],"author":[{"embeddable":true,"href":"https:\/\/tribunavm.com.ar\/index.php\/wp-json\/wp\/v2\/users\/2"}],"replies":[{"embeddable":true,"href":"https:\/\/tribunavm.com.ar\/index.php\/wp-json\/wp\/v2\/comments?post=8254"}],"version-history":[{"count":1,"href":"https:\/\/tribunavm.com.ar\/index.php\/wp-json\/wp\/v2\/posts\/8254\/revisions"}],"predecessor-version":[{"id":8256,"href":"https:\/\/tribunavm.com.ar\/index.php\/wp-json\/wp\/v2\/posts\/8254\/revisions\/8256"}],"wp:featuredmedia":[{"embeddable":true,"href":"https:\/\/tribunavm.com.ar\/index.php\/wp-json\/wp\/v2\/media\/8255"}],"wp:attachment":[{"href":"https:\/\/tribunavm.com.ar\/index.php\/wp-json\/wp\/v2\/media?parent=8254"}],"wp:term":[{"taxonomy":"category","embeddable":true,"href":"https:\/\/tribunavm.com.ar\/index.php\/wp-json\/wp\/v2\/categories?post=8254"},{"taxonomy":"post_tag","embeddable":true,"href":"https:\/\/tribunavm.com.ar\/index.php\/wp-json\/wp\/v2\/tags?post=8254"}],"curies":[{"name":"wp","href":"https:\/\/api.w.org\/{rel}","templated":true}]}}