{"id":8257,"date":"2023-05-28T21:01:55","date_gmt":"2023-05-28T21:01:55","guid":{"rendered":"https:\/\/tribunavm.com.ar\/?p=8257"},"modified":"2023-05-28T21:01:55","modified_gmt":"2023-05-28T21:01:55","slug":"peru-aprueba-el-ingreso-de-tropas-extranjeras","status":"publish","type":"post","link":"https:\/\/tribunavm.com.ar\/index.php\/2023\/05\/28\/peru-aprueba-el-ingreso-de-tropas-extranjeras\/","title":{"rendered":"Per\u00fa aprueba el ingreso de tropas extranjeras"},"content":{"rendered":"<div class=\"row clearfix\">\n<div class=\"col-md-8\">\n<p><span style=\"color: #212121; font-size: 1.5em; letter-spacing: -0.01em;\">El Congreso aprob\u00f3 mediante una resoluci\u00f3n administrativa el ingreso de tropas extranjeras entre el 1 de junio y el 31 de diciembre de 2023.<\/span><\/p>\n<p><span style=\"font-weight: 400;\"><span class=\"dropcap \" style=\"background-color: #ffffff; color: #dd9933; border-color: #ffffff;\">L<\/span>a sesi\u00f3n del Congreso del d\u00eda mi\u00e9rcoles 23 autoriz\u00f3 la realizaci\u00f3n de ejercicios combinados entre tropas nacionales y tropas norteamericanas. A su vez se realizar\u00e1n formaciones para la Polic\u00eda Nacional Peruana (PNP).<\/span><\/p>\n<p><span style=\"font-weight: 400;\">Estas actividades se llevar\u00e1n a cabo en regiones de Lima, Callao, Loreto, San Mart\u00edn, Hu\u00e1nuco, Ucayali, Pasco, Jun\u00edn, Huancavelica, Cusco, Ayacucho, Iquitos, Pucusana y Apur\u00edmac.<\/span><\/p>\n<p><span style=\"font-weight: 400;\">La iniciativa fue presentada por Dina Boluarte, desde el 20 de abril, y del presidente del Consejo de Ministros, Luis Alberto Ot\u00e1lora Pe\u00f1aranda. La votaci\u00f3n result\u00f3 70 votos a favor, 30 en contra y cuatro abstenciones.<\/span><\/p>\n<p><span style=\"font-weight: 400;\">Seg\u00fan el excanciller peruano, H\u00e9ctor B\u00e9jar, \u201cla presencia de esos militares es un disuasivo, parte de una pol\u00edtica de atemorizamiento del pueblo peruano que ha anunciado nuevas protestas para julio pr\u00f3ximo\u201d.<\/span><\/p>\n<p><span style=\"font-weight: 400;\">Por su parte, la ex ministra de la Mujer Anah\u00ed Durand, declar\u00f3 que \u201cluego de entregar el litio y otros recursos al extranjero, Dina Boluarte y el Congreso socavan la soberan\u00eda nacional autorizando el ingreso de tropas de Estados Unidos para \u2018formaci\u00f3n\u2019 de polic\u00edas y militares\u2019\u201d.<\/span><\/p>\n<\/div>\n<\/div>\n","protected":false},"excerpt":{"rendered":"<p>El Congreso aprob\u00f3 mediante una resoluci\u00f3n administrativa el ingreso de tropas extranjeras entre el 1 de junio y el 31 de diciembre de 2023.<\/p>\n","protected":false},"author":2,"featured_media":8258,"comment_status":"open","ping_status":"open","sticky":false,"template":"","format":"standard","meta":{"_exactmetrics_skip_tracking":false,"_exactmetrics_sitenote_active":false,"_exactmetrics_sitenote_note":"","_exactmetrics_sitenote_category":0,"jnews-multi-image_gallery":[],"jnews_single_post":{"source_name":"","source_url":"","via_name":"","via_url":"","override_template":"0","override":[{"template":"1","single_blog_custom":"","parallax":"1","fullscreen":"1","layout":"right-sidebar","sidebar":"default-sidebar","second_sidebar":"default-sidebar","sticky_sidebar":"1","share_position":"top","share_float_style":"share-monocrhome","show_share_counter":"1","show_view_counter":"1","show_featured":"1","show_post_meta":"1","show_post_author":"1","show_post_author_image":"1","show_post_date":"1","post_date_format":"default","post_date_format_custom":"Y\/m\/d","show_post_category":"1","show_post_reading_time":"0","post_reading_time_wpm":"300","show_zoom_button":"0","zoom_button_out_step":"2","zoom_button_in_step":"3","show_post_tag":"1","show_prev_next_post":"1","show_popup_post":"1","number_popup_post":"1","show_author_box":"0","show_post_related":"0","show_inline_post_related":"0"}],"override_image_size":"0","image_override":[{"single_post_thumbnail_size":"crop-500","single_post_gallery_size":"crop-500"}],"trending_post":"0","trending_post_position":"meta","trending_post_label":"Trending","sponsored_post":"0","sponsored_post_label":"Sponsored by","sponsored_post_name":"","sponsored_post_url":"","sponsored_post_logo_enable":"0","sponsored_post_logo":"","sponsored_post_desc":""},"jnews_primary_category":{"id":"277"},"jnews_social_meta":{"fb_title":"","fb_description":"","fb_image":"","twitter_title":"","twitter_description":"","twitter_image":""},"jnews_override_counter":{"override_view_counter":"0","view_counter_number":"0","override_share_counter":"0","share_counter_number":"0","override_like_counter":"0","like_counter_number":"0","override_dislike_counter":"0","dislike_counter_number":"0"},"_joinchat":[],"footnotes":""},"categories":[277],"tags":[295,69,240],"class_list":["post-8257","post","type-post","status-publish","format-standard","has-post-thumbnail","hentry","category-latinoamerica","tag-edicion-111","tag-latinoamerica","tag-militar"],"_links":{"self":[{"href":"https:\/\/tribunavm.com.ar\/index.php\/wp-json\/wp\/v2\/posts\/8257"}],"collection":[{"href":"https:\/\/tribunavm.com.ar\/index.php\/wp-json\/wp\/v2\/posts"}],"about":[{"href":"https:\/\/tribunavm.com.ar\/index.php\/wp-json\/wp\/v2\/types\/post"}],"author":[{"embeddable":true,"href":"https:\/\/tribunavm.com.ar\/index.php\/wp-json\/wp\/v2\/users\/2"}],"replies":[{"embeddable":true,"href":"https:\/\/tribunavm.com.ar\/index.php\/wp-json\/wp\/v2\/comments?post=8257"}],"version-history":[{"count":1,"href":"https:\/\/tribunavm.com.ar\/index.php\/wp-json\/wp\/v2\/posts\/8257\/revisions"}],"predecessor-version":[{"id":8259,"href":"https:\/\/tribunavm.com.ar\/index.php\/wp-json\/wp\/v2\/posts\/8257\/revisions\/8259"}],"wp:featuredmedia":[{"embeddable":true,"href":"https:\/\/tribunavm.com.ar\/index.php\/wp-json\/wp\/v2\/media\/8258"}],"wp:attachment":[{"href":"https:\/\/tribunavm.com.ar\/index.php\/wp-json\/wp\/v2\/media?parent=8257"}],"wp:term":[{"taxonomy":"category","embeddable":true,"href":"https:\/\/tribunavm.com.ar\/index.php\/wp-json\/wp\/v2\/categories?post=8257"},{"taxonomy":"post_tag","embeddable":true,"href":"https:\/\/tribunavm.com.ar\/index.php\/wp-json\/wp\/v2\/tags?post=8257"}],"curies":[{"name":"wp","href":"https:\/\/api.w.org\/{rel}","templated":true}]}}