{"id":8264,"date":"2023-05-28T21:17:49","date_gmt":"2023-05-28T21:17:49","guid":{"rendered":"https:\/\/tribunavm.com.ar\/?p=8264"},"modified":"2023-05-28T21:47:37","modified_gmt":"2023-05-28T21:47:37","slug":"petrobras-impulsa-una-nueva-politica-de-precios","status":"publish","type":"post","link":"https:\/\/tribunavm.com.ar\/index.php\/2023\/05\/28\/petrobras-impulsa-una-nueva-politica-de-precios\/","title":{"rendered":"Petrobras impulsa una nueva pol\u00edtica de precios"},"content":{"rendered":"<div class=\"row clearfix\">\n<div class=\"col-md-8\">\n<p><span style=\"color: #212121; font-size: 1.5em; letter-spacing: -0.01em;\">Petrobras impone un nuevo par\u00e1metro para cotizar los combustibles, abandonando la referencia mundial atada a la moneda estadounidense.\u00a0\u00a0<\/span><\/p>\n<p><span style=\"font-weight: 400;\"><span class=\"dropcap \" style=\"background-color: #ffffff; color: #dd9933; border-color: #ffffff;\">E<\/span>l martes 16, la empresa anunci\u00f3 a trav\u00e9s de un comunicado que impulsar\u00e1 una nueva pol\u00edtica de precios con la cual dejar\u00e1 de tomar como referencia la cotizaci\u00f3n internacional fijada hasta ahora por el precio del barril de petr\u00f3leo en d\u00f3lares.\u00a0<\/span><\/p>\n<p><span style=\"font-weight: 400;\">El comunicado afirm\u00f3 que la medida apunta a terminar \u201ccon la subordinaci\u00f3n al precio de paridad de importaci\u00f3n, manteniendo el alineamiento con los precios competitivos por polo de venta&#8221;. &#8220;Los reajustes continuar\u00e1n haci\u00e9ndose sin una periodicidad definida, evitando volcar a los precios internos la volatilidad coyuntural de las cotizaciones internacionales y del tipo de cambio&#8221; anunci\u00f3 la empresa.<\/span><\/p>\n<p><span style=\"font-weight: 400;\">Cabe resaltar que al d\u00eda siguiente la petrolera brasile\u00f1a rebaj\u00f3 los valores de la gasolina y el di\u00e9sel. <\/span><span style=\"font-weight: 400;\">La medida va en sinton\u00eda con las propuestas de campa\u00f1a de Luis Ignacio da Silva quien expres\u00f3 el jueves en un discurso \u201cvamos a tratar de asegurarnos de que Petrobras pueda tener gasolina y gas\u00f3leo m\u00e1s baratos\u201d.\u00a0\u00a0<\/span><\/p>\n<\/div>\n<\/div>\n","protected":false},"excerpt":{"rendered":"<p>Petrobras impone un nuevo par\u00e1metro para cotizar los combustibles, abandonando la referencia mundial atada a la moneda estadounidense.\u00a0\u00a0 El martes 16, la empresa anunci\u00f3 a trav\u00e9s de un comunicado que impulsar\u00e1 una nueva pol\u00edtica de precios con la cual dejar\u00e1 de tomar como referencia la cotizaci\u00f3n internacional fijada hasta ahora por el precio del barril [&hellip;]<\/p>\n","protected":false},"author":2,"featured_media":8265,"comment_status":"open","ping_status":"open","sticky":false,"template":"","format":"standard","meta":{"_exactmetrics_skip_tracking":false,"_exactmetrics_sitenote_active":false,"_exactmetrics_sitenote_note":"","_exactmetrics_sitenote_category":0,"jnews-multi-image_gallery":[],"jnews_single_post":{"source_name":"","source_url":"","via_name":"","via_url":"","override_template":"0","override":[{"template":"1","single_blog_custom":"","parallax":"1","fullscreen":"1","layout":"right-sidebar","sidebar":"default-sidebar","second_sidebar":"default-sidebar","sticky_sidebar":"1","share_position":"top","share_float_style":"share-monocrhome","show_share_counter":"1","show_view_counter":"1","show_featured":"1","show_post_meta":"1","show_post_author":"1","show_post_author_image":"1","show_post_date":"1","post_date_format":"default","post_date_format_custom":"Y\/m\/d","show_post_category":"1","show_post_reading_time":"0","post_reading_time_wpm":"300","show_zoom_button":"0","zoom_button_out_step":"2","zoom_button_in_step":"3","show_post_tag":"1","show_prev_next_post":"1","show_popup_post":"1","number_popup_post":"1","show_author_box":"0","show_post_related":"0","show_inline_post_related":"0"}],"override_image_size":"0","image_override":[{"single_post_thumbnail_size":"crop-500","single_post_gallery_size":"crop-500"}],"trending_post":"0","trending_post_position":"meta","trending_post_label":"Trending","sponsored_post":"0","sponsored_post_label":"Sponsored by","sponsored_post_name":"","sponsored_post_url":"","sponsored_post_logo_enable":"0","sponsored_post_logo":"","sponsored_post_desc":""},"jnews_primary_category":{"id":"277"},"jnews_social_meta":{"fb_title":"","fb_description":"","fb_image":"","twitter_title":"","twitter_description":"","twitter_image":""},"jnews_override_counter":{"override_view_counter":"0","view_counter_number":"0","override_share_counter":"0","share_counter_number":"0","override_like_counter":"0","like_counter_number":"0","override_dislike_counter":"0","dislike_counter_number":"0"},"_joinchat":[],"footnotes":""},"categories":[277],"tags":[295,46,69],"class_list":["post-8264","post","type-post","status-publish","format-standard","has-post-thumbnail","hentry","category-latinoamerica","tag-edicion-111","tag-energia","tag-latinoamerica"],"_links":{"self":[{"href":"https:\/\/tribunavm.com.ar\/index.php\/wp-json\/wp\/v2\/posts\/8264"}],"collection":[{"href":"https:\/\/tribunavm.com.ar\/index.php\/wp-json\/wp\/v2\/posts"}],"about":[{"href":"https:\/\/tribunavm.com.ar\/index.php\/wp-json\/wp\/v2\/types\/post"}],"author":[{"embeddable":true,"href":"https:\/\/tribunavm.com.ar\/index.php\/wp-json\/wp\/v2\/users\/2"}],"replies":[{"embeddable":true,"href":"https:\/\/tribunavm.com.ar\/index.php\/wp-json\/wp\/v2\/comments?post=8264"}],"version-history":[{"count":3,"href":"https:\/\/tribunavm.com.ar\/index.php\/wp-json\/wp\/v2\/posts\/8264\/revisions"}],"predecessor-version":[{"id":8291,"href":"https:\/\/tribunavm.com.ar\/index.php\/wp-json\/wp\/v2\/posts\/8264\/revisions\/8291"}],"wp:featuredmedia":[{"embeddable":true,"href":"https:\/\/tribunavm.com.ar\/index.php\/wp-json\/wp\/v2\/media\/8265"}],"wp:attachment":[{"href":"https:\/\/tribunavm.com.ar\/index.php\/wp-json\/wp\/v2\/media?parent=8264"}],"wp:term":[{"taxonomy":"category","embeddable":true,"href":"https:\/\/tribunavm.com.ar\/index.php\/wp-json\/wp\/v2\/categories?post=8264"},{"taxonomy":"post_tag","embeddable":true,"href":"https:\/\/tribunavm.com.ar\/index.php\/wp-json\/wp\/v2\/tags?post=8264"}],"curies":[{"name":"wp","href":"https:\/\/api.w.org\/{rel}","templated":true}]}}