{"id":8292,"date":"2023-05-28T21:50:36","date_gmt":"2023-05-28T21:50:36","guid":{"rendered":"https:\/\/tribunavm.com.ar\/?p=8292"},"modified":"2023-05-28T21:50:45","modified_gmt":"2023-05-28T21:50:45","slug":"acto-de-cristina-fernandez-por-el-25-de-mayo","status":"publish","type":"post","link":"https:\/\/tribunavm.com.ar\/index.php\/2023\/05\/28\/acto-de-cristina-fernandez-por-el-25-de-mayo\/","title":{"rendered":"Acto de Cristina Fern\u00e1ndez por el 25 de mayo"},"content":{"rendered":"<div class=\"row clearfix\">\n<div class=\"col-md-8\">\n<p><span style=\"color: #212121; font-size: 1.5em; letter-spacing: -0.01em;\">\u201cSi no logramos que el programa que el FMI impone sea dejado de lado, va a ser imposible pagar\u201d, dijo Cristina en su discurso.<\/span><\/p>\n<p><span style=\"font-weight: 400;\"><span class=\"dropcap \" style=\"background-color: #ffffff; color: #dd9933; border-color: #ffffff;\">E<\/span>l 25 de mayo se realiz\u00f3 en Plaza de Mayo un acto convocado por la vicepresidenta, Cristina Fern\u00e1ndez de Kirchner. Alrededor de 300 dirigentes pol\u00edticos se hicieron presentes y la militancia, principalmente de la organizaci\u00f3n \u201cLa C\u00e1mpora\u201d, fueron parte de la iniciativa.<\/span><\/p>\n<p><span style=\"font-weight: 400;\">En su alocuci\u00f3n, la referente del Frente de Todos, hizo hincapi\u00e9 en la situaci\u00f3n pol\u00edtica actual en relaci\u00f3n a la judicializaci\u00f3n pol\u00edtica y record\u00f3 sus a\u00f1os de gesti\u00f3n como presidenta.<\/span><\/p>\n<p><span style=\"font-weight: 400;\">Un eje que atraves\u00f3 todo el discurso fue la situaci\u00f3n del endeudamiento del pa\u00eds. \u201cA los cuatro meses de asumir (en referencia a su primera gesti\u00f3n como presidenta), por otro genio de la econom\u00eda (Mart\u00edn Lousteau), casi me pongo el pa\u00eds de sombrero\u201d, dijo.<\/span><\/p>\n<p><span style=\"font-weight: 400;\">Y agreg\u00f3 que su gobierno atraves\u00f3 \u201cuna crisis pol\u00edtica de magnitud muy fuerte\u201d sumado a que a los pocos meses producto de la crisis de Lehman Brothers \u201cpasamos una de las peores crisis financieras de la historia. Despu\u00e9s una sequ\u00eda\u201d. Pero, a pesar de ello, \u201cles dejamos un pa\u00eds mucho mejor del que hab\u00edamos recibido y era una muestra de orgullo\u201d. \u201cAquel d\u00eda, cuando rendimos cuenta, dijimos que hab\u00edamos llegado con la deuda defaulteada m\u00e1s grande de la historia y nos \u00edbamos desendeudados\u201d, sostuvo la vicepresidenta.<\/span><\/p>\n<p><span style=\"font-weight: 400;\">En ese sentido sostuvo que \u201ccuando no se pudo pagar, pas\u00f3 lo que pas\u00f3: otra vez el FMI. Pero con un adicional: ya no eran los pr\u00e9stamos m\u00e1s o menos normales\u201d, sino que \u201cle dieron para que pudiera ganar las elecciones 57.000 millones de d\u00f3lares\u201d.<\/span><\/p>\n<p><span style=\"font-weight: 400;\">\u201cSi no logramos que el programa que el FMI impone sea dejado de lado, va a ser imposible pagar. Aquel fue un pr\u00e9stamo pol\u00edtico, y la pol\u00edtica tambi\u00e9n tiene que ser la soluci\u00f3n\u201d. \u201cEl problema que hoy tenemos acuciante es la distribuci\u00f3n del ingreso. Creanm\u00e9 que para distribuir el ingreso muchas veces hay que ponerle carita fea a los que tienen mucho\u201c, sentenci\u00f3.<\/span><\/p>\n<p><span style=\"font-weight: 400;\">Entre los dirigentes que se hicieron presentes estuvieron Juan Grabois, dirigente de la UTEP; Axel Kicillof, gobernador de Buenos Aires; Alicia Kirchner, gobernadora de Santa Cruz; Eduardo \u201cWado\u201d de Pedro, ministro del Interior; Sergio Massa, ministro de Econom\u00eda; los ministros de Ciencia, Tecnolog\u00eda e Innovaci\u00f3n, Daniel Filmus; de Cultura, Trist\u00e1n Bauer; de Defensa, Jorge Taiana; de Ambiente y Desarrollo Sostenible, Juan Cabandi\u00e9, y de Desarrollo Social, Victoria Tolosa Paz.\u00a0<\/span><\/p>\n<p><span style=\"font-weight: 400;\">Entre los dirigentes sindicales estaban Hugo Yasky, de la CTA de los Trabajadores; Roberto Baradel, de SUTEBA; Daniel Catalano, de ATE Capital; Omar Plaini, de Canillitas, y Abel Furl\u00e1n, de la UOM; Vanesa Siley, Judiciales; Walter Correa, de Curtidores. Entre las ausencias: Alberto Fern\u00e1ndez y la CGT.<\/span><\/p>\n<\/div>\n<\/div>\n","protected":false},"excerpt":{"rendered":"<p>\u201cSi no logramos que el programa que el FMI impone sea dejado de lado, va a ser imposible pagar\u201d, dijo Cristina en su discurso.<\/p>\n","protected":false},"author":2,"featured_media":8293,"comment_status":"open","ping_status":"open","sticky":false,"template":"","format":"standard","meta":{"_exactmetrics_skip_tracking":false,"_exactmetrics_sitenote_active":false,"_exactmetrics_sitenote_note":"","_exactmetrics_sitenote_category":0,"jnews-multi-image_gallery":[],"jnews_single_post":{"source_name":"","source_url":"","via_name":"","via_url":"","override_template":"0","override":[{"template":"1","single_blog_custom":"","parallax":"1","fullscreen":"1","layout":"right-sidebar","sidebar":"default-sidebar","second_sidebar":"default-sidebar","sticky_sidebar":"1","share_position":"top","share_float_style":"share-monocrhome","show_share_counter":"1","show_view_counter":"1","show_featured":"1","show_post_meta":"1","show_post_author":"1","show_post_author_image":"1","show_post_date":"1","post_date_format":"default","post_date_format_custom":"Y\/m\/d","show_post_category":"1","show_post_reading_time":"0","post_reading_time_wpm":"300","show_zoom_button":"0","zoom_button_out_step":"2","zoom_button_in_step":"3","show_post_tag":"1","show_prev_next_post":"1","show_popup_post":"1","number_popup_post":"1","show_author_box":"0","show_post_related":"0","show_inline_post_related":"0"}],"override_image_size":"0","image_override":[{"single_post_thumbnail_size":"crop-500","single_post_gallery_size":"crop-500"}],"trending_post":"0","trending_post_position":"meta","trending_post_label":"Trending","sponsored_post":"0","sponsored_post_label":"Sponsored by","sponsored_post_name":"","sponsored_post_url":"","sponsored_post_logo_enable":"0","sponsored_post_logo":"","sponsored_post_desc":""},"jnews_primary_category":{"id":"279"},"jnews_social_meta":{"fb_title":"","fb_description":"","fb_image":"","twitter_title":"","twitter_description":"","twitter_image":""},"jnews_override_counter":{"override_view_counter":"0","view_counter_number":"0","override_share_counter":"0","share_counter_number":"0","override_like_counter":"0","like_counter_number":"0","override_dislike_counter":"0","dislike_counter_number":"0"},"_joinchat":[],"footnotes":""},"categories":[279],"tags":[295,39],"class_list":["post-8292","post","type-post","status-publish","format-standard","has-post-thumbnail","hentry","category-gobierno","tag-edicion-111","tag-gobierno"],"_links":{"self":[{"href":"https:\/\/tribunavm.com.ar\/index.php\/wp-json\/wp\/v2\/posts\/8292"}],"collection":[{"href":"https:\/\/tribunavm.com.ar\/index.php\/wp-json\/wp\/v2\/posts"}],"about":[{"href":"https:\/\/tribunavm.com.ar\/index.php\/wp-json\/wp\/v2\/types\/post"}],"author":[{"embeddable":true,"href":"https:\/\/tribunavm.com.ar\/index.php\/wp-json\/wp\/v2\/users\/2"}],"replies":[{"embeddable":true,"href":"https:\/\/tribunavm.com.ar\/index.php\/wp-json\/wp\/v2\/comments?post=8292"}],"version-history":[{"count":1,"href":"https:\/\/tribunavm.com.ar\/index.php\/wp-json\/wp\/v2\/posts\/8292\/revisions"}],"predecessor-version":[{"id":8294,"href":"https:\/\/tribunavm.com.ar\/index.php\/wp-json\/wp\/v2\/posts\/8292\/revisions\/8294"}],"wp:featuredmedia":[{"embeddable":true,"href":"https:\/\/tribunavm.com.ar\/index.php\/wp-json\/wp\/v2\/media\/8293"}],"wp:attachment":[{"href":"https:\/\/tribunavm.com.ar\/index.php\/wp-json\/wp\/v2\/media?parent=8292"}],"wp:term":[{"taxonomy":"category","embeddable":true,"href":"https:\/\/tribunavm.com.ar\/index.php\/wp-json\/wp\/v2\/categories?post=8292"},{"taxonomy":"post_tag","embeddable":true,"href":"https:\/\/tribunavm.com.ar\/index.php\/wp-json\/wp\/v2\/tags?post=8292"}],"curies":[{"name":"wp","href":"https:\/\/api.w.org\/{rel}","templated":true}]}}