{"id":8301,"date":"2023-05-28T22:07:46","date_gmt":"2023-05-28T22:07:46","guid":{"rendered":"https:\/\/tribunavm.com.ar\/?p=8301"},"modified":"2023-05-28T22:07:46","modified_gmt":"2023-05-28T22:07:46","slug":"navieras-dejan-de-cobrar-fletes-de-exportacion","status":"publish","type":"post","link":"https:\/\/tribunavm.com.ar\/index.php\/2023\/05\/28\/navieras-dejan-de-cobrar-fletes-de-exportacion\/","title":{"rendered":"Navieras dejan de cobrar fletes de exportaci\u00f3n"},"content":{"rendered":"<div class=\"row clearfix\">\n<div class=\"col-md-8\">\n<p><span style=\"color: #212121; font-size: 1.5em; letter-spacing: -0.01em;\">Las empresas del sector naviero anunciaron cambios en los mecanismos de pago de los fletes en el pa\u00eds.<\/span><\/p>\n<p><span style=\"font-weight: 400;\"><span class=\"dropcap \" style=\"background-color: #ffffff; color: #dd9933; border-color: #ffffff;\">L<\/span>ideradas por la naviera l\u00edder del sector, MSC, siete empresas (Seaspan Harrier, Cape Akritas, Monte Verde, London Trader, Meridian y MV Argentina) comunicaron que durante el mes de junio las exportaciones desde la Argentina deber\u00e1n ser pagadas en condici\u00f3n \u201ccollect\u201d, es decir, por el destinatario. Desde principio de mes las empresas notificaron que tampoco cobrar\u00e1n fletes de importaci\u00f3n.<\/span><\/p>\n<p><span style=\"font-weight: 400;\">Estas medidas se dan luego de la publicaci\u00f3n de una resoluci\u00f3n del Banco Central (BCRA) que estableci\u00f3 que para la remesa de los pagos por fletes y otros servicios de transportes a contrapartes vinculadas se tienen que pedir autorizaciones y esperar hasta 90 d\u00edas.<\/span><\/p>\n<p><span style=\"font-weight: 400;\">En este marco, la Federaci\u00f3n de C\u00e1maras de Comercio Exterior (Fecacera) envi\u00f3 una nota a las autoridades del Banco Central, AFIP y la Secretar\u00eda de Comercio en la que manifiesta su preocupaci\u00f3n por la medida, advirtiendo que \u201cprovocar\u00e1 una interrupci\u00f3n de la fluidez en la cadena log\u00edstica\u201d.<\/span><\/p>\n<p><span style=\"font-weight: 400;\">Seg\u00fan la entidad, la decisi\u00f3n de las navieras de no cobrar m\u00e1s fletes de importaci\u00f3n en la Argentina \u201cse traducir\u00e1 en mayores demoras y costos para la carga y la necesidad de que el proveedor de insumos financie el flete\u201d.\u00a0<\/span><\/p>\n<\/div>\n<\/div>\n","protected":false},"excerpt":{"rendered":"<p>Las empresas del sector naviero anunciaron cambios en los mecanismos de pago de los fletes en el pa\u00eds.<\/p>\n","protected":false},"author":2,"featured_media":8303,"comment_status":"open","ping_status":"open","sticky":false,"template":"","format":"standard","meta":{"_exactmetrics_skip_tracking":false,"_exactmetrics_sitenote_active":false,"_exactmetrics_sitenote_note":"","_exactmetrics_sitenote_category":0,"jnews-multi-image_gallery":[],"jnews_single_post":{"source_name":"","source_url":"","via_name":"","via_url":"","override_template":"0","override":[{"template":"1","single_blog_custom":"","parallax":"1","fullscreen":"1","layout":"right-sidebar","sidebar":"default-sidebar","second_sidebar":"default-sidebar","sticky_sidebar":"1","share_position":"top","share_float_style":"share-monocrhome","show_share_counter":"1","show_view_counter":"1","show_featured":"1","show_post_meta":"1","show_post_author":"1","show_post_author_image":"1","show_post_date":"1","post_date_format":"default","post_date_format_custom":"Y\/m\/d","show_post_category":"1","show_post_reading_time":"0","post_reading_time_wpm":"300","show_zoom_button":"0","zoom_button_out_step":"2","zoom_button_in_step":"3","show_post_tag":"1","show_prev_next_post":"1","show_popup_post":"1","number_popup_post":"1","show_author_box":"0","show_post_related":"0","show_inline_post_related":"0"}],"override_image_size":"0","image_override":[{"single_post_thumbnail_size":"crop-500","single_post_gallery_size":"crop-500"}],"trending_post":"0","trending_post_position":"meta","trending_post_label":"Trending","sponsored_post":"0","sponsored_post_label":"Sponsored by","sponsored_post_name":"","sponsored_post_url":"","sponsored_post_logo_enable":"0","sponsored_post_logo":"","sponsored_post_desc":""},"jnews_primary_category":{"id":"278"},"jnews_social_meta":{"fb_title":"","fb_description":"","fb_image":"","twitter_title":"","twitter_description":"","twitter_image":""},"jnews_override_counter":{"override_view_counter":"0","view_counter_number":"0","override_share_counter":"0","share_counter_number":"0","override_like_counter":"0","like_counter_number":"0","override_dislike_counter":"0","dislike_counter_number":"0"},"_joinchat":[],"footnotes":""},"categories":[278],"tags":[295,228],"class_list":["post-8301","post","type-post","status-publish","format-standard","has-post-thumbnail","hentry","category-economia","tag-edicion-111","tag-sector"],"_links":{"self":[{"href":"https:\/\/tribunavm.com.ar\/index.php\/wp-json\/wp\/v2\/posts\/8301"}],"collection":[{"href":"https:\/\/tribunavm.com.ar\/index.php\/wp-json\/wp\/v2\/posts"}],"about":[{"href":"https:\/\/tribunavm.com.ar\/index.php\/wp-json\/wp\/v2\/types\/post"}],"author":[{"embeddable":true,"href":"https:\/\/tribunavm.com.ar\/index.php\/wp-json\/wp\/v2\/users\/2"}],"replies":[{"embeddable":true,"href":"https:\/\/tribunavm.com.ar\/index.php\/wp-json\/wp\/v2\/comments?post=8301"}],"version-history":[{"count":1,"href":"https:\/\/tribunavm.com.ar\/index.php\/wp-json\/wp\/v2\/posts\/8301\/revisions"}],"predecessor-version":[{"id":8304,"href":"https:\/\/tribunavm.com.ar\/index.php\/wp-json\/wp\/v2\/posts\/8301\/revisions\/8304"}],"wp:featuredmedia":[{"embeddable":true,"href":"https:\/\/tribunavm.com.ar\/index.php\/wp-json\/wp\/v2\/media\/8303"}],"wp:attachment":[{"href":"https:\/\/tribunavm.com.ar\/index.php\/wp-json\/wp\/v2\/media?parent=8301"}],"wp:term":[{"taxonomy":"category","embeddable":true,"href":"https:\/\/tribunavm.com.ar\/index.php\/wp-json\/wp\/v2\/categories?post=8301"},{"taxonomy":"post_tag","embeddable":true,"href":"https:\/\/tribunavm.com.ar\/index.php\/wp-json\/wp\/v2\/tags?post=8301"}],"curies":[{"name":"wp","href":"https:\/\/api.w.org\/{rel}","templated":true}]}}