{"id":8448,"date":"2023-06-25T23:22:21","date_gmt":"2023-06-25T23:22:21","guid":{"rendered":"https:\/\/tribunavm.com.ar\/?p=8448"},"modified":"2023-06-26T03:47:04","modified_gmt":"2023-06-26T03:47:04","slug":"las-deudas-provinciales","status":"publish","type":"post","link":"https:\/\/tribunavm.com.ar\/index.php\/2023\/06\/25\/las-deudas-provinciales\/","title":{"rendered":"Las deudas provinciales"},"content":{"rendered":"<div class=\"row clearfix\">\n<div class=\"col-md-8\">\n<div class=\"intro-text\">\n<p><span style=\"font-weight: 400;\">El Banco Central dispus\u00f3 que las provincias paguen parte de sus deudas con fondos propios. C\u00f3rdoba y Mendoza fueron a la justicia para frenar la medida.<\/span><\/p>\n<\/div>\n<p><span style=\"font-weight: 400;\"><span class=\"dropcap \" style=\"background-color: #ffffff; color: #dd9933; border-color: #ffffff;\">A<\/span> trav\u00e9s de una circular, el Banco Central (BCRA) estableci\u00f3 frenar el acceso a d\u00f3lares por parte de las provincias que afrontan pagos de vencimientos por deudas.\u00a0<\/span><\/p>\n<p><span style=\"font-weight: 400;\">La medida estableci\u00f3 que las provincias podr\u00e1n pagar hasta el 40% de los vencimientos de deuda pero deber\u00e1n buscar financiamiento por el capital restante.<\/span><\/p>\n<p><span style=\"font-weight: 400;\">&#8220;Esta decisi\u00f3n del BCRA busca seguir avanzando en un proceso de desendeudamiento en moneda extranjera a un ritmo que resulte compatible con las necesidades de divisas de la econom\u00eda y la estabilidad cambiaria&#8221;, estableci\u00f3 el BCRA.<\/span><\/p>\n<p><span style=\"font-weight: 400;\">En ese marco, los gobiernos de Mendoza y C\u00f3rdoba, afectados por la decisi\u00f3n, denunciaron la medida ante la Justicia. El gobernador de Mendoza, Rodolfo Su\u00e1rez, expres\u00f3 que esto es &#8220;desmanejo fiscal, financiero y cambiario del gobierno nacional, que sigue perjudicando a los argentinos&#8221;.<\/span><\/p>\n<p><span style=\"font-weight: 400;\">\u201cMendoza est\u00e1 preparada para afrontar sus obligaciones con el ahorro generado por una administraci\u00f3n eficiente y austera&#8221;, asegur\u00f3 Suarez y agreg\u00f3 que &#8220;esto tambi\u00e9n implica no destinarlo a obras o servicios p\u00fablicos que la provincia necesita, por eso vamos a ir a la Justicia federal a solicitar que dejen sin efecto dicha disposici\u00f3n\u201d.<\/span><\/p>\n<p><span style=\"font-weight: 400;\">Por su parte, el gobernador Juan Schiaretti present\u00f3 una acci\u00f3n de amparo ante la Justicia Federal de C\u00f3rdoba. En ese sentido, Alejandro S\u00e1nchez Freites, Juez Federal de la Ciudad de C\u00f3rdoba, orden\u00f3 la inaplicabilidad de la medida del BCRA.<\/span><\/p>\n<p><span style=\"font-weight: 400;\">En el caso de C\u00f3rdoba, tuvo que pagar el 10 junio por US$163 millones. Tambi\u00e9n este mes, Salta debe pagar US$33 millones al igual que CABA. En julio, Chubut, con US$30 millones, y Tierra del Fuego, con US$8 millones, seg\u00fan reconstruye <\/span><span style=\"color: #ff9900;\"><a style=\"color: #ff9900;\" href=\"https:\/\/www.lanacion.com.ar\/economia\/la-justicia-federal-de-cordoba-ordeno-al-banco-central-venderle-dolares-oficiales-a-la-provincia-nid06062023\/\"><span style=\"font-weight: 400;\">diario La Naci\u00f3n<\/span><\/a><\/span><span style=\"font-weight: 400;\">.<\/span><\/p>\n<p><span style=\"font-weight: 400;\">En ese contexto, la calificadora de riesgo Moody&#8217;s Argentina public\u00f3 un informe asegurando que las provincias tienen comprometido el acceso a d\u00f3lares en un contexto de incertidumbre de la actividad econ\u00f3mica complicando los resultados fiscales de las mismas.<\/span><\/p>\n<p><span style=\"font-weight: 400;\">&#8220;Una eventual recesi\u00f3n reducir\u00eda las principales fuentes de ingresos de los Gobiernos Locales y Regionales como son la recaudaci\u00f3n del impuesto sobre los ingresos brutos y la masa de impuestos coparticipables recaudados por el Gobierno Nacional&#8221;, alert\u00f3 el informe.<\/span><\/p>\n<\/div>\n<\/div>\n","protected":false},"excerpt":{"rendered":"<p>El Banco Central dispus\u00f3 que las provincias paguen parte de sus deudas con fondos propios. C\u00f3rdoba y Mendoza fueron a la justicia para frenar la medida.<\/p>\n","protected":false},"author":2,"featured_media":8449,"comment_status":"open","ping_status":"open","sticky":false,"template":"","format":"standard","meta":{"_exactmetrics_skip_tracking":false,"_exactmetrics_sitenote_active":false,"_exactmetrics_sitenote_note":"","_exactmetrics_sitenote_category":0,"jnews-multi-image_gallery":[],"jnews_single_post":{"source_name":"","source_url":"","via_name":"","via_url":"","override_template":"0","override":[{"template":"1","single_blog_custom":"","parallax":"1","fullscreen":"1","layout":"right-sidebar","sidebar":"default-sidebar","second_sidebar":"default-sidebar","sticky_sidebar":"1","share_position":"top","share_float_style":"share-monocrhome","show_share_counter":"1","show_view_counter":"1","show_featured":"1","show_post_meta":"1","show_post_author":"1","show_post_author_image":"1","show_post_date":"1","post_date_format":"default","post_date_format_custom":"Y\/m\/d","show_post_category":"1","show_post_reading_time":"0","post_reading_time_wpm":"300","show_zoom_button":"0","zoom_button_out_step":"2","zoom_button_in_step":"3","show_post_tag":"1","show_prev_next_post":"1","show_popup_post":"1","number_popup_post":"1","show_author_box":"0","show_post_related":"0","show_inline_post_related":"0"}],"override_image_size":"0","image_override":[{"single_post_thumbnail_size":"crop-500","single_post_gallery_size":"crop-500"}],"trending_post":"0","trending_post_position":"meta","trending_post_label":"Trending","sponsored_post":"0","sponsored_post_label":"Sponsored by","sponsored_post_name":"","sponsored_post_url":"","sponsored_post_logo_enable":"0","sponsored_post_logo":"","sponsored_post_desc":""},"jnews_primary_category":{"id":"279"},"jnews_social_meta":{"fb_title":"","fb_description":"","fb_image":"","twitter_title":"","twitter_description":"","twitter_image":""},"jnews_override_counter":{"override_view_counter":"0","view_counter_number":"0","override_share_counter":"0","share_counter_number":"0","override_like_counter":"0","like_counter_number":"0","override_dislike_counter":"0","dislike_counter_number":"0"},"_joinchat":[],"footnotes":""},"categories":[279],"tags":[80,296,39],"class_list":["post-8448","post","type-post","status-publish","format-standard","has-post-thumbnail","hentry","category-gobierno","tag-deuda","tag-edicion-112","tag-gobierno"],"_links":{"self":[{"href":"https:\/\/tribunavm.com.ar\/index.php\/wp-json\/wp\/v2\/posts\/8448"}],"collection":[{"href":"https:\/\/tribunavm.com.ar\/index.php\/wp-json\/wp\/v2\/posts"}],"about":[{"href":"https:\/\/tribunavm.com.ar\/index.php\/wp-json\/wp\/v2\/types\/post"}],"author":[{"embeddable":true,"href":"https:\/\/tribunavm.com.ar\/index.php\/wp-json\/wp\/v2\/users\/2"}],"replies":[{"embeddable":true,"href":"https:\/\/tribunavm.com.ar\/index.php\/wp-json\/wp\/v2\/comments?post=8448"}],"version-history":[{"count":2,"href":"https:\/\/tribunavm.com.ar\/index.php\/wp-json\/wp\/v2\/posts\/8448\/revisions"}],"predecessor-version":[{"id":8510,"href":"https:\/\/tribunavm.com.ar\/index.php\/wp-json\/wp\/v2\/posts\/8448\/revisions\/8510"}],"wp:featuredmedia":[{"embeddable":true,"href":"https:\/\/tribunavm.com.ar\/index.php\/wp-json\/wp\/v2\/media\/8449"}],"wp:attachment":[{"href":"https:\/\/tribunavm.com.ar\/index.php\/wp-json\/wp\/v2\/media?parent=8448"}],"wp:term":[{"taxonomy":"category","embeddable":true,"href":"https:\/\/tribunavm.com.ar\/index.php\/wp-json\/wp\/v2\/categories?post=8448"},{"taxonomy":"post_tag","embeddable":true,"href":"https:\/\/tribunavm.com.ar\/index.php\/wp-json\/wp\/v2\/tags?post=8448"}],"curies":[{"name":"wp","href":"https:\/\/api.w.org\/{rel}","templated":true}]}}