{"id":846,"date":"2020-03-30T00:08:26","date_gmt":"2020-03-30T00:08:26","guid":{"rendered":"https:\/\/tribunavm.com.ar\/?p=846"},"modified":"2020-03-30T01:06:37","modified_gmt":"2020-03-30T01:06:37","slug":"las-ganancias-no-cumplen-cuarentena","status":"publish","type":"post","link":"https:\/\/tribunavm.com.ar\/index.php\/2020\/03\/30\/las-ganancias-no-cumplen-cuarentena\/","title":{"rendered":"Las ganancias no cumplen cuarentena"},"content":{"rendered":"<div class=\"row clearfix\">\n<div class=\"col-md-8\">\n<h3>Trabajadores buscan ponerle freno a la exportaci\u00f3n de granos junto a algunos municipios, mientras que las grandes firmas agroexportadoras presionan al Gobierno nacional para tener inmunidad frente al virus.<\/h3>\n<p><span class=\"dropcap \" style=\"background-color: #ffffff; color: #dd9933; border-color: #ffffff;\">A<\/span> trav\u00e9s de las medidas de aislamiento adoptadas por el Gobierno nacional se puso freno a toda actividad que no sea considerada esencial para el momento de crisis que atraviesa el pa\u00eds. Dentro de las actividades que deben seguir en pleno funcionamiento se encuentra la agricultura y ganader\u00eda, y todo lo relacionado a su transporte a trav\u00e9s de trenes, camiones y barcos en los puertos.<\/p>\n<p>Esto fue un foco de conflicto en los \u00faltimos d\u00edas donde los trabajadores, las grandes firmas y las distintas escalas del Estado han tomado posici\u00f3n. Mientras rige la libre actividad de las ganancias empresariales,<a href=\"https:\/\/tribunavm.com.ar\/index.php\/2020\/03\/30\/pandemia-es-el-hambre\/\"> la gran mayor\u00eda de la poblaci\u00f3n es empujada cada vez m\u00e1s al abismo<\/a>.<\/p>\n<p><span style=\"color: #ff6600;\"><strong>Exigencias de los trabajadores<\/strong><\/span><\/p>\n<p>El <strong>gremio de Recibidores de Granos (URGARA)<\/strong> el 20 de marzo, posterior al decreto presidencial que anunciaba la cuarentena, realiz\u00f3 un comunicado de prensa pidiendo <em>\u201curgentemente que el Poder Ejecutivo modifique los alcances del DNU 297\/2020 excluyendo las exportaciones agropecuarias de granos, cereales y acopio\u201d.<\/em><\/p>\n<p>D\u00edas m\u00e1s tarde, el gremio decidi\u00f3 realizar un paro de actividades asestando un golpe al coraz\u00f3n de las ganancias empresariales, donde el Gobierno nacional demor\u00f3 s\u00f3lo unas horas para dictar la conciliaci\u00f3n obligatoria. En paralelo, el sector empresarial, nucleado en la <strong>Federaci\u00f3n de Transportadores Argentinos, la C\u00e1mara de la Industria Aceitera, el Centro de Exportadores de Cereales,<\/strong> entre otras, anunciaba el protocolo para transportar granos en forma segura, presionando para que su actividad pueda realizarse con normalidad.<\/p>\n<p>Aunque ese no fue el \u00fanico movimiento. Unos d\u00edas despu\u00e9s, el <strong>Sindicato de Obreros Mar\u00edtimos (SOMU)<\/strong>, a trav\u00e9s de un comunicado, dijeron que <em>\u201ca ra\u00edz de la propagaci\u00f3n del coronavirus a partir de hoy no se tomar\u00e1n cabos ni se realizar\u00e1n ingresos en ning\u00fan puerto del pa\u00eds, a todo buque que no haya cumplido con la cuarentena de 14 d\u00edas\u201d, <\/em>en pos de resguardar la salud de los trabajadores.<\/p>\n<p>Mientras tanto, municipios y comunas que integran la red del comercio agroexportador, comenzaban a poner trabas administrativas, y algunas c\u00e1maras de camioneros junto a la poblaci\u00f3n local, exigiendo el cese de traslado hacia el puerto de Rosario.<\/p>\n<p>En respuesta, los empresarios no dudaron de su poder de fuego para pedirle al <strong>ministro de Transporte de la Naci\u00f3n, Mario Meoni,<\/strong> la intervenci\u00f3n ante los casos de municipios que est\u00e1n imponiendo restricciones para la circulaci\u00f3n de camiones. La nota fue elevada por la<strong> C\u00e1mara de la Industria Aceitera de la Rep\u00fablica Argentina (Ciara)<\/strong>, el <strong>Centro de Exportadores de Cereales (Cec)<\/strong> y la <strong>C\u00e1mara de Puertos Privados Comerciales<\/strong>, donde aprovecharon la situaci\u00f3n para denunciar a <strong>SOMU<\/strong> por su \u201cdecisi\u00f3n unilateral\u201d de paro de actividades.<\/p>\n<figure id=\"attachment_848\" aria-describedby=\"caption-attachment-848\" style=\"width: 2481px\" class=\"wp-caption aligncenter\"><img loading=\"lazy\" decoding=\"async\" class=\"wp-image-848 size-full\" title=\"Primer comunicado de URGARA anunciando el cese total de actividades.\" src=\"https:\/\/tribunavm.com.ar\/wp-content\/uploads\/2020\/03\/Sin-t\u00edtulo-2_Mesa-de-trabajo-1.png\" alt=\"\" width=\"2481\" height=\"3508\" srcset=\"https:\/\/tribunavm.com.ar\/wp-content\/uploads\/2020\/03\/Sin-t\u00edtulo-2_Mesa-de-trabajo-1.png 2481w, https:\/\/tribunavm.com.ar\/wp-content\/uploads\/2020\/03\/Sin-t\u00edtulo-2_Mesa-de-trabajo-1-212x300.png 212w, https:\/\/tribunavm.com.ar\/wp-content\/uploads\/2020\/03\/Sin-t\u00edtulo-2_Mesa-de-trabajo-1-724x1024.png 724w, https:\/\/tribunavm.com.ar\/wp-content\/uploads\/2020\/03\/Sin-t\u00edtulo-2_Mesa-de-trabajo-1-768x1086.png 768w, https:\/\/tribunavm.com.ar\/wp-content\/uploads\/2020\/03\/Sin-t\u00edtulo-2_Mesa-de-trabajo-1-1086x1536.png 1086w, https:\/\/tribunavm.com.ar\/wp-content\/uploads\/2020\/03\/Sin-t\u00edtulo-2_Mesa-de-trabajo-1-1448x2048.png 1448w, https:\/\/tribunavm.com.ar\/wp-content\/uploads\/2020\/03\/Sin-t\u00edtulo-2_Mesa-de-trabajo-1-750x1060.png 750w, https:\/\/tribunavm.com.ar\/wp-content\/uploads\/2020\/03\/Sin-t\u00edtulo-2_Mesa-de-trabajo-1-1140x1612.png 1140w\" sizes=\"(max-width: 2481px) 100vw, 2481px\" \/><figcaption id=\"caption-attachment-848\" class=\"wp-caption-text\">Primer comunicado de URGARA anunciando el cese total de actividades.<\/figcaption><\/figure>\n<p><span style=\"color: #ff6600;\"><strong>Lo importante es el dinero<\/strong><\/span><\/p>\n<p>Esto repercuti\u00f3 directamente en los puertos, donde a pesar de que las empresas anunciaban protocolos y exigencias sanitarias bregando por la <em>\u201cseguridad de los trabajadores\u201d<\/em>, otros espacios gremiales, al ver que no se estaban cumpliendo con las reglamentaciones de seguridad, salieron al cruce. Un ejemplo de ello fue la <strong>Federaci\u00f3n de Trabajadores del Complejo Industrial Oleaginoso<\/strong> <em>\u201creclamando la implementaci\u00f3n de forma urgente de las medidas necesarias para garantizar la salud de los trabajadores\u201d.<\/em><\/p>\n<p>Tambi\u00e9n <strong>Hugo G\u00f3mez, secretario de la C\u00e1mara de Transportistas de Granos Argentinos (TGA)<\/strong>, advirti\u00f3 que en los \u00faltimos d\u00edas han ocurrido situaciones que pusieron en riesgo a los camioneros y <em>\u201clo que estamos pidiendo es que se cumpla el protocolo que dio la Naci\u00f3n\u201d.<\/em><\/p>\n<p><span style=\"color: #ff6600;\"><strong>Esto se juega en una cancha mundial<\/strong><\/span><\/p>\n<p>El territorio geogr\u00e1fico que corresponde desde la ciudad de C\u00f3rdoba por la ruta nacional 9 -y sus zonas aleda\u00f1as- hasta la ciudad de Rosario, representa una porci\u00f3n muy importante en el comercio mundial del agro, que llamamos el <em>Corredor de la Ruta 9.\u00a0<\/em><\/p>\n<p>Las condiciones para producir y exportar la materia prima cuenta con una situaci\u00f3n privilegiada en el Corredor ya que integra la <em>cuenca del R\u00edo Paran\u00e1<\/em>, la segunda m\u00e1s extensa de Sudam\u00e9rica, adem\u00e1s de la pampa h\u00fameda con grandes extensiones de tierras f\u00e9rtiles.<\/p>\n<p>Con ello a disposici\u00f3n, Argentina exporta el 84% de la producci\u00f3n de la oleaginosa que se produce en el pa\u00eds convirti\u00e9ndose en el <strong>primer exportador mundial de harina de soja<\/strong>, y posicion\u00e1ndose entre los primeros puestos en otros de sus derivados.<\/p>\n<figure id=\"attachment_849\" aria-describedby=\"caption-attachment-849\" style=\"width: 800px\" class=\"wp-caption aligncenter\"><img loading=\"lazy\" decoding=\"async\" class=\"wp-image-849 size-full\" src=\"https:\/\/tribunavm.com.ar\/wp-content\/uploads\/2020\/03\/26e113e43e3acf6226ab84438593710f.jpg\" alt=\"Foto: buque de carga en Puerto San Lorenzo, en la provincia de Santa F\u00e9. Seg\u00fan los \u00faltimos reportes, el 87,27% de Buques para exportaci\u00f3n fueron cargados en los puertos de San Lorenzo y Rosario. \" width=\"800\" height=\"481\" srcset=\"https:\/\/tribunavm.com.ar\/wp-content\/uploads\/2020\/03\/26e113e43e3acf6226ab84438593710f.jpg 800w, https:\/\/tribunavm.com.ar\/wp-content\/uploads\/2020\/03\/26e113e43e3acf6226ab84438593710f-300x180.jpg 300w, https:\/\/tribunavm.com.ar\/wp-content\/uploads\/2020\/03\/26e113e43e3acf6226ab84438593710f-768x462.jpg 768w, https:\/\/tribunavm.com.ar\/wp-content\/uploads\/2020\/03\/26e113e43e3acf6226ab84438593710f-750x451.jpg 750w\" sizes=\"(max-width: 800px) 100vw, 800px\" \/><figcaption id=\"caption-attachment-849\" class=\"wp-caption-text\">Foto: buque de carga en Puerto San Lorenzo, en la provincia de Santa F\u00e9. Seg\u00fan los \u00faltimos reportes, el 87,27% de Buques para exportaci\u00f3n fueron cargados en los puertos de San Lorenzo y Rosario.<\/figcaption><\/figure>\n<p><span style=\"color: #ff6600;\"><strong>Los due\u00f1os de las exportaciones argentinas.<\/strong><\/span><\/p>\n<p>En ese contexto cabe aclarar la gran concentraci\u00f3n que existe en toda la cadena y, por ende, tambi\u00e9n de las ganancias que de ello se obtienen.<\/p>\n<p>Seg\u00fan el \u00faltimo Censo Nacional Agropecuario realizado por el <strong>INDEC<\/strong> la propiedad de la tierra se concentra cada vez m\u00e1s. <strong>S\u00f3lo el 5% de propietarios de explotaciones agropecuarias controlan el 64,5% del total de hect\u00e1reas productivas.<\/strong><\/p>\n<p>A su vez, el traslado de lo producido juega un papel muy importante, en un contexto donde, por ejemplo, la totalidad de barcos que transportan al exterior pertenecen a grandes firmas como a <strong>Maerks<\/strong>, de Dinamarca, o <strong>CMA CGM<\/strong>, francesa.<\/p>\n<p>En lo que se conoce respecto al transporte en camiones, <strong>cerca del 80% de la producci\u00f3n se realiza por este medio<\/strong>, donde las grandes firmas cuentan con su flota de camiones o terceariza con empresas socias el traslado.<\/p>\n<figure id=\"attachment_850\" aria-describedby=\"caption-attachment-850\" style=\"width: 960px\" class=\"wp-caption aligncenter\"><img loading=\"lazy\" decoding=\"async\" class=\"wp-image-850 size-full\" src=\"https:\/\/tribunavm.com.ar\/wp-content\/uploads\/2020\/03\/20190327191124_37003715_0_body.jpg\" alt=\"\" width=\"960\" height=\"540\" srcset=\"https:\/\/tribunavm.com.ar\/wp-content\/uploads\/2020\/03\/20190327191124_37003715_0_body.jpg 960w, https:\/\/tribunavm.com.ar\/wp-content\/uploads\/2020\/03\/20190327191124_37003715_0_body-300x169.jpg 300w, https:\/\/tribunavm.com.ar\/wp-content\/uploads\/2020\/03\/20190327191124_37003715_0_body-768x432.jpg 768w, https:\/\/tribunavm.com.ar\/wp-content\/uploads\/2020\/03\/20190327191124_37003715_0_body-750x422.jpg 750w\" sizes=\"(max-width: 960px) 100vw, 960px\" \/><figcaption id=\"caption-attachment-850\" class=\"wp-caption-text\">Seg\u00fan la Subsecretar\u00eda de Mercados Agropecuarios en enero de 2020 el 70,74% de los camiones para exportaci\u00f3n fueron a los puertos de Rosario y aleda\u00f1os<\/figcaption><\/figure>\n<p>Para tener una dimensi\u00f3n del volumen, la <strong>Secretar\u00eda de Agroindustria y Bolsa de Comercio de Rosario<\/strong> comunic\u00f3 que durante 2018 Argentina export\u00f3 cerca de<strong> 73 millones de toneladas de commodities agr\u00edcolas<\/strong>, de las cuales las firmas del sector liquidaron cerca de <strong>2 billones de d\u00f3lares<\/strong> en 2019.<\/p>\n<figure id=\"attachment_851\" aria-describedby=\"caption-attachment-851\" style=\"width: 322px\" class=\"wp-caption aligncenter\"><img loading=\"lazy\" decoding=\"async\" class=\"wp-image-851 size-full\" src=\"https:\/\/tribunavm.com.ar\/wp-content\/uploads\/2020\/03\/pasted-image-0.png\" alt=\"\" width=\"322\" height=\"224\" srcset=\"https:\/\/tribunavm.com.ar\/wp-content\/uploads\/2020\/03\/pasted-image-0.png 322w, https:\/\/tribunavm.com.ar\/wp-content\/uploads\/2020\/03\/pasted-image-0-300x209.png 300w\" sizes=\"(max-width: 322px) 100vw, 322px\" \/><figcaption id=\"caption-attachment-851\" class=\"wp-caption-text\">Ranking de las 6 firmas agroexportadoras que mas volumen exportaron en 2019. Elaboraci\u00f3n propia en base a datos de la Bolsa de Comercio de Rosario.<\/figcaption><\/figure>\n<\/div>\n<div class=\"col-md-4\">\n<p>&nbsp;<\/p>\n<\/div>\n<\/div>\n","protected":false},"excerpt":{"rendered":"<p>Trabajadores buscan ponerle freno a la exportaci\u00f3n de granos junto a algunos municipios, mientras que las grandes firmas agroexportadoras presionan al Gobierno nacional para tener inmunidad frente al virus. A trav\u00e9s de las medidas de aislamiento adoptadas por el Gobierno nacional se puso freno a toda actividad que no sea considerada esencial para el momento [&hellip;]<\/p>\n","protected":false},"author":2,"featured_media":847,"comment_status":"open","ping_status":"open","sticky":false,"template":"","format":"standard","meta":{"_exactmetrics_skip_tracking":false,"_exactmetrics_sitenote_active":false,"_exactmetrics_sitenote_note":"","_exactmetrics_sitenote_category":0,"jnews-multi-image_gallery":[],"jnews_single_post":{"source_name":"","source_url":"","via_name":"","via_url":"","override_template":"0","override":[{"template":"1","single_blog_custom":"","parallax":"1","fullscreen":"0","layout":"right-sidebar","sidebar":"default-sidebar","second_sidebar":"default-sidebar","sticky_sidebar":"1","share_position":"top","share_float_style":"share-monocrhome","show_share_counter":"1","show_view_counter":"1","show_featured":"1","show_post_meta":"1","show_post_author":"1","show_post_author_image":"1","show_post_date":"1","post_date_format":"default","post_date_format_custom":"Y\/m\/d","show_post_category":"1","show_post_reading_time":"0","post_reading_time_wpm":"300","show_zoom_button":"0","zoom_button_out_step":"2","zoom_button_in_step":"3","show_post_tag":"1","show_prev_next_post":"1","show_popup_post":"1","number_popup_post":"1","show_author_box":"0","show_post_related":"0","show_inline_post_related":"0"}],"override_image_size":"0","image_override":[{"single_post_thumbnail_size":"crop-500","single_post_gallery_size":"crop-500"}],"trending_post":"0","trending_post_position":"meta","trending_post_label":"Trending"},"jnews_primary_category":{"id":"22"},"jnews_social_meta":{"fb_title":"","fb_description":"","fb_image":"","twitter_title":"","twitter_description":"","twitter_image":""},"jnews_override_counter":[],"_joinchat":[],"footnotes":""},"categories":[22],"tags":[41,73,72],"class_list":["post-846","post","type-post","status-publish","format-standard","has-post-thumbnail","hentry","category-actualidad","tag-agro","tag-coronavirus","tag-edicion-digital"],"_links":{"self":[{"href":"https:\/\/tribunavm.com.ar\/index.php\/wp-json\/wp\/v2\/posts\/846"}],"collection":[{"href":"https:\/\/tribunavm.com.ar\/index.php\/wp-json\/wp\/v2\/posts"}],"about":[{"href":"https:\/\/tribunavm.com.ar\/index.php\/wp-json\/wp\/v2\/types\/post"}],"author":[{"embeddable":true,"href":"https:\/\/tribunavm.com.ar\/index.php\/wp-json\/wp\/v2\/users\/2"}],"replies":[{"embeddable":true,"href":"https:\/\/tribunavm.com.ar\/index.php\/wp-json\/wp\/v2\/comments?post=846"}],"version-history":[{"count":3,"href":"https:\/\/tribunavm.com.ar\/index.php\/wp-json\/wp\/v2\/posts\/846\/revisions"}],"predecessor-version":[{"id":859,"href":"https:\/\/tribunavm.com.ar\/index.php\/wp-json\/wp\/v2\/posts\/846\/revisions\/859"}],"wp:featuredmedia":[{"embeddable":true,"href":"https:\/\/tribunavm.com.ar\/index.php\/wp-json\/wp\/v2\/media\/847"}],"wp:attachment":[{"href":"https:\/\/tribunavm.com.ar\/index.php\/wp-json\/wp\/v2\/media?parent=846"}],"wp:term":[{"taxonomy":"category","embeddable":true,"href":"https:\/\/tribunavm.com.ar\/index.php\/wp-json\/wp\/v2\/categories?post=846"},{"taxonomy":"post_tag","embeddable":true,"href":"https:\/\/tribunavm.com.ar\/index.php\/wp-json\/wp\/v2\/tags?post=846"}],"curies":[{"name":"wp","href":"https:\/\/api.w.org\/{rel}","templated":true}]}}