{"id":8647,"date":"2023-07-21T23:18:27","date_gmt":"2023-07-21T23:18:27","guid":{"rendered":"https:\/\/tribunavm.com.ar\/?p=8647"},"modified":"2023-07-21T23:21:33","modified_gmt":"2023-07-21T23:21:33","slug":"la-uom-se-moviliza-por-mejoras-salariales","status":"publish","type":"post","link":"https:\/\/tribunavm.com.ar\/index.php\/2023\/07\/21\/la-uom-se-moviliza-por-mejoras-salariales\/","title":{"rendered":"La UOM se moviliza por mejoras salariales"},"content":{"rendered":"<div class=\"row clearfix\">\n<div class=\"col-md-8\">\n<div class=\"intro-text\">\n<p><span style=\"font-weight: 400;\">\u201cPor primera vez en 80 a\u00f1os el trabajador percibe un salario por debajo de la canasta b\u00e1sica alimentaria\u201d, dijeron en un comunicado. Desde Tribuna conversamos con Leonardo Lualdi, secretario general de la UOM Villa Mar\u00eda.<\/span><\/p>\n<\/div>\n<p><span style=\"font-weight: 400;\"><span class=\"dropcap \" style=\"background-color: #ffffff; color: #dd9933; border-color: #ffffff;\">B<\/span>ajo la consigna \u201cPrimero la Dignidad\u201d, la Uni\u00f3n Obrera Metal\u00fargica (UOM), sindicato de los trabajadores del sector, <strong>anunci\u00f3 un plan de lucha nacional \u201ccon el objeto de la recuperaci\u00f3n y recomposici\u00f3n del salario justo y digno para todas y todos los trabajadores metal\u00fargicos\u201d<\/strong>, seg\u00fan un comunicado emitido por el Consejo Directivo.<\/span><\/p>\n<p><span style=\"font-weight: 400;\">Como parte de las medidas anunciadas, realizaron un paro y movilizaci\u00f3n el martes 18 de julio a las afueras de las instalaciones de la empresa Techint, donde hubo alrededor de 20.000 trabajadores metal\u00fargicos de todo el pa\u00eds. All\u00ed anunciaron que, en caso de no haber avances en la negociaci\u00f3n con la c\u00e1mara empresarial, se iba a realizar otro paro de 48 horas a partir del mi\u00e9rcoles 19 y otro de 72 horas el 26 de julio.<\/span><\/p>\n<p><span style=\"font-weight: 400;\">La organizaci\u00f3n gremial denunci\u00f3 que la medida se defini\u00f3 luego de cinco encuentros paritarios en los que \u201cprevalece la avaricia, insensibilidad y el ego\u00edsmo del sector empresarial\u201d.\u00a0<\/span><\/p>\n<p><span style=\"font-weight: 400;\"><strong>\u201cPor primera vez en los 80 a\u00f1os de historia de la Uni\u00f3n Obrera Metal\u00fargica el trabajador percibe un salario por debajo de la canasta b\u00e1sica alimentaria y apenas encima del salario m\u00ednimo, vital y m\u00f3vil\u201d<\/strong>, sentenci\u00f3 el comunicado.<\/span><\/p>\n<p><span style=\"font-weight: 400;\">Por su parte, el Ministerio de Trabajo de la Naci\u00f3n dict\u00f3 la conciliaci\u00f3n obligatoria que comenzar\u00e1 a regir a partir de hoy a las 17hs y se extender\u00e1 por 6 d\u00edas.<\/span><\/p>\n<p><img loading=\"lazy\" decoding=\"async\" class=\"aligncenter size-full wp-image-8648\" src=\"https:\/\/tribunavm.com.ar\/wp-content\/uploads\/2023\/07\/362245046_672767681562968_2676776779233550946_n.jpg\" alt=\"\" width=\"1080\" height=\"1029\" srcset=\"https:\/\/tribunavm.com.ar\/wp-content\/uploads\/2023\/07\/362245046_672767681562968_2676776779233550946_n.jpg 1080w, https:\/\/tribunavm.com.ar\/wp-content\/uploads\/2023\/07\/362245046_672767681562968_2676776779233550946_n-300x286.jpg 300w, https:\/\/tribunavm.com.ar\/wp-content\/uploads\/2023\/07\/362245046_672767681562968_2676776779233550946_n-1024x976.jpg 1024w, https:\/\/tribunavm.com.ar\/wp-content\/uploads\/2023\/07\/362245046_672767681562968_2676776779233550946_n-768x732.jpg 768w, https:\/\/tribunavm.com.ar\/wp-content\/uploads\/2023\/07\/362245046_672767681562968_2676776779233550946_n-750x715.jpg 750w\" sizes=\"(max-width: 1080px) 100vw, 1080px\" \/><\/p>\n<p><span style=\"color: #ff9900;\"><b>Entrevista a Leonardo Lualdi, dirigente local<\/b><\/span><\/p>\n<p><span style=\"font-weight: 400;\">El <strong>secretario general de la UOM Villa Maria, Leonardo Lualdi<\/strong> coment\u00f3 a este medio que \u201cnosotros hemos sido responsables durante mucho tiempo, hemos entendido y acompa\u00f1ado la situaci\u00f3n de las empresas, pero ahora necesitamos que las empresas comprendan esta situaci\u00f3n de los trabajadores\u201d.<\/span><\/p>\n<figure id=\"attachment_8649\" aria-describedby=\"caption-attachment-8649\" style=\"width: 800px\" class=\"wp-caption aligncenter\"><img loading=\"lazy\" decoding=\"async\" class=\"size-full wp-image-8649\" src=\"https:\/\/tribunavm.com.ar\/wp-content\/uploads\/2023\/07\/f800x450-83349_134795_5050.jpg\" alt=\"\" width=\"800\" height=\"450\" srcset=\"https:\/\/tribunavm.com.ar\/wp-content\/uploads\/2023\/07\/f800x450-83349_134795_5050.jpg 800w, https:\/\/tribunavm.com.ar\/wp-content\/uploads\/2023\/07\/f800x450-83349_134795_5050-300x169.jpg 300w, https:\/\/tribunavm.com.ar\/wp-content\/uploads\/2023\/07\/f800x450-83349_134795_5050-768x432.jpg 768w, https:\/\/tribunavm.com.ar\/wp-content\/uploads\/2023\/07\/f800x450-83349_134795_5050-750x422.jpg 750w\" sizes=\"(max-width: 800px) 100vw, 800px\" \/><figcaption id=\"caption-attachment-8649\" class=\"wp-caption-text\">Leonardo Lualdi, secretario general de UOM Villa Mar\u00eca<\/figcaption><\/figure>\n<p><span style=\"font-weight: 400;\">\u201cTenemos trabajadores pobres, por m\u00e1s que algunas empresas den alg\u00fan dinero extra en negro. Ese monto que dan \u201cextra\u201d no es porque valoran nuestro esfuerzo, sino que compran nuestros derechos\u201d, aclar\u00f3 el dirigente.\u00a0<\/span><\/p>\n<p><span style=\"font-weight: 400;\">Adem\u00e1s, coment\u00f3 que la situaci\u00f3n \u201ces muy similar en todos lados\u201d. Hay muchas expectativas con inversiones o proyectos, como el del gasoducto, ya que todo se hace con la industria metalmec\u00e1nica, \u201cpero todav\u00eda sin repercutir en el salario de los compa\u00f1eros\u201d.<\/span><\/p>\n<p><span style=\"font-weight: 400;\">Respecto a los actores del sector, Lualdi dijo que \u201c<strong>la empresa monop\u00f3lica que presiona sobre toda la industria es Techint, que tienen los hornos de fundici\u00f3n de acero y abastecen de material a todas las empresas del pa\u00eds. Esta firma le ha pedido a la c\u00e1mara empresarial que no firmen aumento de salario amenazandolas con suba de los insumos<\/strong>\u201d.<\/span><\/p>\n<p><span style=\"font-weight: 400;\">Respecto a la situaci\u00f3n local, \u201ctenemos que tener en cuenta que las empresas de Villa Mar\u00eda y la regi\u00f3n, como las del resto del pa\u00eds, dependen absolutamente del acero que posee Techint\u201d. Esta situaci\u00f3n le da \u201cun poder de fuego absoluto sobre la industria\u201d.<\/span><\/p>\n<p><span style=\"font-weight: 400;\">Aunque, \u201cincluso en plena pandemia, en Villa Mar\u00eda abrieron 26 nuevas empresas de la industria metalmec\u00e1nica donde se manejan con insumos y ventas en d\u00f3lares pero con salarios en pesos que ni siquiera acompa\u00f1an el ritmo de la inflaci\u00f3n\u201d, agreg\u00f3 el dirigente.<\/span><\/p>\n<p><span style=\"font-weight: 400;\">\u201c<strong>Hoy todos los trabajadores, seamos metal\u00fargicos, de la construcci\u00f3n o docentes, estamos en una misma situaci\u00f3n: no nos alcanza el salario para poner la comida en la mesa a nuestras familias<\/strong>\u201d pero \u201cseguimos estando divididos\u201d, dijo Lualdi.<\/span><\/p>\n<p><span style=\"font-weight: 400;\">Por ello, para revertir esta situaci\u00f3n \u201clos trabajadores tenemos que volver a pensar en t\u00e9rminos de proyectos, de poder\u201d, y que ello \u201c<strong>s\u00f3lo ser\u00e1 posible si podemos unirnos y ser rebeldes, como ya lo fueron en otros momentos de la historia nuestros padres y abuelos<\/strong>\u201d. Y sentenci\u00f3: \u201cen el pa\u00eds somos 18 millones de trabajadores. Si logramos unirnos y recobrar esa fuerza producto de nuestra rebeld\u00eda volveremos a ser la columna vertebral del pa\u00eds\u201d.<\/span><\/p>\n<\/div>\n<div class=\"col-md-3\">\n<p>&nbsp;<\/p>\n<\/div>\n<\/div>\n","protected":false},"excerpt":{"rendered":"<p>\u201cPor primera vez en 80 a\u00f1os el trabajador percibe un salario por debajo de la canasta b\u00e1sica alimentaria\u201d, dijeron en un comunicado. Desde Tribuna conversamos con Leonardo Lualdi, secretario general de la UOM Villa Mar\u00eda. Bajo la consigna \u201cPrimero la Dignidad\u201d, la Uni\u00f3n Obrera Metal\u00fargica (UOM), sindicato de los trabajadores del sector, anunci\u00f3 un plan [&hellip;]<\/p>\n","protected":false},"author":2,"featured_media":8650,"comment_status":"open","ping_status":"open","sticky":false,"template":"","format":"standard","meta":{"_exactmetrics_skip_tracking":false,"_exactmetrics_sitenote_active":false,"_exactmetrics_sitenote_note":"","_exactmetrics_sitenote_category":0,"jnews-multi-image_gallery":[],"jnews_single_post":{"source_name":"","source_url":"","via_name":"","via_url":"","override_template":"0","override":[{"template":"1","single_blog_custom":"","parallax":"1","fullscreen":"1","layout":"right-sidebar","sidebar":"default-sidebar","second_sidebar":"default-sidebar","sticky_sidebar":"1","share_position":"top","share_float_style":"share-monocrhome","show_share_counter":"1","show_view_counter":"1","show_featured":"1","show_post_meta":"1","show_post_author":"1","show_post_author_image":"1","show_post_date":"1","post_date_format":"default","post_date_format_custom":"Y\/m\/d","show_post_category":"1","show_post_reading_time":"0","post_reading_time_wpm":"300","show_zoom_button":"0","zoom_button_out_step":"2","zoom_button_in_step":"3","show_post_tag":"1","show_prev_next_post":"1","show_popup_post":"1","number_popup_post":"1","show_author_box":"0","show_post_related":"0","show_inline_post_related":"0"}],"override_image_size":"0","image_override":[{"single_post_thumbnail_size":"crop-500","single_post_gallery_size":"crop-500"}],"trending_post":"0","trending_post_position":"meta","trending_post_label":"Trending","sponsored_post":"0","sponsored_post_label":"Sponsored by","sponsored_post_name":"","sponsored_post_url":"","sponsored_post_logo_enable":"0","sponsored_post_logo":"","sponsored_post_desc":""},"jnews_primary_category":{"id":"22"},"jnews_social_meta":{"fb_title":"","fb_description":"","fb_image":"","twitter_title":"","twitter_description":"","twitter_image":""},"jnews_override_counter":{"override_view_counter":"0","view_counter_number":"0","override_share_counter":"0","share_counter_number":"0","override_like_counter":"0","like_counter_number":"0","override_dislike_counter":"0","dislike_counter_number":"0"},"_joinchat":[],"footnotes":""},"categories":[22],"tags":[],"class_list":["post-8647","post","type-post","status-publish","format-standard","has-post-thumbnail","hentry","category-actualidad"],"_links":{"self":[{"href":"https:\/\/tribunavm.com.ar\/index.php\/wp-json\/wp\/v2\/posts\/8647"}],"collection":[{"href":"https:\/\/tribunavm.com.ar\/index.php\/wp-json\/wp\/v2\/posts"}],"about":[{"href":"https:\/\/tribunavm.com.ar\/index.php\/wp-json\/wp\/v2\/types\/post"}],"author":[{"embeddable":true,"href":"https:\/\/tribunavm.com.ar\/index.php\/wp-json\/wp\/v2\/users\/2"}],"replies":[{"embeddable":true,"href":"https:\/\/tribunavm.com.ar\/index.php\/wp-json\/wp\/v2\/comments?post=8647"}],"version-history":[{"count":4,"href":"https:\/\/tribunavm.com.ar\/index.php\/wp-json\/wp\/v2\/posts\/8647\/revisions"}],"predecessor-version":[{"id":8654,"href":"https:\/\/tribunavm.com.ar\/index.php\/wp-json\/wp\/v2\/posts\/8647\/revisions\/8654"}],"wp:featuredmedia":[{"embeddable":true,"href":"https:\/\/tribunavm.com.ar\/index.php\/wp-json\/wp\/v2\/media\/8650"}],"wp:attachment":[{"href":"https:\/\/tribunavm.com.ar\/index.php\/wp-json\/wp\/v2\/media?parent=8647"}],"wp:term":[{"taxonomy":"category","embeddable":true,"href":"https:\/\/tribunavm.com.ar\/index.php\/wp-json\/wp\/v2\/categories?post=8647"},{"taxonomy":"post_tag","embeddable":true,"href":"https:\/\/tribunavm.com.ar\/index.php\/wp-json\/wp\/v2\/tags?post=8647"}],"curies":[{"name":"wp","href":"https:\/\/api.w.org\/{rel}","templated":true}]}}