{"id":8666,"date":"2023-07-22T23:50:25","date_gmt":"2023-07-22T23:50:25","guid":{"rendered":"https:\/\/tribunavm.com.ar\/?p=8666"},"modified":"2023-07-22T23:50:25","modified_gmt":"2023-07-22T23:50:25","slug":"nueva-cumbre-de-la-otan-la-mira-en-el-este-europeo","status":"publish","type":"post","link":"https:\/\/tribunavm.com.ar\/index.php\/2023\/07\/22\/nueva-cumbre-de-la-otan-la-mira-en-el-este-europeo\/","title":{"rendered":"Nueva cumbre de la OTAN: la mira en el este europeo"},"content":{"rendered":"<div class=\"row clearfix\">\n<div class=\"col-md-8\">\n<div class=\"intro-text\">\n<p><span style=\"font-weight: 400;\">Los miembros de la Organizaci\u00f3n del Tratado del Atl\u00e1ntico Norte se reunieron con los ejes de la guerra ruso-ucraniana y el ingreso de nuevos miembros a la alianza.<\/span><\/p>\n<\/div>\n<p><span style=\"font-weight: 400;\"><span class=\"dropcap \" style=\"background-color: #ffffff; color: #dd9933; border-color: #ffffff;\">E<\/span>l martes 11 y el mi\u00e9rcoles 12 de julio, en Vilna, la capital de Lituania, se realiz\u00f3 una nueva cumbre de la Organizaci\u00f3n del Tratado del Atl\u00e1ntico Norte (OTAN), alianza militar que aglutina a Estados Unidos y gran parte de Europa. Al encuentro asistieron los 31 mandatarios de los Estados miembros, sumado a los invitados especiales, como el primer ministro sueco, Ulf Kristerson, y el presidente ucraniano, Volodimir Zelenski.<\/span><\/p>\n<p><span style=\"font-weight: 400;\">En el marco de la cumbre se debatieron dos temas principales, por un lado, el conflicto en Ucrania y la creciente presi\u00f3n por parte del pa\u00eds para ser incluido en la alianza militar. Por otro lado, el ingreso de Suecia a la OTAN, una posibilidad que hab\u00eda sido bloqueada previamente por Turqu\u00eda y Hungr\u00eda, pero que ahora comienza a ganar fuerza.\u00a0\u00a0<\/span><\/p>\n<p><span style=\"font-weight: 400;\">All\u00ed, la OTAN volvi\u00f3 a negar la incorporaci\u00f3n a Ucrania aludiendo al incumplimiento de los requisitos necesarios entre los que se encuentra el no tener un conflicto lim\u00edtrofe.\u00a0<\/span><\/p>\n<p><span style=\"font-weight: 400;\">Sin embargo, a pesar de la negativa, tras la cumbre se ratific\u00f3 el apoyo de la OTAN y sus miembros a dicho pa\u00eds. En este sentido, Joe Biden, presidente de EE.UU., expres\u00f3 que &#8220;los ayudaremos a construir una defensa s\u00f3lida y eficaz por tierra, mar y aire&#8221;, agregando que &#8220;el futuro de Ucrania est\u00e1 en la OTAN&#8221;<\/span><\/p>\n<p><span style=\"font-weight: 400;\">En la \u00faltima reuni\u00f3n de la alianza militar, y tras la visita de Joe Biden a Suecia una semana antes de la cumbre, la posibilidad del ingreso del pa\u00eds escandinavo a la organizaci\u00f3n se acrecent\u00f3 por el acuerdo entre Ed Kristersson, primer ministro de Suecia, y Recep Tayyip Erdogan, presidente de Turqu\u00eda. El trato implica que Erdogan levantar\u00eda su veto a la adhesi\u00f3n sueca en caso de que Suecia acepte sus demandas, expulsando o extraditando a militantes kurdos del PKK y levantando un embargo de armas contra Turqu\u00eda.<\/span><\/p>\n<p><span style=\"font-weight: 400;\">Este acuerdo entre las partes fue celebrado por Jens Stoltenberg,\u00a0 jefe de la OTAN, por medio de su cuenta de Twitter. All\u00ed <\/span><span style=\"color: #ff9900;\"><a style=\"color: #ff9900;\" href=\"https:\/\/twitter.com\/jensstoltenberg\/status\/1678484703060324359\"><span style=\"font-weight: 400;\">expres\u00f3<\/span><\/a><\/span><span style=\"font-weight: 400;\"><span style=\"color: #ff9900;\">:<\/span> &#8220;Este es un paso hist\u00f3rico que hace que todos los aliados de la #OTAN sean m\u00e1s fuertes y seguros&#8221;.<\/span><\/p>\n<\/div>\n<\/div>\n","protected":false},"excerpt":{"rendered":"<p>Los miembros de la Organizaci\u00f3n del Tratado del Atl\u00e1ntico Norte se reunieron con los ejes de la guerra ruso-ucraniana y el ingreso de nuevos miembros a la alianza.<\/p>\n","protected":false},"author":2,"featured_media":8667,"comment_status":"open","ping_status":"open","sticky":false,"template":"","format":"standard","meta":{"_exactmetrics_skip_tracking":false,"_exactmetrics_sitenote_active":false,"_exactmetrics_sitenote_note":"","_exactmetrics_sitenote_category":0,"jnews-multi-image_gallery":[],"jnews_single_post":{"source_name":"","source_url":"","via_name":"","via_url":"","override_template":"0","override":[{"template":"1","single_blog_custom":"","parallax":"1","fullscreen":"1","layout":"right-sidebar","sidebar":"default-sidebar","second_sidebar":"default-sidebar","sticky_sidebar":"1","share_position":"top","share_float_style":"share-monocrhome","show_share_counter":"1","show_view_counter":"1","show_featured":"1","show_post_meta":"1","show_post_author":"1","show_post_author_image":"1","show_post_date":"1","post_date_format":"default","post_date_format_custom":"Y\/m\/d","show_post_category":"1","show_post_reading_time":"0","post_reading_time_wpm":"300","show_zoom_button":"0","zoom_button_out_step":"2","zoom_button_in_step":"3","show_post_tag":"1","show_prev_next_post":"1","show_popup_post":"1","number_popup_post":"1","show_author_box":"0","show_post_related":"0","show_inline_post_related":"0"}],"override_image_size":"0","image_override":[{"single_post_thumbnail_size":"crop-500","single_post_gallery_size":"crop-500"}],"trending_post":"0","trending_post_position":"meta","trending_post_label":"Trending","sponsored_post":"0","sponsored_post_label":"Sponsored by","sponsored_post_name":"","sponsored_post_url":"","sponsored_post_logo_enable":"0","sponsored_post_logo":"","sponsored_post_desc":""},"jnews_primary_category":{"id":"276"},"jnews_social_meta":{"fb_title":"","fb_description":"","fb_image":"","twitter_title":"","twitter_description":"","twitter_image":""},"jnews_override_counter":{"override_view_counter":"0","view_counter_number":"0","override_share_counter":"0","share_counter_number":"0","override_like_counter":"0","like_counter_number":"0","override_dislike_counter":"0","dislike_counter_number":"0"},"_joinchat":[],"footnotes":""},"categories":[276],"tags":[300,75,231],"class_list":["post-8666","post","type-post","status-publish","format-standard","has-post-thumbnail","hentry","category-internacional","tag-edicion-114","tag-internacional","tag-otan"],"_links":{"self":[{"href":"https:\/\/tribunavm.com.ar\/index.php\/wp-json\/wp\/v2\/posts\/8666"}],"collection":[{"href":"https:\/\/tribunavm.com.ar\/index.php\/wp-json\/wp\/v2\/posts"}],"about":[{"href":"https:\/\/tribunavm.com.ar\/index.php\/wp-json\/wp\/v2\/types\/post"}],"author":[{"embeddable":true,"href":"https:\/\/tribunavm.com.ar\/index.php\/wp-json\/wp\/v2\/users\/2"}],"replies":[{"embeddable":true,"href":"https:\/\/tribunavm.com.ar\/index.php\/wp-json\/wp\/v2\/comments?post=8666"}],"version-history":[{"count":1,"href":"https:\/\/tribunavm.com.ar\/index.php\/wp-json\/wp\/v2\/posts\/8666\/revisions"}],"predecessor-version":[{"id":8668,"href":"https:\/\/tribunavm.com.ar\/index.php\/wp-json\/wp\/v2\/posts\/8666\/revisions\/8668"}],"wp:featuredmedia":[{"embeddable":true,"href":"https:\/\/tribunavm.com.ar\/index.php\/wp-json\/wp\/v2\/media\/8667"}],"wp:attachment":[{"href":"https:\/\/tribunavm.com.ar\/index.php\/wp-json\/wp\/v2\/media?parent=8666"}],"wp:term":[{"taxonomy":"category","embeddable":true,"href":"https:\/\/tribunavm.com.ar\/index.php\/wp-json\/wp\/v2\/categories?post=8666"},{"taxonomy":"post_tag","embeddable":true,"href":"https:\/\/tribunavm.com.ar\/index.php\/wp-json\/wp\/v2\/tags?post=8666"}],"curies":[{"name":"wp","href":"https:\/\/api.w.org\/{rel}","templated":true}]}}