{"id":8684,"date":"2023-07-23T00:20:30","date_gmt":"2023-07-23T00:20:30","guid":{"rendered":"https:\/\/tribunavm.com.ar\/?p=8684"},"modified":"2023-07-23T00:20:30","modified_gmt":"2023-07-23T00:20:30","slug":"cgt-otorga-su-pleno-apoyo-a-la-formula-massa-rossi","status":"publish","type":"post","link":"https:\/\/tribunavm.com.ar\/index.php\/2023\/07\/23\/cgt-otorga-su-pleno-apoyo-a-la-formula-massa-rossi\/","title":{"rendered":"CGT otorga su pleno apoyo a la formula Massa-Rossi"},"content":{"rendered":"<div class=\"row clearfix\">\n<div class=\"col-md-8\">\n<div class=\"intro-text\">\n<p><span style=\"font-weight: 400;\">El viernes pasado, sellaron el apoyo con un acto en la central obrera, en el que Massa habl\u00f3 ante los trabajadores.<\/span><\/p>\n<\/div>\n<p><span style=\"font-weight: 400;\"><span class=\"dropcap \" style=\"background-color: #ffffff; color: #dd9933; border-color: #ffffff;\">L<\/span>os secretarios generales de la Confederaci\u00f3n General del Trabajo (CGT) expresaron su apoyo a la f\u00f3rmula presidencial Massa-Rossi, que competir\u00e1 en las PASO, el pr\u00f3ximo domingo 13 de agosto.<\/span><\/p>\n<p><span style=\"font-weight: 400;\">Fue a trav\u00e9s de un acto en la sede de la central en la calle Azopardo de la Capital Federal, en el que Sergio Massa, actual ministro de Econom\u00eda, brind\u00f3 un discurso ante el triunvirato que conduce la CGT y otros secretarios generales presentes.<\/span><\/p>\n<p><span style=\"font-weight: 400;\">En su mensaje, Massa sostuvo que &#8220;no hay que parar de trabajar y militar un minuto en la campa\u00f1a&#8221;, ya que &#8220;el futuro es para adelante, con prosperidad y progreso, trabajo, desarrollo y producci\u00f3n y, para atr\u00e1s solo est\u00e1 el dolor&#8221;.<\/span><\/p>\n<div class=\"jeg_video_container jeg_video_content\"><iframe loading=\"lazy\" title=\"Apoyo de la CGT a la f\u00f3rmula Massa-Rossi\" width=\"500\" height=\"281\" src=\"https:\/\/www.youtube.com\/embed\/01x2tlW266s?start=1&#038;feature=oembed\" frameborder=\"0\" allow=\"accelerometer; autoplay; clipboard-write; encrypted-media; gyroscope; picture-in-picture; web-share\" referrerpolicy=\"strict-origin-when-cross-origin\" allowfullscreen><\/iframe><\/div>\n<p><span style=\"font-weight: 400;\">A su vez, reconoci\u00f3 que &#8220;o por la pandemia o por la guerra o la sequ\u00eda o porque nos falt\u00f3 determinaci\u00f3n en algunos temas, algunos compa\u00f1eros pueden sentir la desilusi\u00f3n de que si bien creci\u00f3 33 meses consecutivos el ingreso al trabajo, los salarios no se recuperaron como se ten\u00edan que haber recuperado&#8221;.<\/span><\/p>\n<p><span style=\"font-weight: 400;\">Para completar, plante\u00f3 que el desaf\u00edo es &#8220;defender en la puja distributiva el rol del salario en el ingreso, empujar para recuperar el ingreso de la Argentina peleando contra la inflaci\u00f3n&#8221;.<\/span><\/p>\n<p><img loading=\"lazy\" decoding=\"async\" class=\"aligncenter size-full wp-image-8685\" src=\"https:\/\/tribunavm.com.ar\/wp-content\/uploads\/2023\/07\/Massa-y-Daer-sonrien.jpg\" alt=\"\" width=\"275\" height=\"183\" \/><\/p>\n<p><span style=\"font-weight: 400;\">Por su parte, Agust\u00edn Rossi, areng\u00f3 que tanto Bullrich como Larreta vienen a terminar con las indemnizaciones y las vacaciones pagas: &#8220;si esos derechos no se defienden ahora con el voto habr\u00e1 que hacerlo luego saliendo a las calles, con represi\u00f3n pol\u00edtica e institucional mediante, como ocurre hoy en Jujuy&#8221;.<\/span><\/p>\n<p><span style=\"font-weight: 400;\">Pablo Moyano, cosecretario de la CGT, calific\u00f3 al d\u00eda como \u201chist\u00f3rico, porque tanto Massa como Agust\u00edn Rossi vinieron a la CGT a poner la cara frente a los trabajadores, por lo que el movimiento obrero volver\u00e1 a apostar por el peronismo en agosto y octubre pr\u00f3ximos y por el di\u00e1logo permanente&#8221;.<\/span><\/p>\n<p><span style=\"font-weight: 400;\">H\u00e9ctor Daer, cosecretario de la central y representante del gremio de Sanidad, declar\u00f3 que &#8220;vivimos en capitalismo puro, por lo que el rol del Estado es fundamental en el equilibrio social que hay que generar entre trabajadores y empresarios&#8221;. El ministro de Econom\u00eda es &#8220;el candidato de nuestro espacio pol\u00edtico\u201d, se\u00f1al\u00f3.<\/span><\/p>\n<\/div>\n<\/div>\n","protected":false},"excerpt":{"rendered":"<p>El viernes pasado, sellaron el apoyo con un acto en la central obrera, en el que Massa habl\u00f3 ante los trabajadores.<\/p>\n","protected":false},"author":2,"featured_media":8686,"comment_status":"open","ping_status":"open","sticky":false,"template":"","format":"standard","meta":{"_exactmetrics_skip_tracking":false,"_exactmetrics_sitenote_active":false,"_exactmetrics_sitenote_note":"","_exactmetrics_sitenote_category":0,"jnews-multi-image_gallery":[],"jnews_single_post":{"source_name":"","source_url":"","via_name":"","via_url":"","override_template":"0","override":[{"template":"1","single_blog_custom":"","parallax":"1","fullscreen":"1","layout":"right-sidebar","sidebar":"default-sidebar","second_sidebar":"default-sidebar","sticky_sidebar":"1","share_position":"top","share_float_style":"share-monocrhome","show_share_counter":"1","show_view_counter":"1","show_featured":"1","show_post_meta":"1","show_post_author":"1","show_post_author_image":"1","show_post_date":"1","post_date_format":"default","post_date_format_custom":"Y\/m\/d","show_post_category":"1","show_post_reading_time":"0","post_reading_time_wpm":"300","show_zoom_button":"0","zoom_button_out_step":"2","zoom_button_in_step":"3","show_post_tag":"1","show_prev_next_post":"1","show_popup_post":"1","number_popup_post":"1","show_author_box":"0","show_post_related":"0","show_inline_post_related":"0"}],"override_image_size":"0","image_override":[{"single_post_thumbnail_size":"crop-500","single_post_gallery_size":"crop-500"}],"trending_post":"0","trending_post_position":"meta","trending_post_label":"Trending","sponsored_post":"0","sponsored_post_label":"Sponsored by","sponsored_post_name":"","sponsored_post_url":"","sponsored_post_logo_enable":"0","sponsored_post_logo":"","sponsored_post_desc":""},"jnews_primary_category":{"id":"22"},"jnews_social_meta":{"fb_title":"","fb_description":"","fb_image":"","twitter_title":"","twitter_description":"","twitter_image":""},"jnews_override_counter":{"override_view_counter":"0","view_counter_number":"0","override_share_counter":"0","share_counter_number":"0","override_like_counter":"0","like_counter_number":"0","override_dislike_counter":"0","dislike_counter_number":"0"},"_joinchat":[],"footnotes":""},"categories":[22],"tags":[190,300,39,35],"class_list":["post-8684","post","type-post","status-publish","format-standard","has-post-thumbnail","hentry","category-actualidad","tag-cgt","tag-edicion-114","tag-gobierno","tag-trabajadores"],"_links":{"self":[{"href":"https:\/\/tribunavm.com.ar\/index.php\/wp-json\/wp\/v2\/posts\/8684"}],"collection":[{"href":"https:\/\/tribunavm.com.ar\/index.php\/wp-json\/wp\/v2\/posts"}],"about":[{"href":"https:\/\/tribunavm.com.ar\/index.php\/wp-json\/wp\/v2\/types\/post"}],"author":[{"embeddable":true,"href":"https:\/\/tribunavm.com.ar\/index.php\/wp-json\/wp\/v2\/users\/2"}],"replies":[{"embeddable":true,"href":"https:\/\/tribunavm.com.ar\/index.php\/wp-json\/wp\/v2\/comments?post=8684"}],"version-history":[{"count":1,"href":"https:\/\/tribunavm.com.ar\/index.php\/wp-json\/wp\/v2\/posts\/8684\/revisions"}],"predecessor-version":[{"id":8687,"href":"https:\/\/tribunavm.com.ar\/index.php\/wp-json\/wp\/v2\/posts\/8684\/revisions\/8687"}],"wp:featuredmedia":[{"embeddable":true,"href":"https:\/\/tribunavm.com.ar\/index.php\/wp-json\/wp\/v2\/media\/8686"}],"wp:attachment":[{"href":"https:\/\/tribunavm.com.ar\/index.php\/wp-json\/wp\/v2\/media?parent=8684"}],"wp:term":[{"taxonomy":"category","embeddable":true,"href":"https:\/\/tribunavm.com.ar\/index.php\/wp-json\/wp\/v2\/categories?post=8684"},{"taxonomy":"post_tag","embeddable":true,"href":"https:\/\/tribunavm.com.ar\/index.php\/wp-json\/wp\/v2\/tags?post=8684"}],"curies":[{"name":"wp","href":"https:\/\/api.w.org\/{rel}","templated":true}]}}