{"id":8697,"date":"2023-07-23T01:04:44","date_gmt":"2023-07-23T01:04:44","guid":{"rendered":"https:\/\/tribunavm.com.ar\/?p=8697"},"modified":"2023-07-23T01:04:44","modified_gmt":"2023-07-23T01:04:44","slug":"schiaretti-y-larreta-presentan-sus-propuestas-ante-la-sociedad-rural","status":"publish","type":"post","link":"https:\/\/tribunavm.com.ar\/index.php\/2023\/07\/23\/schiaretti-y-larreta-presentan-sus-propuestas-ante-la-sociedad-rural\/","title":{"rendered":"Schiaretti y Larreta presentan sus propuestas ante la Sociedad Rural"},"content":{"rendered":"<div class=\"row clearfix\">\n<div class=\"col-md-8\">\n<p><span style=\"color: #212121; font-size: 1.5em; letter-spacing: -0.01em;\">En dos eventos diferentes, los candidatos presidenciales, llevaron sus pol\u00edticas para los productores agropecuarios nucleados en la SRA.<\/span><\/p>\n<p><span style=\"font-weight: 400;\"><span class=\"dropcap \" style=\"background-color: #ffffff; color: #dd9933; border-color: #ffffff;\">E<\/span>l candidato presidencial Juan Schiaretti habl\u00f3 en un encuentro ante productores agropecuarios en la Sociedad Rural de R\u00edo Cuarto. All\u00ed plante\u00f3 que la inflaci\u00f3n de Argentina es un problema a resolver compar\u00e1ndolo con otros pa\u00edses de la regi\u00f3n. Acerca del tipo de cambio sostuvo que \u201cArgentina tiene que avanzar a un tipo de cambio libre y \u00fanico\u201d.<\/span><\/p>\n<p><span style=\"font-weight: 400;\">Por otra parte, Horacio Rodr\u00edguez Larreta, precandidato a presidente por Juntos por el Cambio, particip\u00f3 de la inauguraci\u00f3n de la Expo Rural 2023 junto al presidente de la Sociedad Rural Argentina (SRA), Nicol\u00e1s Pino.<\/span><\/p>\n<p><span style=\"font-weight: 400;\">En la inauguraci\u00f3n plante\u00f3 que su Gobierno impulsar\u00e1 \u201cuna pol\u00edtica muy agresiva de apertura de mercados\u201d, y de reducci\u00f3n burocr\u00e1tica. \u201cSe debe trabajar producto por producto para destrabar las operaciones, para armonizar las regulaciones de la AFIP, del INTA, del Senasa y las regulaciones nacionales con las provinciales\u201d, apunt\u00f3.<\/span><\/p>\n<p><span style=\"font-weight: 400;\">Respecto al tipo de cambio expres\u00f3 que \u201cse necesita el mismo tipo de cambio para exportar que para importar. Despu\u00e9s, se debe trabajar por la unificaci\u00f3n del tipo de cambio como en cualquier pa\u00eds serio\u201d, sostuvo.<\/span><\/p>\n<p><span style=\"font-weight: 400;\">Acerca de las retenciones, plante\u00f3 que \u201cnos comprometemos, al 10 de diciembre, a sacar todos los derechos a la exportaci\u00f3n de los productos regionales: arroz, leche, porotos, man\u00ed, limones, aceitunas, a lo largo de todo el pa\u00eds. Tambi\u00e9n iniciaremos un sendero de reducci\u00f3n seria pero sostenible en el tiempo, de la retenci\u00f3n de los productos m\u00e1s grandes\u201d.<\/span><\/p>\n<\/div>\n<\/div>\n","protected":false},"excerpt":{"rendered":"<p>En dos eventos diferentes, los candidatos presidenciales, llevaron sus pol\u00edticas para los productores agropecuarios nucleados en la SRA.<\/p>\n","protected":false},"author":2,"featured_media":8698,"comment_status":"open","ping_status":"open","sticky":false,"template":"","format":"standard","meta":{"_exactmetrics_skip_tracking":false,"_exactmetrics_sitenote_active":false,"_exactmetrics_sitenote_note":"","_exactmetrics_sitenote_category":0,"jnews-multi-image_gallery":[],"jnews_single_post":{"source_name":"","source_url":"","via_name":"","via_url":"","override_template":"0","override":[{"template":"1","single_blog_custom":"","parallax":"1","fullscreen":"1","layout":"right-sidebar","sidebar":"default-sidebar","second_sidebar":"default-sidebar","sticky_sidebar":"1","share_position":"top","share_float_style":"share-monocrhome","show_share_counter":"1","show_view_counter":"1","show_featured":"1","show_post_meta":"1","show_post_author":"1","show_post_author_image":"1","show_post_date":"1","post_date_format":"default","post_date_format_custom":"Y\/m\/d","show_post_category":"1","show_post_reading_time":"0","post_reading_time_wpm":"300","show_zoom_button":"0","zoom_button_out_step":"2","zoom_button_in_step":"3","show_post_tag":"1","show_prev_next_post":"1","show_popup_post":"1","number_popup_post":"1","show_author_box":"0","show_post_related":"0","show_inline_post_related":"0"}],"override_image_size":"0","image_override":[{"single_post_thumbnail_size":"crop-500","single_post_gallery_size":"crop-500"}],"trending_post":"0","trending_post_position":"meta","trending_post_label":"Trending","sponsored_post":"0","sponsored_post_label":"Sponsored by","sponsored_post_name":"","sponsored_post_url":"","sponsored_post_logo_enable":"0","sponsored_post_logo":"","sponsored_post_desc":""},"jnews_primary_category":{"id":"279"},"jnews_social_meta":{"fb_title":"","fb_description":"","fb_image":"","twitter_title":"","twitter_description":"","twitter_image":""},"jnews_override_counter":{"override_view_counter":"0","view_counter_number":"0","override_share_counter":"0","share_counter_number":"0","override_like_counter":"0","like_counter_number":"0","override_dislike_counter":"0","dislike_counter_number":"0"},"_joinchat":[],"footnotes":""},"categories":[279],"tags":[300,39],"class_list":["post-8697","post","type-post","status-publish","format-standard","has-post-thumbnail","hentry","category-gobierno","tag-edicion-114","tag-gobierno"],"_links":{"self":[{"href":"https:\/\/tribunavm.com.ar\/index.php\/wp-json\/wp\/v2\/posts\/8697"}],"collection":[{"href":"https:\/\/tribunavm.com.ar\/index.php\/wp-json\/wp\/v2\/posts"}],"about":[{"href":"https:\/\/tribunavm.com.ar\/index.php\/wp-json\/wp\/v2\/types\/post"}],"author":[{"embeddable":true,"href":"https:\/\/tribunavm.com.ar\/index.php\/wp-json\/wp\/v2\/users\/2"}],"replies":[{"embeddable":true,"href":"https:\/\/tribunavm.com.ar\/index.php\/wp-json\/wp\/v2\/comments?post=8697"}],"version-history":[{"count":1,"href":"https:\/\/tribunavm.com.ar\/index.php\/wp-json\/wp\/v2\/posts\/8697\/revisions"}],"predecessor-version":[{"id":8699,"href":"https:\/\/tribunavm.com.ar\/index.php\/wp-json\/wp\/v2\/posts\/8697\/revisions\/8699"}],"wp:featuredmedia":[{"embeddable":true,"href":"https:\/\/tribunavm.com.ar\/index.php\/wp-json\/wp\/v2\/media\/8698"}],"wp:attachment":[{"href":"https:\/\/tribunavm.com.ar\/index.php\/wp-json\/wp\/v2\/media?parent=8697"}],"wp:term":[{"taxonomy":"category","embeddable":true,"href":"https:\/\/tribunavm.com.ar\/index.php\/wp-json\/wp\/v2\/categories?post=8697"},{"taxonomy":"post_tag","embeddable":true,"href":"https:\/\/tribunavm.com.ar\/index.php\/wp-json\/wp\/v2\/tags?post=8697"}],"curies":[{"name":"wp","href":"https:\/\/api.w.org\/{rel}","templated":true}]}}