{"id":8705,"date":"2023-07-23T01:31:52","date_gmt":"2023-07-23T01:31:52","guid":{"rendered":"https:\/\/tribunavm.com.ar\/?p=8705"},"modified":"2023-07-23T01:31:52","modified_gmt":"2023-07-23T01:31:52","slug":"la-uia-respalda-la-gestion-de-massa-en-el-ministerio","status":"publish","type":"post","link":"https:\/\/tribunavm.com.ar\/index.php\/2023\/07\/23\/la-uia-respalda-la-gestion-de-massa-en-el-ministerio\/","title":{"rendered":"La UIA respalda la gesti\u00f3n de Massa, en el Ministerio"},"content":{"rendered":"<div class=\"row clearfix\">\n<div class=\"col-md-8\">\n<div class=\"intro-text\">\n<p><span style=\"font-weight: 400;\">Tras ser elegido nuevamente como presidente de la entidad fabril, Funes de Rioja habl\u00f3 sobre el gasoducto N\u00e9stor Kirchner, el acuerdo con el FMI y la candidatura de Sergio Massa.\u00a0<\/span><\/p>\n<\/div>\n<p><span style=\"font-weight: 400;\"><span class=\"dropcap \" style=\"background-color: #ffffff; color: #dd9933; border-color: #ffffff;\">D<\/span>urante el mes pasado se llevaron a cabo las elecciones en la Uni\u00f3n Industrial Argentina,\u00a0 resultando reelecto Daniel Funes de Rioja, quien a su vez preside la C\u00e1mara de la industria alimenticia (COPAL), que ocupar\u00e1 el cargo de presidente hasta 2025.<\/span><\/p>\n<p><span style=\"font-weight: 400;\">El mismo d\u00eda de las elecciones, el dirigente empresarial realiz\u00f3 una visita al ministro de Econom\u00eda, Sergio Massa, en el Palacio de Hacienda. Luego del encuentro, el dirigente expres\u00f3 en di\u00e1logo con radio AM750 que \u201cconfiamos en Massa ministro; en Massa candidato es la ciudadan\u00eda la que tiene que responder\u201d.\u00a0<\/span><\/p>\n<p><span style=\"font-weight: 400;\">Respecto a la deuda, el dirigente fabril apunt\u00f3 que \u201cla deuda la tiene el pa\u00eds con el FMI, m\u00e1s all\u00e1 de las administraciones a cargo en momento de pagar\u201d. \u201cHay que mantener el acuerdo (con el FMI) a pesar de que se discuta y converse. La Argentina necesita confiabilidad internacional, porque si no las grandes inversiones tampoco vienen\u201d.\u00a0<\/span><\/p>\n<p><span style=\"font-weight: 400;\">Tambi\u00e9n habl\u00f3 sobre la situaci\u00f3n cambiaria: \u201centendemos la situaci\u00f3n cambiar\u00eda, pero la industria est\u00e1 preocupada por los insumos importados, no solo para fabricar veh\u00edculos o maquinaria, sino tambi\u00e9n para productos de consumo, lo cual se suma al pago de los servicios y los fletes\u201d.\u00a0<\/span><\/p>\n<p><span style=\"font-weight: 400;\">Por otra parte, el empresario felicit\u00f3 a Massa por la inauguraci\u00f3n del gasoducto Nestor Kirchner, y dijo que era una buena noticia la apertura del gasoducto tras hacer una comparaci\u00f3n con la de los ferrocarriles a fines del siglo XIX. \u201cSi uno mira la proyecci\u00f3n de lo que fue el arranque de las exportaciones agroalimentarias en ese momento con respecto a los kil\u00f3metros de ferrocarriles, uno ve un crecimiento geom\u00e9trico entre ambos. Yo creo en esa perspectiva respecto de la energ\u00eda\u201d, expres\u00f3 el titular de la UIA.\u00a0<\/span><\/p>\n<p><span style=\"font-weight: 400;\">Sobre los dem\u00e1s integrantes del Consejo de la UIA, quedaron electos Miguel \u00c1ngel Rodr\u00edguez (Uni\u00f3n Industrial de la Ciudad Aut\u00f3noma de Buenos Aires) que ocupar\u00e1 el cargo de vicepresidente, junto con David Uriburu (C\u00e1mara Argentina del Acero), Adri\u00e1n Kauffman (Uni\u00f3n Industrial de C\u00f3rdoba), Mart\u00edn Rappalini (Uni\u00f3n Industrial de la Provincia de Buenos Aires), Guillermo Moretti (Federaci\u00f3n Industrial de Santa Fe), Luis Tendlarz (Uni\u00f3n Industrial de Catamarca) y Rodrigo P\u00e9rez Graciano (Asociaci\u00f3n de F\u00e1bricas de Automotores), como parte del Comit\u00e9 Ejecutivo.<\/span><\/p>\n<\/div>\n<\/div>\n","protected":false},"excerpt":{"rendered":"<p>Tras ser elegido nuevamente como presidente de la entidad fabril, Funes de Rioja habl\u00f3 sobre el gasoducto N\u00e9stor Kirchner, el acuerdo con el FMI y la candidatura de Sergio Massa.\u00a0<\/p>\n","protected":false},"author":2,"featured_media":8706,"comment_status":"open","ping_status":"open","sticky":false,"template":"","format":"standard","meta":{"_exactmetrics_skip_tracking":false,"_exactmetrics_sitenote_active":false,"_exactmetrics_sitenote_note":"","_exactmetrics_sitenote_category":0,"jnews-multi-image_gallery":[],"jnews_single_post":{"source_name":"","source_url":"","via_name":"","via_url":"","override_template":"0","override":[{"template":"1","single_blog_custom":"","parallax":"1","fullscreen":"1","layout":"right-sidebar","sidebar":"default-sidebar","second_sidebar":"default-sidebar","sticky_sidebar":"1","share_position":"top","share_float_style":"share-monocrhome","show_share_counter":"1","show_view_counter":"1","show_featured":"1","show_post_meta":"1","show_post_author":"1","show_post_author_image":"1","show_post_date":"1","post_date_format":"default","post_date_format_custom":"Y\/m\/d","show_post_category":"1","show_post_reading_time":"0","post_reading_time_wpm":"300","show_zoom_button":"0","zoom_button_out_step":"2","zoom_button_in_step":"3","show_post_tag":"1","show_prev_next_post":"1","show_popup_post":"1","number_popup_post":"1","show_author_box":"0","show_post_related":"0","show_inline_post_related":"0"}],"override_image_size":"0","image_override":[{"single_post_thumbnail_size":"crop-500","single_post_gallery_size":"crop-500"}],"trending_post":"0","trending_post_position":"meta","trending_post_label":"Trending","sponsored_post":"0","sponsored_post_label":"Sponsored by","sponsored_post_name":"","sponsored_post_url":"","sponsored_post_logo_enable":"0","sponsored_post_logo":"","sponsored_post_desc":""},"jnews_primary_category":{"id":"278"},"jnews_social_meta":{"fb_title":"","fb_description":"","fb_image":"","twitter_title":"","twitter_description":"","twitter_image":""},"jnews_override_counter":{"override_view_counter":"0","view_counter_number":"0","override_share_counter":"0","share_counter_number":"0","override_like_counter":"0","like_counter_number":"0","override_dislike_counter":"0","dislike_counter_number":"0"},"_joinchat":[],"footnotes":""},"categories":[278],"tags":[300,42,228],"class_list":["post-8705","post","type-post","status-publish","format-standard","has-post-thumbnail","hentry","category-economia","tag-edicion-114","tag-industria","tag-sector"],"_links":{"self":[{"href":"https:\/\/tribunavm.com.ar\/index.php\/wp-json\/wp\/v2\/posts\/8705"}],"collection":[{"href":"https:\/\/tribunavm.com.ar\/index.php\/wp-json\/wp\/v2\/posts"}],"about":[{"href":"https:\/\/tribunavm.com.ar\/index.php\/wp-json\/wp\/v2\/types\/post"}],"author":[{"embeddable":true,"href":"https:\/\/tribunavm.com.ar\/index.php\/wp-json\/wp\/v2\/users\/2"}],"replies":[{"embeddable":true,"href":"https:\/\/tribunavm.com.ar\/index.php\/wp-json\/wp\/v2\/comments?post=8705"}],"version-history":[{"count":1,"href":"https:\/\/tribunavm.com.ar\/index.php\/wp-json\/wp\/v2\/posts\/8705\/revisions"}],"predecessor-version":[{"id":8707,"href":"https:\/\/tribunavm.com.ar\/index.php\/wp-json\/wp\/v2\/posts\/8705\/revisions\/8707"}],"wp:featuredmedia":[{"embeddable":true,"href":"https:\/\/tribunavm.com.ar\/index.php\/wp-json\/wp\/v2\/media\/8706"}],"wp:attachment":[{"href":"https:\/\/tribunavm.com.ar\/index.php\/wp-json\/wp\/v2\/media?parent=8705"}],"wp:term":[{"taxonomy":"category","embeddable":true,"href":"https:\/\/tribunavm.com.ar\/index.php\/wp-json\/wp\/v2\/categories?post=8705"},{"taxonomy":"post_tag","embeddable":true,"href":"https:\/\/tribunavm.com.ar\/index.php\/wp-json\/wp\/v2\/tags?post=8705"}],"curies":[{"name":"wp","href":"https:\/\/api.w.org\/{rel}","templated":true}]}}