{"id":8708,"date":"2023-07-23T01:37:09","date_gmt":"2023-07-23T01:37:09","guid":{"rendered":"https:\/\/tribunavm.com.ar\/?p=8708"},"modified":"2023-07-23T01:38:39","modified_gmt":"2023-07-23T01:38:39","slug":"reclamos-del-consejo-agroindustrial-al-banco-central","status":"publish","type":"post","link":"https:\/\/tribunavm.com.ar\/index.php\/2023\/07\/23\/reclamos-del-consejo-agroindustrial-al-banco-central\/","title":{"rendered":"Reclamos del Consejo Agroindustrial al Banco Central"},"content":{"rendered":"<div class=\"row clearfix\">\n<div class=\"col-md-8\">\n<p><span style=\"color: #212121; font-size: 1.5em; letter-spacing: -0.01em;\">Por medio de una carta reclama la derogaci\u00f3n del pago de fletes por exportaci\u00f3n.\u00a0\u00a0<\/span><\/p>\n<p><span style=\"font-weight: 400;\"><span class=\"dropcap \" style=\"background-color: #ffffff; color: #dd9933; border-color: #ffffff;\">E<\/span>l Consejo Agroindustrial Argentino (CAA), que agrupa a m\u00e1s de 60 c\u00e1maras del sector, le envi\u00f3 una carta al presidente del Banco Central de la Rep\u00fablica Argentina (BCRA), Miguel \u00c1ngel Pesce, en la que tambi\u00e9n se incluyen copias para el ministro de Econom\u00eda, Sergio Massa, y el secretario de Comercio, Mat\u00edas Tombolini.\u00a0<\/span><\/p>\n<p><span style=\"font-weight: 400;\">En la misma, el CAA solicit\u00f3 la derogaci\u00f3n de la comunicaci\u00f3n A 7746, emitida en abril pasado, la cual establece que los pagos correspondientes a servicios de fletes y otros servicios de transporte, los cuales deben realizarse obligatoriamente dentro de los 90 d\u00edas corridos a partir de la fecha en que se haya prestado efectivamente el servicio.<\/span><\/p>\n<p><span style=\"font-weight: 400;\">El CAA argument\u00f3 que este r\u00e9gimen est\u00e1 generando un impacto negativo en las oportunidades de venta al exterior, lo que a su vez se traduce en una disminuci\u00f3n de los ingresos por divisas.\u00a0<\/span><\/p>\n<p><span style=\"font-weight: 400;\">Explicaron que, \u201cla consecuencia de la medida ha sido un cambio dr\u00e1stico por parte de los armadores mar\u00edtimos y\/o sus representantes en la Argentina, en las condiciones de cobro de los fletes impuestas a los tomadores de dichos servicios, aceptando \u00fanicamente los pagos de los mismos en el exterior, no siendo ya una posibilidad pagar su equivalente en pesos\u201d.<\/span><\/p>\n<p><span style=\"font-weight: 400;\">Adem\u00e1s, se\u00f1alaron que \u201clos gastos locales inherentes a los fletes mar\u00edtimos nos los liquidan a tipos de cambio totalmente arbitrarios, cercanos a las cotizaciones de los d\u00f3lares financieros\u201d. \u201cA partir de esta situaci\u00f3n y de no resolverse favorablemente, inevitablemente nos llevar\u00e1 a menor actividad, lo que redundar\u00e1 en menores ingresos de divisas en el pa\u00eds\u201d, cierra la carta.\u00a0<\/span><\/p>\n<\/div>\n<\/div>\n","protected":false},"excerpt":{"rendered":"<p>Por medio de una carta reclama la derogaci\u00f3n del pago de fletes por exportaci\u00f3n.\u00a0\u00a0<\/p>\n","protected":false},"author":2,"featured_media":8712,"comment_status":"open","ping_status":"open","sticky":false,"template":"","format":"standard","meta":{"_exactmetrics_skip_tracking":false,"_exactmetrics_sitenote_active":false,"_exactmetrics_sitenote_note":"","_exactmetrics_sitenote_category":0,"jnews-multi-image_gallery":[],"jnews_single_post":{"source_name":"","source_url":"","via_name":"","via_url":"","override_template":"0","override":[{"template":"1","single_blog_custom":"","parallax":"1","fullscreen":"1","layout":"right-sidebar","sidebar":"default-sidebar","second_sidebar":"default-sidebar","sticky_sidebar":"1","share_position":"top","share_float_style":"share-monocrhome","show_share_counter":"1","show_view_counter":"1","show_featured":"1","show_post_meta":"1","show_post_author":"1","show_post_author_image":"1","show_post_date":"1","post_date_format":"default","post_date_format_custom":"Y\/m\/d","show_post_category":"1","show_post_reading_time":"0","post_reading_time_wpm":"300","show_zoom_button":"0","zoom_button_out_step":"2","zoom_button_in_step":"3","show_post_tag":"1","show_prev_next_post":"1","show_popup_post":"1","number_popup_post":"1","show_author_box":"0","show_post_related":"0","show_inline_post_related":"0"}],"override_image_size":"0","image_override":[{"single_post_thumbnail_size":"crop-500","single_post_gallery_size":"crop-500"}],"trending_post":"0","trending_post_position":"meta","trending_post_label":"Trending","sponsored_post":"0","sponsored_post_label":"Sponsored by","sponsored_post_name":"","sponsored_post_url":"","sponsored_post_logo_enable":"0","sponsored_post_logo":"","sponsored_post_desc":""},"jnews_primary_category":{"id":"278"},"jnews_social_meta":{"fb_title":"","fb_description":"","fb_image":"","twitter_title":"","twitter_description":"","twitter_image":""},"jnews_override_counter":{"override_view_counter":"0","view_counter_number":"0","override_share_counter":"0","share_counter_number":"0","override_like_counter":"0","like_counter_number":"0","override_dislike_counter":"0","dislike_counter_number":"0"},"_joinchat":[],"footnotes":""},"categories":[278],"tags":[41,300,228],"class_list":["post-8708","post","type-post","status-publish","format-standard","has-post-thumbnail","hentry","category-economia","tag-agro","tag-edicion-114","tag-sector"],"_links":{"self":[{"href":"https:\/\/tribunavm.com.ar\/index.php\/wp-json\/wp\/v2\/posts\/8708"}],"collection":[{"href":"https:\/\/tribunavm.com.ar\/index.php\/wp-json\/wp\/v2\/posts"}],"about":[{"href":"https:\/\/tribunavm.com.ar\/index.php\/wp-json\/wp\/v2\/types\/post"}],"author":[{"embeddable":true,"href":"https:\/\/tribunavm.com.ar\/index.php\/wp-json\/wp\/v2\/users\/2"}],"replies":[{"embeddable":true,"href":"https:\/\/tribunavm.com.ar\/index.php\/wp-json\/wp\/v2\/comments?post=8708"}],"version-history":[{"count":1,"href":"https:\/\/tribunavm.com.ar\/index.php\/wp-json\/wp\/v2\/posts\/8708\/revisions"}],"predecessor-version":[{"id":8710,"href":"https:\/\/tribunavm.com.ar\/index.php\/wp-json\/wp\/v2\/posts\/8708\/revisions\/8710"}],"wp:featuredmedia":[{"embeddable":true,"href":"https:\/\/tribunavm.com.ar\/index.php\/wp-json\/wp\/v2\/media\/8712"}],"wp:attachment":[{"href":"https:\/\/tribunavm.com.ar\/index.php\/wp-json\/wp\/v2\/media?parent=8708"}],"wp:term":[{"taxonomy":"category","embeddable":true,"href":"https:\/\/tribunavm.com.ar\/index.php\/wp-json\/wp\/v2\/categories?post=8708"},{"taxonomy":"post_tag","embeddable":true,"href":"https:\/\/tribunavm.com.ar\/index.php\/wp-json\/wp\/v2\/tags?post=8708"}],"curies":[{"name":"wp","href":"https:\/\/api.w.org\/{rel}","templated":true}]}}