{"id":874,"date":"2020-04-04T21:23:54","date_gmt":"2020-04-04T21:23:54","guid":{"rendered":"https:\/\/tribunavm.com.ar\/?p=874"},"modified":"2020-04-04T22:08:09","modified_gmt":"2020-04-04T22:08:09","slug":"donde-quedo-el-pacto-social","status":"publish","type":"post","link":"https:\/\/tribunavm.com.ar\/index.php\/2020\/04\/04\/donde-quedo-el-pacto-social\/","title":{"rendered":"D\u00f3nde qued\u00f3 el pacto social"},"content":{"rendered":"<div class=\"row clearfix\">\n<div class=\"col-md-8\">\n<h3><i><span style=\"font-weight: 400;\">La empresa Techint anunci\u00f3 1450 despidos. Por su parte el Gobierno Nacional adopta una serie de medidas para amortiguar los efectos negativos sobre la industria y los afectados de forma directa.<\/span><\/i><\/h3>\n<p><span style=\"font-weight: 400;\">La crisis golpea fuerte a algunos sectores de la industria. Y con m\u00e1s de <\/span><b>12millones de personas sumidas en la pobreza e indigencia<\/b><span style=\"font-weight: 400;\"> en Argentina -seg\u00fan los \u00faltimos <a href=\"https:\/\/www.indec.gob.ar\/uploads\/informesdeprensa\/eph_pobreza_02_195EFE752E31.pdf\">n\u00fameros de INDEC<\/a><\/span><span style=\"font-weight: 400;\">, la supervivencia de trabajadores\/as que depende de los ingresos generados por esa actividad se vuelve cada vez m\u00e1s complicada.<\/span><\/p>\n<p><span style=\"font-weight: 400;\">Aunque no sea un asunto generado por los propios trabajadores, esto les afecta directamente, y las ganancias siempre son una prioridad frente a la vida de la poblaci\u00f3n.<\/span><\/p>\n<p><span style=\"color: #ff9900;\"><strong>Por las dudas, despidos<\/strong><\/span><\/p>\n<p><span style=\"font-weight: 400;\">El 25 de marzo se llev\u00f3 a cabo una reuni\u00f3n virtual entre la C\u00e1mara de la Construcci\u00f3n -empresarios-, la <\/span><b>Uni\u00f3n de Obreros de la Construcci\u00f3n (UOCRA)<\/b><span style=\"font-weight: 400;\"> y funcionarios del gobierno nacional de las respectivas \u00e1reas. All\u00ed acordaron una mesa de di\u00e1logo para garantizar las mejores condiciones de los trabajadores del sector frente a la cuarentena dictada por el Gobierno.<\/span><\/p>\n<figure id=\"attachment_876\" aria-describedby=\"caption-attachment-876\" style=\"width: 626px\" class=\"wp-caption aligncenter\"><img loading=\"lazy\" decoding=\"async\" class=\"wp-image-876 size-full\" src=\"https:\/\/tribunavm.com.ar\/wp-content\/uploads\/2020\/04\/Anotaci\u00f3n-2020-04-04-181757.png\" alt=\"\" width=\"626\" height=\"396\" srcset=\"https:\/\/tribunavm.com.ar\/wp-content\/uploads\/2020\/04\/Anotaci\u00f3n-2020-04-04-181757.png 626w, https:\/\/tribunavm.com.ar\/wp-content\/uploads\/2020\/04\/Anotaci\u00f3n-2020-04-04-181757-300x190.png 300w\" sizes=\"(max-width: 626px) 100vw, 626px\" \/><figcaption id=\"caption-attachment-876\" class=\"wp-caption-text\">Seg\u00fan el Informe del Instituto de Estad\u00edstica y Registro de la Industria de la Construcci\u00f3n (Ieric) en el primer mes del a\u00f1o el nivel de los puestos de trabajo registrados descendi\u00f3 14,5% respecto al mismo mes del a\u00f1o anterior.<\/figcaption><\/figure>\n<p><span style=\"font-weight: 400;\">Asimismo, <\/span><b>Aluar<\/b><span style=\"font-weight: 400;\">, la \u00fanica empresa productora de aluminio del pa\u00eds y una de las m\u00e1s grandes de Sudam\u00e9rica, anunci\u00f3 un d\u00eda despu\u00e9s que llevar\u00e1 a su planta de producci\u00f3n de aluminio en Puerto Madryn al 50% de su capacidad.\u00a0<\/span><\/p>\n<p><span style=\"font-weight: 400;\">Por su parte, <\/span><b>Ternium<\/b><span style=\"font-weight: 400;\">, una productora de acero multinacional -parte del grupo Techint- inform\u00f3 que est\u00e1n reduciendo el nivel de operaci\u00f3n en su Centro Industrial San Nicol\u00e1s garantizando s\u00f3lo el m\u00ednimo de dotaci\u00f3n posible para el abastecimiento de sectores esenciales como el de alimentos, salud e higiene.\u00a0<\/span><\/p>\n<p><span style=\"font-weight: 400;\">Al mismo tiempo, la empresa suspendi\u00f3 la producci\u00f3n en las f\u00e1bricas de Canning, Haedo, Ensenada, Florencio Varela y Rosario, <\/span><b>anunciando el despido de 1450 trabajadores.<\/b><\/p>\n<p><span style=\"color: #ff9900;\"><strong>Respuesta y medidas de Gobierno<\/strong><\/span><\/p>\n<p><span style=\"font-weight: 400;\">Ante la situaci\u00f3n, el <\/span><b>ministro de trabajo, Claudio Moroni,<\/b><span style=\"font-weight: 400;\"> dict\u00f3 la conciliaci\u00f3n obligatoria por 15 d\u00edas a la empresa Techint Ingenier\u00eda y Construcciones, obligando a no finalizar los contratos de trabajo. Aunque no todo fue un\u00e1nime.<\/span><\/p>\n<p><b>Miguel \u00c1ngel Toma, integrante del directorio de Techint en representaci\u00f3n de ANSeS <\/b><span style=\"font-weight: 400;\">(funcionario designado por el gobierno de Mauricio Macri), dijo que le repugna que siempre se busque \u201calg\u00fan mecanismo por el cual imputar a alg\u00fan sector con alguna responsabilidad que no tiene en alg\u00fan contexto de crisis&#8221;. Y remat\u00f3 diciendo que &#8220;si el Presidente quiere que no se eche a nadie que haga una ley, no entremos en valoraciones morales&#8221;.<\/span><\/p>\n<p><span style=\"font-weight: 400;\">En cuanto al sector empresario, opinando sobre el contexto de crisis de la industria, el <\/span><b>presidente de Aluar, Javier Madanes Quintanilla<\/b><span style=\"font-weight: 400;\">, dijo que le parece \u201cque lo que ha ocurrido no alcanza solo al grupo Techint\u201d sino tambi\u00e9n \u201ces un llamada de atenci\u00f3n a todo el sector empresario, a toda la dirigencia del sector empresario\u201d.<\/span><\/p>\n<p><span style=\"font-weight: 400;\">En paralelo, <\/span><b>Rodolfo Daer, secretario de Industria de la CGT<\/b><span style=\"font-weight: 400;\">, dijo que la central entreg\u00f3 al ministro una propuesta para \u201cque no haya suspensiones ni despidos dejando por un tiempo sin efecto dos art\u00edculos (247 y 245) de la<a href=\"http:\/\/servicios.infoleg.gob.ar\/infolegInternet\/anexos\/25000-29999\/25552\/texact.htm\"> Ley de Contrato de Trabajo<\/a><\/span><span style=\"font-weight: 400;\">&#8220;.<\/span><\/p>\n<p><span style=\"font-weight: 400;\">Su <\/span><b>secretario general, H\u00e9ctor Daer,<\/b><span style=\"font-weight: 400;\"> dijo que &#8220;la realidad es que hay m\u00e1s de 300 mil empresas que est\u00e1n afectadas por la cuarentena. Si no encontramos una salida vamos a empezar a tener este tipo de situaciones&#8221;. Y como propuesta enunci\u00f3 el armado de \u201cprotocolos o alg\u00fan esquema diferencial para ciertos sectores industriales o de la construcci\u00f3n que no est\u00e1n centralizados en los centros urbanos&#8221;.<\/span><\/p>\n<p><span style=\"font-weight: 400;\">En la ciudad, pudimos conversar con <\/span><b>Miguel Ver\u00f3n, secretario general de UOCRA Villa Mar\u00eda<\/b><span style=\"font-weight: 400;\">, donde dijo que es momento de exigirle a las grandes firmas que disminuyan sus ganancias para no empeorar la \u201cya grave situaci\u00f3n en la que se encontraban los trabajadores\u201d.\u00a0<\/span><\/p>\n<p><span style=\"font-weight: 400;\">Tambi\u00e9n denunci\u00f3 a obras en R\u00edo Tercero y San Francisco por el despido de trabajadores, diciendo que \u201ccuando termine esta cuarentena vamos a salir de vuelta a la calle, a luchar como siempre\u201d.<\/span><\/p>\n<figure id=\"attachment_877\" aria-describedby=\"caption-attachment-877\" style=\"width: 1024px\" class=\"wp-caption aligncenter\"><img loading=\"lazy\" decoding=\"async\" class=\"wp-image-877 size-large\" src=\"https:\/\/tribunavm.com.ar\/wp-content\/uploads\/2020\/04\/gallery-villa-maria-10-1024x358.jpg\" alt=\"\" width=\"1024\" height=\"358\" srcset=\"https:\/\/tribunavm.com.ar\/wp-content\/uploads\/2020\/04\/gallery-villa-maria-10-1024x358.jpg 1024w, https:\/\/tribunavm.com.ar\/wp-content\/uploads\/2020\/04\/gallery-villa-maria-10-300x105.jpg 300w, https:\/\/tribunavm.com.ar\/wp-content\/uploads\/2020\/04\/gallery-villa-maria-10-768x269.jpg 768w, https:\/\/tribunavm.com.ar\/wp-content\/uploads\/2020\/04\/gallery-villa-maria-10-1536x538.jpg 1536w, https:\/\/tribunavm.com.ar\/wp-content\/uploads\/2020\/04\/gallery-villa-maria-10-750x263.jpg 750w, https:\/\/tribunavm.com.ar\/wp-content\/uploads\/2020\/04\/gallery-villa-maria-10-1140x399.jpg 1140w, https:\/\/tribunavm.com.ar\/wp-content\/uploads\/2020\/04\/gallery-villa-maria-10.jpg 1920w\" sizes=\"(max-width: 1024px) 100vw, 1024px\" \/><figcaption id=\"caption-attachment-877\" class=\"wp-caption-text\">En la ciudad, la Termoel\u00e9ctrica (MSU) el a\u00f1o pasado contaba con 1000 trabajadores de la construcci\u00f3n, mientras que hoy solo con 180.<\/figcaption><\/figure>\n<p><strong><span style=\"color: #ff9900;\">Los pactos est\u00e1n para romperse<\/span><\/strong><\/p>\n<p><span style=\"font-weight: 400;\">Los sectores que acompa\u00f1aron al actual Gobierno Nacional en su campa\u00f1a y en los primeros meses de mandato, constitu\u00edan una alianza llamada \u201cpacto social\u201d desde la cual se defin\u00eda la pol\u00edtica de Estado.<\/span><span style=\"font-weight: 400;\"><br \/>\n<\/span><span style=\"font-weight: 400;\">Este pacto promet\u00eda la reconstrucci\u00f3n de una nueva Argentina, con su foco puesto en la industria nacional, el desarrollo del consumo interno y la mejora en las situaciones laborales. Aunque frente a este escenario de crisis la balanza cambi\u00f3 para estos grandes sectores industriales, quedando muy por debajo de las grandes financieras<\/span><span style=\"font-weight: 400;\">\u00a0y <a href=\"https:\/\/tribunavm.com.ar\/index.php\/2020\/03\/30\/las-ganancias-no-cumplen-cuarentena\/\">agroexportadoras<\/a><\/span><span style=\"font-weight: 400;\">, las cuales hoy concentran los beneficios de la crisis.<\/span><\/p>\n<blockquote class=\"pullquote align-left\"><p><span style=\"font-weight: 400;\">El cambio de direcci\u00f3n en los sectores que hoy dirigen el Estado se dio por \u201cuna lucha de intereses, y el inter\u00e9s del capitalismo es acumular, acumular y acumular\u201d &#8211; Miguel Ver\u00f3n, Sec. Gral. de UOCRA<\/span><\/p><\/blockquote>\n<p><span style=\"font-weight: 400;\">Tomado de la propuesta de la CGT, el Gobierno Nacional a trav\u00e9s del <a href=\"http:\/\/servicios.infoleg.gob.ar\/infolegInternet\/anexos\/335000-339999\/335976\/norma.htm\">decreto 329\/2020<\/a><\/span><span style=\"font-weight: 400;\">, publicado el martes 31 de marzo en el Bolet\u00edn Oficial, el Gobierno prohibi\u00f3 los despidos y las suspensiones por dos meses.<\/span><\/p>\n<p><span style=\"font-weight: 400;\">La opini\u00f3n del <\/span><b>vicepresidente de la Uni\u00f3n Industrial Argentina y presidente de la Copal, Daniel Funes de Rioja<\/b><span style=\"font-weight: 400;\">, fue que \u201cno se puede tener paralizaci\u00f3n de actividades a salario pleno, y adem\u00e1s esto implica sobrecostos muy grandes\u201d, en alusi\u00f3n a las medidas adoptadas por el Gobierno Nacional. Tambi\u00e9n le dijo al presidente que \u201csi uno mira las cifras de 2018 \u00f3 2019, el sector industrial ha estado con n\u00fameros negativos\u201d, por eso &#8220;hay empresas que tienen patrimonio, no ganancias&#8221;.<\/span><\/p>\n<p><span style=\"font-weight: 400;\">El impacto de la crisis viene cavando fuerte, y no se avizoran soluciones al corto plazo. Por abajo, se abre la posibilidad de construir con soluciones a esos problemas el camino propio, sin el caudillaje de ninguno de los sectores que hist\u00f3ricamente mantuvieron dominados a los\/las trabajadores\/as para aumentar sus ganancias.\u00a0<\/span><\/p>\n<p><span style=\"font-weight: 400;\">Ese nuevo camino depende de nosotros y nosotras mismas.<\/span><\/p>\n<\/div>\n<div class=\"col-md-3\">\n<p>&nbsp;<\/p>\n<\/div>\n<\/div>\n","protected":false},"excerpt":{"rendered":"<p>La empresa Techint anunci\u00f3 1450 despidos. Por su parte el Gobierno Nacional adopta una serie de medidas para amortiguar los efectos negativos sobre la industria y los afectados de forma directa. La crisis golpea fuerte a algunos sectores de la industria. Y con m\u00e1s de 12millones de personas sumidas en la pobreza e indigencia en [&hellip;]<\/p>\n","protected":false},"author":2,"featured_media":875,"comment_status":"open","ping_status":"open","sticky":false,"template":"","format":"standard","meta":{"_exactmetrics_skip_tracking":false,"_exactmetrics_sitenote_active":false,"_exactmetrics_sitenote_note":"","_exactmetrics_sitenote_category":0,"jnews-multi-image_gallery":[],"jnews_single_post":{"source_name":"","source_url":"","via_name":"","via_url":"","override_template":"0","override":[{"template":"1","single_blog_custom":"","parallax":"1","fullscreen":"0","layout":"right-sidebar","sidebar":"default-sidebar","second_sidebar":"default-sidebar","sticky_sidebar":"1","share_position":"top","share_float_style":"share-monocrhome","show_share_counter":"1","show_view_counter":"1","show_featured":"1","show_post_meta":"1","show_post_author":"1","show_post_author_image":"1","show_post_date":"1","post_date_format":"default","post_date_format_custom":"Y\/m\/d","show_post_category":"1","show_post_reading_time":"0","post_reading_time_wpm":"300","show_zoom_button":"0","zoom_button_out_step":"2","zoom_button_in_step":"3","show_post_tag":"1","show_prev_next_post":"1","show_popup_post":"1","number_popup_post":"1","show_author_box":"0","show_post_related":"0","show_inline_post_related":"0"}],"override_image_size":"0","image_override":[{"single_post_thumbnail_size":"crop-500","single_post_gallery_size":"crop-500"}],"trending_post":"0","trending_post_position":"meta","trending_post_label":"Trending"},"jnews_primary_category":{"id":"22"},"jnews_social_meta":{"fb_title":"","fb_description":"","fb_image":"","twitter_title":"","twitter_description":"","twitter_image":""},"jnews_override_counter":[],"_joinchat":[],"footnotes":""},"categories":[22],"tags":[76,72,36,35],"class_list":["post-874","post","type-post","status-publish","format-standard","has-post-thumbnail","hentry","category-actualidad","tag-construccion","tag-edicion-digital","tag-que-paso","tag-trabajadores"],"_links":{"self":[{"href":"https:\/\/tribunavm.com.ar\/index.php\/wp-json\/wp\/v2\/posts\/874"}],"collection":[{"href":"https:\/\/tribunavm.com.ar\/index.php\/wp-json\/wp\/v2\/posts"}],"about":[{"href":"https:\/\/tribunavm.com.ar\/index.php\/wp-json\/wp\/v2\/types\/post"}],"author":[{"embeddable":true,"href":"https:\/\/tribunavm.com.ar\/index.php\/wp-json\/wp\/v2\/users\/2"}],"replies":[{"embeddable":true,"href":"https:\/\/tribunavm.com.ar\/index.php\/wp-json\/wp\/v2\/comments?post=874"}],"version-history":[{"count":8,"href":"https:\/\/tribunavm.com.ar\/index.php\/wp-json\/wp\/v2\/posts\/874\/revisions"}],"predecessor-version":[{"id":892,"href":"https:\/\/tribunavm.com.ar\/index.php\/wp-json\/wp\/v2\/posts\/874\/revisions\/892"}],"wp:featuredmedia":[{"embeddable":true,"href":"https:\/\/tribunavm.com.ar\/index.php\/wp-json\/wp\/v2\/media\/875"}],"wp:attachment":[{"href":"https:\/\/tribunavm.com.ar\/index.php\/wp-json\/wp\/v2\/media?parent=874"}],"wp:term":[{"taxonomy":"category","embeddable":true,"href":"https:\/\/tribunavm.com.ar\/index.php\/wp-json\/wp\/v2\/categories?post=874"},{"taxonomy":"post_tag","embeddable":true,"href":"https:\/\/tribunavm.com.ar\/index.php\/wp-json\/wp\/v2\/tags?post=874"}],"curies":[{"name":"wp","href":"https:\/\/api.w.org\/{rel}","templated":true}]}}