{"id":8745,"date":"2023-08-05T21:08:06","date_gmt":"2023-08-05T21:08:06","guid":{"rendered":"https:\/\/tribunavm.com.ar\/?p=8745"},"modified":"2023-08-05T21:08:24","modified_gmt":"2023-08-05T21:08:24","slug":"8745","status":"publish","type":"post","link":"https:\/\/tribunavm.com.ar\/index.php\/2023\/08\/05\/8745\/","title":{"rendered":"Segunda cumbre Rusia-\u00c1frica"},"content":{"rendered":"<div class=\"row clearfix\">\n<div class=\"col-md-8\">\n<p><span style=\"color: #212121; font-size: 1.5em; letter-spacing: -0.01em;\">La Federaci\u00f3n Rusa y 49 delegaciones de Estados y organismos africanos se reunieron en San Petersburgo para discutir una agenda com\u00fan.<\/span><\/p>\n<p><span style=\"font-weight: 400;\"><span class=\"dropcap \" style=\"background-color: #ffffff; color: #dd9933; border-color: #ffffff;\">E<\/span>l encuentro, realizado los d\u00edas 28 y 29 de julio, fu\u00e9 la segunda cumbre que busc\u00f3 fortalecer el di\u00e1logo ruso-africano tras la primera realizada en 2019. Bajo el lema &#8220;Por la paz, la seguridad y el desarrollo&#8221;, el evento fu\u00e9 el marco para la discusi\u00f3n de diversos t\u00f3picos como la \u201csoberan\u00eda alimentaria\u201d del continente africano, la cooperaci\u00f3n ruso-africana en cuestiones comerciales, econ\u00f3micas, cient\u00edficas, culturales y securitarias, la participaci\u00f3n rusa en proyectos de infraestructura y el llamado \u201cPlan de Acci\u00f3n\u201d del Foro de Asociaci\u00f3n Rusia-\u00c1frica hasta 2026.<\/span><\/p>\n<p><span style=\"font-weight: 400;\">Cabe resaltar que tambi\u00e9n se puso en debate el planteo de abandonar paulatinamente el uso del d\u00f3lar como moneda de referencia para transacciones comerciales. En este sentido, <\/span><span style=\"font-weight: 400;\">Vladimir Putin, presidente de Rusia, asegur\u00f3 que \u201cel objetivo es aumentar cualitativa y cuantitativamente el comercio mutuo y mejorar su estructura. Tambi\u00e9n estamos hablando de pasar sistem\u00e1ticamente a las monedas nacionales, incluido el rublo, en las liquidaciones financieras de las transacciones comerciales&#8221;.\u00a0<\/span><\/p>\n<p><span style=\"font-weight: 400;\">Asimismo, en relaci\u00f3n al v\u00ednculo econ\u00f3mico entre Rusia y \u00c1frica, el mandatario ruso asegur\u00f3, sin especificar per\u00edodos ni beneficiarios, que desde Mosc\u00fa se hab\u00edan condonado deudas de Estados africanos por 23.000 millones de d\u00f3lares.<\/span><\/p>\n<p><span style=\"font-weight: 400;\">En el marco de la cumbre, se cerraron acuerdos de \u201ccooperaci\u00f3n t\u00e9cnico-militar\u201d con m\u00e1s de 40 pa\u00edses de \u00c1frica. Estos contratos implican la entrega de armas y material b\u00e9lico \u201ccon el fin de fortalecer la capacidad defensiva de los pa\u00edses del continente\u201d como explicit\u00f3 Put\u00edn.<\/span><\/p>\n<p><span style=\"font-weight: 400;\">En el documento final del evento, se alude a la aprobaci\u00f3n del \u201cPlan de Acci\u00f3n\u201d, el cual implica fortalecer el v\u00ednculo ruso-africano en diversas aristas tales como la producci\u00f3n de medicamentos, el desarrollo de mecanismos de seguridad, el comercio, los proyectos energ\u00e9ticos, la tecnolog\u00eda, entre otros.<\/span><\/p>\n<p><span style=\"font-weight: 400;\">Asimismo, se plantea el compromiso de \u201cpromover la culminaci\u00f3n del proceso de descolonizaci\u00f3n de \u00c1frica y buscar compensaciones por los da\u00f1os econ\u00f3micos y humanitarios infligidos a los Estados africanos como resultado de las pol\u00edticas coloniales, incluida la restituci\u00f3n de los bienes culturales arrebatados en el proceso de expolio colonial&#8221;.<\/span><\/p>\n<p><span style=\"font-weight: 400;\">Entre los presentes, destacan Estados centrales en \u00c1frica como Egipto, Sud\u00e1frica y Etiop\u00eda. Por otro lado, hubo ausencia de pa\u00edses como la Rep\u00fablica Democr\u00e1tica del Congo, Kenia y Nigeria.<\/span><\/p>\n<\/div>\n<\/div>\n","protected":false},"excerpt":{"rendered":"<p>La Federaci\u00f3n Rusa y 49 delegaciones de Estados y organismos africanos se reunieron en San Petersburgo para discutir una agenda com\u00fan.<\/p>\n","protected":false},"author":2,"featured_media":8746,"comment_status":"open","ping_status":"open","sticky":false,"template":"","format":"standard","meta":{"_exactmetrics_skip_tracking":false,"_exactmetrics_sitenote_active":false,"_exactmetrics_sitenote_note":"","_exactmetrics_sitenote_category":0,"jnews-multi-image_gallery":[],"jnews_single_post":{"source_name":"","source_url":"","via_name":"","via_url":"","override_template":"0","override":[{"template":"1","single_blog_custom":"","parallax":"1","fullscreen":"1","layout":"right-sidebar","sidebar":"default-sidebar","second_sidebar":"default-sidebar","sticky_sidebar":"1","share_position":"top","share_float_style":"share-monocrhome","show_share_counter":"1","show_view_counter":"1","show_featured":"1","show_post_meta":"1","show_post_author":"1","show_post_author_image":"1","show_post_date":"1","post_date_format":"default","post_date_format_custom":"Y\/m\/d","show_post_category":"1","show_post_reading_time":"0","post_reading_time_wpm":"300","show_zoom_button":"0","zoom_button_out_step":"2","zoom_button_in_step":"3","show_post_tag":"1","show_prev_next_post":"1","show_popup_post":"1","number_popup_post":"1","show_author_box":"0","show_post_related":"0","show_inline_post_related":"0"}],"override_image_size":"0","image_override":[{"single_post_thumbnail_size":"crop-500","single_post_gallery_size":"crop-500"}],"trending_post":"0","trending_post_position":"meta","trending_post_label":"Trending","sponsored_post":"0","sponsored_post_label":"Sponsored by","sponsored_post_name":"","sponsored_post_url":"","sponsored_post_logo_enable":"0","sponsored_post_logo":"","sponsored_post_desc":""},"jnews_primary_category":{"id":"276"},"jnews_social_meta":{"fb_title":"","fb_description":"","fb_image":"","twitter_title":"","twitter_description":"","twitter_image":""},"jnews_override_counter":{"override_view_counter":"0","view_counter_number":"0","override_share_counter":"0","share_counter_number":"0","override_like_counter":"0","like_counter_number":"0","override_dislike_counter":"0","dislike_counter_number":"0"},"_joinchat":[],"footnotes":""},"categories":[276],"tags":[301,75],"class_list":["post-8745","post","type-post","status-publish","format-standard","has-post-thumbnail","hentry","category-internacional","tag-edicion-115","tag-internacional"],"_links":{"self":[{"href":"https:\/\/tribunavm.com.ar\/index.php\/wp-json\/wp\/v2\/posts\/8745"}],"collection":[{"href":"https:\/\/tribunavm.com.ar\/index.php\/wp-json\/wp\/v2\/posts"}],"about":[{"href":"https:\/\/tribunavm.com.ar\/index.php\/wp-json\/wp\/v2\/types\/post"}],"author":[{"embeddable":true,"href":"https:\/\/tribunavm.com.ar\/index.php\/wp-json\/wp\/v2\/users\/2"}],"replies":[{"embeddable":true,"href":"https:\/\/tribunavm.com.ar\/index.php\/wp-json\/wp\/v2\/comments?post=8745"}],"version-history":[{"count":2,"href":"https:\/\/tribunavm.com.ar\/index.php\/wp-json\/wp\/v2\/posts\/8745\/revisions"}],"predecessor-version":[{"id":8748,"href":"https:\/\/tribunavm.com.ar\/index.php\/wp-json\/wp\/v2\/posts\/8745\/revisions\/8748"}],"wp:featuredmedia":[{"embeddable":true,"href":"https:\/\/tribunavm.com.ar\/index.php\/wp-json\/wp\/v2\/media\/8746"}],"wp:attachment":[{"href":"https:\/\/tribunavm.com.ar\/index.php\/wp-json\/wp\/v2\/media?parent=8745"}],"wp:term":[{"taxonomy":"category","embeddable":true,"href":"https:\/\/tribunavm.com.ar\/index.php\/wp-json\/wp\/v2\/categories?post=8745"},{"taxonomy":"post_tag","embeddable":true,"href":"https:\/\/tribunavm.com.ar\/index.php\/wp-json\/wp\/v2\/tags?post=8745"}],"curies":[{"name":"wp","href":"https:\/\/api.w.org\/{rel}","templated":true}]}}