{"id":8749,"date":"2023-08-05T21:19:19","date_gmt":"2023-08-05T21:19:19","guid":{"rendered":"https:\/\/tribunavm.com.ar\/?p=8749"},"modified":"2023-08-05T21:19:19","modified_gmt":"2023-08-05T21:19:19","slug":"israel-el-parlamento-aprueba-una-ley-clave-para-la-reforma-judicial","status":"publish","type":"post","link":"https:\/\/tribunavm.com.ar\/index.php\/2023\/08\/05\/israel-el-parlamento-aprueba-una-ley-clave-para-la-reforma-judicial\/","title":{"rendered":"Israel: el Parlamento aprueba una ley clave para la reforma judicial"},"content":{"rendered":"<div class=\"row clearfix\">\n<div class=\"col-md-8\">\n<p><span style=\"color: #212121; font-size: 1.5em; letter-spacing: -0.01em;\">El gobierno de Netanyahu logr\u00f3 dar el primer paso para lograr la reforma judicial. En el marco de las protestas contra la misma, al menos 19 personas fueron arrestadas y cinco resultaron heridas.<\/span><\/p>\n<p><span style=\"font-weight: 400;\"><span class=\"dropcap \" style=\"background-color: #ffffff; color: #dd9933; border-color: #ffffff;\">E<\/span>l lunes 24 de julio, los 64 diputados de la coalici\u00f3n de gobierno votaron a favor de la \u201cLey de Razonabilidad\u201d. Seg\u00fan la misma, la Corte Suprema no podr\u00e1 \u201cadjudicar el asunto de la razonabilidad a una decisi\u00f3n del gobierno, del primer ministro o de otro ministro, o de otro funcionario electo seg\u00fan lo determine la ley, y no emitir\u00e1n una orden hacia ninguno de ellos sobre la cuesti\u00f3n mencionada\u201d.<\/span><\/p>\n<p><span style=\"font-weight: 400;\">La sesi\u00f3n de la Knesset, el Parlamento de Israel, no cont\u00f3 con la presencia de los 56 legisladores de la oposici\u00f3n, quienes se retiraron del recinto manifestando que la discusi\u00f3n de la ley era una \u201cverg\u00fcenza\u201d.<\/span><\/p>\n<p><span style=\"font-weight: 400;\">Mientras tanto, las calles de Jerusal\u00e9n se vieron convulsionadas por las manifestaciones en contra de la reforma judicial, la cual atenta, seg\u00fan sus opositores, contra la independencia del poder judicial y la democracia de Israel. En este marco, el presidente israel\u00ed, Isaac Herzog del Partido Laborista -opositor a Netanyahu-, expres\u00f3 que se vive \u201cun estado de emergencia nacional\u201d.<\/span><\/p>\n<p><span style=\"font-weight: 400;\">Las manifestaciones en contra de la ley y la reforma han congregado a decenas de miles de personas en el \u00faltimo tiempo. Sindicatos han declarado huelgas, como lo hicieron los m\u00e9dicos, entre otras medidas de fuerza. Asimismo, empresas privadas y otras entidades han acompa\u00f1ado la lucha cerrando sus puertas o asegurando el pago de los salarios a quienes participen de las movilizaciones.<\/span><\/p>\n<\/div>\n<\/div>\n","protected":false},"excerpt":{"rendered":"<p>El gobierno de Netanyahu logr\u00f3 dar el primer paso para lograr la reforma judicial. En el marco de las protestas contra la misma, al menos 19 personas fueron arrestadas y cinco resultaron heridas.<\/p>\n","protected":false},"author":2,"featured_media":8751,"comment_status":"open","ping_status":"open","sticky":false,"template":"","format":"standard","meta":{"_exactmetrics_skip_tracking":false,"_exactmetrics_sitenote_active":false,"_exactmetrics_sitenote_note":"","_exactmetrics_sitenote_category":0,"jnews-multi-image_gallery":[],"jnews_single_post":{"source_name":"","source_url":"","via_name":"","via_url":"","override_template":"0","override":[{"template":"1","single_blog_custom":"","parallax":"1","fullscreen":"1","layout":"right-sidebar","sidebar":"default-sidebar","second_sidebar":"default-sidebar","sticky_sidebar":"1","share_position":"top","share_float_style":"share-monocrhome","show_share_counter":"1","show_view_counter":"1","show_featured":"1","show_post_meta":"1","show_post_author":"1","show_post_author_image":"1","show_post_date":"1","post_date_format":"default","post_date_format_custom":"Y\/m\/d","show_post_category":"1","show_post_reading_time":"0","post_reading_time_wpm":"300","show_zoom_button":"0","zoom_button_out_step":"2","zoom_button_in_step":"3","show_post_tag":"1","show_prev_next_post":"1","show_popup_post":"1","number_popup_post":"1","show_author_box":"0","show_post_related":"0","show_inline_post_related":"0"}],"override_image_size":"0","image_override":[{"single_post_thumbnail_size":"crop-500","single_post_gallery_size":"crop-500"}],"trending_post":"0","trending_post_position":"meta","trending_post_label":"Trending","sponsored_post":"0","sponsored_post_label":"Sponsored by","sponsored_post_name":"","sponsored_post_url":"","sponsored_post_logo_enable":"0","sponsored_post_logo":"","sponsored_post_desc":""},"jnews_primary_category":{"id":"276"},"jnews_social_meta":{"fb_title":"","fb_description":"","fb_image":"","twitter_title":"","twitter_description":"","twitter_image":""},"jnews_override_counter":{"override_view_counter":"0","view_counter_number":"0","override_share_counter":"0","share_counter_number":"0","override_like_counter":"0","like_counter_number":"0","override_dislike_counter":"0","dislike_counter_number":"0"},"_joinchat":[],"footnotes":""},"categories":[276],"tags":[301,75,85],"class_list":["post-8749","post","type-post","status-publish","format-standard","has-post-thumbnail","hentry","category-internacional","tag-edicion-115","tag-internacional","tag-movilizaciones"],"_links":{"self":[{"href":"https:\/\/tribunavm.com.ar\/index.php\/wp-json\/wp\/v2\/posts\/8749"}],"collection":[{"href":"https:\/\/tribunavm.com.ar\/index.php\/wp-json\/wp\/v2\/posts"}],"about":[{"href":"https:\/\/tribunavm.com.ar\/index.php\/wp-json\/wp\/v2\/types\/post"}],"author":[{"embeddable":true,"href":"https:\/\/tribunavm.com.ar\/index.php\/wp-json\/wp\/v2\/users\/2"}],"replies":[{"embeddable":true,"href":"https:\/\/tribunavm.com.ar\/index.php\/wp-json\/wp\/v2\/comments?post=8749"}],"version-history":[{"count":1,"href":"https:\/\/tribunavm.com.ar\/index.php\/wp-json\/wp\/v2\/posts\/8749\/revisions"}],"predecessor-version":[{"id":8752,"href":"https:\/\/tribunavm.com.ar\/index.php\/wp-json\/wp\/v2\/posts\/8749\/revisions\/8752"}],"wp:featuredmedia":[{"embeddable":true,"href":"https:\/\/tribunavm.com.ar\/index.php\/wp-json\/wp\/v2\/media\/8751"}],"wp:attachment":[{"href":"https:\/\/tribunavm.com.ar\/index.php\/wp-json\/wp\/v2\/media?parent=8749"}],"wp:term":[{"taxonomy":"category","embeddable":true,"href":"https:\/\/tribunavm.com.ar\/index.php\/wp-json\/wp\/v2\/categories?post=8749"},{"taxonomy":"post_tag","embeddable":true,"href":"https:\/\/tribunavm.com.ar\/index.php\/wp-json\/wp\/v2\/tags?post=8749"}],"curies":[{"name":"wp","href":"https:\/\/api.w.org\/{rel}","templated":true}]}}