{"id":8759,"date":"2023-08-05T22:12:34","date_gmt":"2023-08-05T22:12:34","guid":{"rendered":"https:\/\/tribunavm.com.ar\/?p=8759"},"modified":"2023-08-06T00:34:15","modified_gmt":"2023-08-06T00:34:15","slug":"bolivia-e-iran-realizan-un-acuerdo-de-defensa","status":"publish","type":"post","link":"https:\/\/tribunavm.com.ar\/index.php\/2023\/08\/05\/bolivia-e-iran-realizan-un-acuerdo-de-defensa\/","title":{"rendered":"Bolivia e Ir\u00e1n realizan un acuerdo de defensa"},"content":{"rendered":"<div class=\"row clearfix\">\n<div class=\"col-md-8\">\n<p><span style=\"color: #212121; font-size: 1.5em; letter-spacing: -0.01em;\">Ambos pa\u00edses firmaron un memor\u00e1ndum de entendimiento para ampliar el v\u00ednculo de cooperaci\u00f3n en materia de seguridad, lucha contra el narcotr\u00e1fico y vigilancia de las fronteras del pa\u00eds sudamericano.<\/span><\/p>\n<p><span style=\"font-weight: 400;\"><span class=\"dropcap \" style=\"background-color: #ffffff; color: #dd9933; border-color: #ffffff;\">E<\/span>l jueves 20 de julio, los ministros de Defensa de Bolivia e Ir\u00e1n, Edmundo Novillo Aguilar y Mohammad Reza Ashtiani, firmaron el acuerdo en Teher\u00e1n, la capital del pa\u00eds persa.<\/span><\/p>\n<p><span style=\"font-weight: 400;\">El acuerdo incluye la venta de material para defensa y el entrenamiento del personal boliviano con el fin de garantizar la seguridad en las fronteras y combatir el narcotr\u00e1fico.<\/span><\/p>\n<p><span style=\"font-weight: 400;\">En este sentido, Ashtiani declar\u00f3 que \u201ca la luz de las necesidades cr\u00edticas de Bolivia en materia de defensa de fronteras y de lucha contra el narcotr\u00e1fico, estableceremos activamente colaboraciones en equipos y conocimientos especializados con ese pa\u00eds\u201d.<\/span><\/p>\n<p><span style=\"font-weight: 400;\">A pesar de la cl\u00e1usula de confidencialidad que impide el conocimiento preciso del acuerdo, el ministro de defensa boliviano explic\u00f3 que entre el material que Ir\u00e1n se comprometi\u00f3 a suministrar a las fuerzas bolivianas, se encuentran drones no tripulados destinados al control de las fronteras.<\/span><\/p>\n<p><span style=\"font-weight: 400;\">Tras el encuentro de los funcionarios y tras la vuelta de Novillo Aguilar a Bolivia, desde la Canciller\u00eda argentina se solicit\u00f3 informaci\u00f3n respecto a los \u201calcances de las conversaciones y posibles acuerdos\u201d firmados entre ambos pa\u00edses.<\/span><\/p>\n<p><span style=\"font-weight: 400;\">Por su lado, la \u201cDAIA, entidad representativa de la comunidad jud\u00eda argentina, alerta sobre los riesgos para la seguridad de la Argentina y de la regi\u00f3n. Tras haberse conocido el convenio de defensa firmado por Bolivia con Ir\u00e1n, pa\u00eds vinculado a la agrupaci\u00f3n terrorista Hezbollah y responsable del atentado perpetrado contra la sede de la AMIA-DAIA que caus\u00f3 85 muertos y m\u00e1s de 300 heridos\u201d, afirma en un comunicado.<\/span><\/p>\n<\/div>\n<\/div>\n","protected":false},"excerpt":{"rendered":"<p>Ambos pa\u00edses firmaron un memor\u00e1ndum de entendimiento para ampliar el v\u00ednculo de cooperaci\u00f3n en materia securitaria, lucha contra el narcotr\u00e1fico y vigilancia de las fronteras del pa\u00eds sudamericano.<\/p>\n","protected":false},"author":2,"featured_media":8760,"comment_status":"open","ping_status":"open","sticky":false,"template":"","format":"standard","meta":{"_exactmetrics_skip_tracking":false,"_exactmetrics_sitenote_active":false,"_exactmetrics_sitenote_note":"","_exactmetrics_sitenote_category":0,"jnews-multi-image_gallery":[],"jnews_single_post":{"source_name":"","source_url":"","via_name":"","via_url":"","override_template":"0","override":[{"template":"1","single_blog_custom":"","parallax":"1","fullscreen":"1","layout":"right-sidebar","sidebar":"default-sidebar","second_sidebar":"default-sidebar","sticky_sidebar":"1","share_position":"top","share_float_style":"share-monocrhome","show_share_counter":"1","show_view_counter":"1","show_featured":"1","show_post_meta":"1","show_post_author":"1","show_post_author_image":"1","show_post_date":"1","post_date_format":"default","post_date_format_custom":"Y\/m\/d","show_post_category":"1","show_post_reading_time":"0","post_reading_time_wpm":"300","show_zoom_button":"0","zoom_button_out_step":"2","zoom_button_in_step":"3","show_post_tag":"1","show_prev_next_post":"1","show_popup_post":"1","number_popup_post":"1","show_author_box":"0","show_post_related":"0","show_inline_post_related":"0"}],"override_image_size":"0","image_override":[{"single_post_thumbnail_size":"crop-500","single_post_gallery_size":"crop-500"}],"trending_post":"0","trending_post_position":"meta","trending_post_label":"Trending","sponsored_post":"0","sponsored_post_label":"Sponsored by","sponsored_post_name":"","sponsored_post_url":"","sponsored_post_logo_enable":"0","sponsored_post_logo":"","sponsored_post_desc":""},"jnews_primary_category":{"id":"277"},"jnews_social_meta":{"fb_title":"","fb_description":"","fb_image":"","twitter_title":"","twitter_description":"","twitter_image":""},"jnews_override_counter":{"override_view_counter":"0","view_counter_number":"0","override_share_counter":"0","share_counter_number":"0","override_like_counter":"0","like_counter_number":"0","override_dislike_counter":"0","dislike_counter_number":"0"},"_joinchat":[],"footnotes":""},"categories":[277],"tags":[301,69,240],"class_list":["post-8759","post","type-post","status-publish","format-standard","has-post-thumbnail","hentry","category-latinoamerica","tag-edicion-115","tag-latinoamerica","tag-militar"],"_links":{"self":[{"href":"https:\/\/tribunavm.com.ar\/index.php\/wp-json\/wp\/v2\/posts\/8759"}],"collection":[{"href":"https:\/\/tribunavm.com.ar\/index.php\/wp-json\/wp\/v2\/posts"}],"about":[{"href":"https:\/\/tribunavm.com.ar\/index.php\/wp-json\/wp\/v2\/types\/post"}],"author":[{"embeddable":true,"href":"https:\/\/tribunavm.com.ar\/index.php\/wp-json\/wp\/v2\/users\/2"}],"replies":[{"embeddable":true,"href":"https:\/\/tribunavm.com.ar\/index.php\/wp-json\/wp\/v2\/comments?post=8759"}],"version-history":[{"count":3,"href":"https:\/\/tribunavm.com.ar\/index.php\/wp-json\/wp\/v2\/posts\/8759\/revisions"}],"predecessor-version":[{"id":8831,"href":"https:\/\/tribunavm.com.ar\/index.php\/wp-json\/wp\/v2\/posts\/8759\/revisions\/8831"}],"wp:featuredmedia":[{"embeddable":true,"href":"https:\/\/tribunavm.com.ar\/index.php\/wp-json\/wp\/v2\/media\/8760"}],"wp:attachment":[{"href":"https:\/\/tribunavm.com.ar\/index.php\/wp-json\/wp\/v2\/media?parent=8759"}],"wp:term":[{"taxonomy":"category","embeddable":true,"href":"https:\/\/tribunavm.com.ar\/index.php\/wp-json\/wp\/v2\/categories?post=8759"},{"taxonomy":"post_tag","embeddable":true,"href":"https:\/\/tribunavm.com.ar\/index.php\/wp-json\/wp\/v2\/tags?post=8759"}],"curies":[{"name":"wp","href":"https:\/\/api.w.org\/{rel}","templated":true}]}}