{"id":8894,"date":"2023-08-20T02:55:58","date_gmt":"2023-08-20T02:55:58","guid":{"rendered":"https:\/\/tribunavm.com.ar\/?p=8894"},"modified":"2023-08-20T03:41:42","modified_gmt":"2023-08-20T03:41:42","slug":"conflicto-del-transporte-urbano","status":"publish","type":"post","link":"https:\/\/tribunavm.com.ar\/index.php\/2023\/08\/20\/conflicto-del-transporte-urbano\/","title":{"rendered":"Conflicto del transporte urbano"},"content":{"rendered":"<div class=\"row clearfix\">\n<div class=\"col-md-8\">\n<div class=\"intro-text\">\n<p><span style=\"font-weight: 400;\">Trabajadores del transporte realizaron un paro por la falta de pagos de la empresa Trans Bus SRL que se extendi\u00f3 durante varios d\u00edas.<\/span><\/p>\n<\/div>\n<p><span style=\"font-weight: 400;\"><span class=\"dropcap \" style=\"background-color: #ffffff; color: #dd9933; border-color: #ffffff;\">E<\/span><\/span><\/p>\n<p><span style=\"font-weight: 400;\">El 7 de agosto los trabajadores de Trans Bus SRL realizaron un paro durante tres d\u00edas tras no percibir sus salarios. La medida fue acompa\u00f1ada por una asamblea que se realiz\u00f3 en las oficinas de transporte para discutir la situaci\u00f3n.<\/span><\/p>\n<p><span style=\"font-weight: 400;\">Esta acci\u00f3n recibi\u00f3 el apoyo de diferentes agrupaciones estudiantiles de la Universidad Nacional de Villa Mar\u00eda quienes se expresaron en un comunicado exigiendo el pago de los salarios y la restauraci\u00f3n del servicio de transporte p\u00fablico en la ciudad.\u00a0<\/span><\/p>\n<p><span style=\"color: #ff9900;\"><a style=\"color: #ff9900;\" href=\"https:\/\/www.instagram.com\/p\/CvtLakysSOL\/?utm_source=ig_web_copy_link&amp;igshid=MzRlODBiNWFlZA==\"><span style=\"font-weight: 400;\">Ver: comunicado de \u201cEstudiantes en lucha unvm\u201d<\/span><\/a><\/span><\/p>\n<p><span style=\"font-weight: 400;\">La empresa solo deposit\u00f3 una parte del salario que &#8220;no llegaba al 50% del haber total&#8221;, por ende, &#8220;muchos compa\u00f1eros no hab\u00edan logrado pagar el alquiler a t\u00e9rmino\u201d, coment\u00f3 a Tribuna Edgardo Garmendia, secretario de Relaciones Institucionales de la Asociaci\u00f3n Obrera de la Industria del Transporte Automotor (AOITA).<\/span><\/p>\n<p><span style=\"font-weight: 400;\">Con respecto a los pr\u00f3ximos meses, Garmendia coment\u00f3: \u201cDebemos garantizar que se cumpla la ley 20.744, la cual establece que el cuarto d\u00eda h\u00e1bil deben cobrar los trabajadores\u201d. Adem\u00e1s, el dirigente coment\u00f3 que desde hace dos meses no se viene cumpliendo esta ley \u201csiendo la \u00fanica empresa de la provincia de C\u00f3rdoba que no efectu\u00f3 con este deber\u201d.<\/span><\/p>\n<p><span style=\"font-weight: 400;\">Camila Felipe, integrante del Centro de Estudiantes del Instituto de Ciencias Humanas, coment\u00f3 a este medio que \u201cel desempe\u00f1o del transporte no es bueno, los coches se rompen muy seguido, no pasan a horario, y las paradas no est\u00e1n en buenas condiciones\u201d. En relaci\u00f3n al paro coment\u00f3 que los estudiantes se vieron afectados \u201cpero tambi\u00e9n entendimos por qu\u00e9 se realizaba la medida\u201d.\u00a0<\/span><\/p>\n<p><span style=\"font-weight: 400;\">Por su parte, Livio Vescovo, que participa en el Centro de Estudiantes del Instituto de Ciencias Sociales, afirm\u00f3 que el sistema de colectivos es \u201cpaup\u00e9rrimo\u201d, ya que los estudiantes sufren esperas de hasta 40 minutos por un colectivo.<\/span><\/p>\n<\/div>\n<\/div>\n","protected":false},"excerpt":{"rendered":"<p>Trabajadores del transporte realizaron un paro por la falta de pagos de la empresa Trans Bus SRL que se extendi\u00f3 durante varios d\u00edas.<\/p>\n","protected":false},"author":2,"featured_media":8895,"comment_status":"open","ping_status":"open","sticky":false,"template":"","format":"standard","meta":{"_exactmetrics_skip_tracking":false,"_exactmetrics_sitenote_active":false,"_exactmetrics_sitenote_note":"","_exactmetrics_sitenote_category":0,"jnews-multi-image_gallery":[],"jnews_single_post":{"source_name":"","source_url":"","via_name":"","via_url":"","override_template":"0","override":[{"template":"1","single_blog_custom":"","parallax":"1","fullscreen":"1","layout":"right-sidebar","sidebar":"default-sidebar","second_sidebar":"default-sidebar","sticky_sidebar":"1","share_position":"top","share_float_style":"share-monocrhome","show_share_counter":"1","show_view_counter":"1","show_featured":"1","show_post_meta":"1","show_post_author":"1","show_post_author_image":"1","show_post_date":"1","post_date_format":"default","post_date_format_custom":"Y\/m\/d","show_post_category":"1","show_post_reading_time":"0","post_reading_time_wpm":"300","show_zoom_button":"0","zoom_button_out_step":"2","zoom_button_in_step":"3","show_post_tag":"1","show_prev_next_post":"1","show_popup_post":"1","number_popup_post":"1","show_author_box":"0","show_post_related":"0","show_inline_post_related":"0"}],"override_image_size":"0","image_override":[{"single_post_thumbnail_size":"crop-500","single_post_gallery_size":"crop-500"}],"trending_post":"0","trending_post_position":"meta","trending_post_label":"Trending","sponsored_post":"0","sponsored_post_label":"Sponsored by","sponsored_post_name":"","sponsored_post_url":"","sponsored_post_logo_enable":"0","sponsored_post_logo":"","sponsored_post_desc":""},"jnews_primary_category":{"id":"27"},"jnews_social_meta":{"fb_title":"","fb_description":"","fb_image":"","twitter_title":"","twitter_description":"","twitter_image":""},"jnews_override_counter":{"override_view_counter":"0","view_counter_number":"0","override_share_counter":"0","share_counter_number":"0","override_like_counter":"0","like_counter_number":"0","override_dislike_counter":"0","dislike_counter_number":"0"},"_joinchat":[],"footnotes":""},"categories":[27],"tags":[183,109,302,78,210,35],"class_list":["post-8894","post","type-post","status-publish","format-standard","has-post-thumbnail","hentry","category-local","tag-condiciones-de-trabajo","tag-condiciones-de-vida","tag-edicion-116","tag-estudiantes","tag-local","tag-trabajadores"],"_links":{"self":[{"href":"https:\/\/tribunavm.com.ar\/index.php\/wp-json\/wp\/v2\/posts\/8894"}],"collection":[{"href":"https:\/\/tribunavm.com.ar\/index.php\/wp-json\/wp\/v2\/posts"}],"about":[{"href":"https:\/\/tribunavm.com.ar\/index.php\/wp-json\/wp\/v2\/types\/post"}],"author":[{"embeddable":true,"href":"https:\/\/tribunavm.com.ar\/index.php\/wp-json\/wp\/v2\/users\/2"}],"replies":[{"embeddable":true,"href":"https:\/\/tribunavm.com.ar\/index.php\/wp-json\/wp\/v2\/comments?post=8894"}],"version-history":[{"count":3,"href":"https:\/\/tribunavm.com.ar\/index.php\/wp-json\/wp\/v2\/posts\/8894\/revisions"}],"predecessor-version":[{"id":8933,"href":"https:\/\/tribunavm.com.ar\/index.php\/wp-json\/wp\/v2\/posts\/8894\/revisions\/8933"}],"wp:featuredmedia":[{"embeddable":true,"href":"https:\/\/tribunavm.com.ar\/index.php\/wp-json\/wp\/v2\/media\/8895"}],"wp:attachment":[{"href":"https:\/\/tribunavm.com.ar\/index.php\/wp-json\/wp\/v2\/media?parent=8894"}],"wp:term":[{"taxonomy":"category","embeddable":true,"href":"https:\/\/tribunavm.com.ar\/index.php\/wp-json\/wp\/v2\/categories?post=8894"},{"taxonomy":"post_tag","embeddable":true,"href":"https:\/\/tribunavm.com.ar\/index.php\/wp-json\/wp\/v2\/tags?post=8894"}],"curies":[{"name":"wp","href":"https:\/\/api.w.org\/{rel}","templated":true}]}}