{"id":9033,"date":"2023-09-02T22:55:49","date_gmt":"2023-09-02T22:55:49","guid":{"rendered":"https:\/\/tribunavm.com.ar\/?p=9033"},"modified":"2023-09-02T22:56:02","modified_gmt":"2023-09-02T22:56:02","slug":"debate-presidencial-en-foro-empresario","status":"publish","type":"post","link":"https:\/\/tribunavm.com.ar\/index.php\/2023\/09\/02\/debate-presidencial-en-foro-empresario\/","title":{"rendered":"Debate presidencial en foro empresario"},"content":{"rendered":"<div class=\"row clearfix\">\n<div class=\"col-md-8\">\n<div class=\"intro-text\">\n<p><span style=\"font-weight: 400;\">Tras las PASO, la 20\u00b0 edici\u00f3n del foro del Council of The Americas se conform\u00f3 como plataforma de debate de los candidatos presidenciales.<\/span><\/p>\n<\/div>\n<p><span style=\"font-weight: 400;\"><span class=\"dropcap \" style=\"background-color: #ffffff; color: #dd9933; border-color: #ffffff;\">D<\/span>iez d\u00edas despu\u00e9s de las elecciones primarias, se realiz\u00f3 en el hotel Alvear Palace el tradicional evento empresarial que re\u00fane a l\u00edderes pol\u00edticos y directivos de empresas para \u201cintercambiar puntos de vista en pos del desarrollo econ\u00f3mico del pa\u00eds y la regi\u00f3n\u201d.<\/span><\/p>\n<p><span style=\"font-weight: 400;\">Patricia Bullrich, candidata de Juntos por el Cambio, prometi\u00f3 que su gobierno ser\u00e1 \u201cel m\u00e1s austero que recuerde la Rep\u00fablica Argentina\u201d. \u201cLa sociedad gasta la plata mejor que el Estado. El Estado va a garantizar lo que tiene que garantizar: salud, educaci\u00f3n, fuerzas armadas equipadas y fuerzas de seguridad. Ah\u00ed vamos a tener las prioridades\u201d, puntualiz\u00f3.<\/span><\/p>\n<p><span style=\"font-weight: 400;\">Por su parte, Javier Milei, del partido Libertad Avanza, asegur\u00f3 que &#8220;nuestro alineamiento de geopol\u00edtica es Estados Unidos e Israel. Nosotros no nos vamos a alinear con comunistas&#8221;, aclarando que &#8220;eso no quiere decir que el sector privado pueda comercializar con quien se le d\u00e9 la gana&#8221;.\u00a0<\/span><\/p>\n<p><span style=\"font-weight: 400;\">Por \u00faltimo, Sergio Massa, el candidato de Uni\u00f3n por la Patria, advirti\u00f3 que confrontan &#8220;la mirada de un pa\u00eds en v\u00edas de desarrollo versus la l\u00f3gica de la selva&#8221;. Al compararse con los otros candidatos, el ministro de Econom\u00eda a\u00f1adi\u00f3 que &#8220;a lo mejor no digo frases lindas y rimbombantes para TikTok, pero cuando me siento, gestiono, y esa es la mejor garant\u00eda que tienen para los pr\u00f3ximos 4 a\u00f1os los argentinos\u201d.<\/span><\/p>\n<\/div>\n<\/div>\n","protected":false},"excerpt":{"rendered":"<p>Tras las PASO, la 20\u00b0 edici\u00f3n del foro del Council of The Americas se conform\u00f3 como plataforma de debate de los candidatos presidenciales.<\/p>\n","protected":false},"author":2,"featured_media":9035,"comment_status":"open","ping_status":"open","sticky":false,"template":"","format":"standard","meta":{"_exactmetrics_skip_tracking":false,"_exactmetrics_sitenote_active":false,"_exactmetrics_sitenote_note":"","_exactmetrics_sitenote_category":0,"jnews-multi-image_gallery":[],"jnews_single_post":{"source_name":"","source_url":"","via_name":"","via_url":"","override_template":"0","override":[{"template":"1","single_blog_custom":"","parallax":"1","fullscreen":"1","layout":"right-sidebar","sidebar":"default-sidebar","second_sidebar":"default-sidebar","sticky_sidebar":"1","share_position":"top","share_float_style":"share-monocrhome","show_share_counter":"1","show_view_counter":"1","show_featured":"1","show_post_meta":"1","show_post_author":"1","show_post_author_image":"1","show_post_date":"1","post_date_format":"default","post_date_format_custom":"Y\/m\/d","show_post_category":"1","show_post_reading_time":"0","post_reading_time_wpm":"300","show_zoom_button":"0","zoom_button_out_step":"2","zoom_button_in_step":"3","show_post_tag":"1","show_prev_next_post":"1","show_popup_post":"1","number_popup_post":"1","show_author_box":"0","show_post_related":"0","show_inline_post_related":"0"}],"override_image_size":"0","image_override":[{"single_post_thumbnail_size":"crop-500","single_post_gallery_size":"crop-500"}],"trending_post":"0","trending_post_position":"meta","trending_post_label":"Trending","sponsored_post":"0","sponsored_post_label":"Sponsored by","sponsored_post_name":"","sponsored_post_url":"","sponsored_post_logo_enable":"0","sponsored_post_logo":"","sponsored_post_desc":""},"jnews_primary_category":{"id":"279"},"jnews_social_meta":{"fb_title":"","fb_description":"","fb_image":"","twitter_title":"","twitter_description":"","twitter_image":""},"jnews_override_counter":{"override_view_counter":"0","view_counter_number":"0","override_share_counter":"0","share_counter_number":"0","override_like_counter":"0","like_counter_number":"0","override_dislike_counter":"0","dislike_counter_number":"0"},"_joinchat":[],"footnotes":""},"categories":[279],"tags":[303,39],"class_list":["post-9033","post","type-post","status-publish","format-standard","has-post-thumbnail","hentry","category-gobierno","tag-edicion-117","tag-gobierno"],"_links":{"self":[{"href":"https:\/\/tribunavm.com.ar\/index.php\/wp-json\/wp\/v2\/posts\/9033"}],"collection":[{"href":"https:\/\/tribunavm.com.ar\/index.php\/wp-json\/wp\/v2\/posts"}],"about":[{"href":"https:\/\/tribunavm.com.ar\/index.php\/wp-json\/wp\/v2\/types\/post"}],"author":[{"embeddable":true,"href":"https:\/\/tribunavm.com.ar\/index.php\/wp-json\/wp\/v2\/users\/2"}],"replies":[{"embeddable":true,"href":"https:\/\/tribunavm.com.ar\/index.php\/wp-json\/wp\/v2\/comments?post=9033"}],"version-history":[{"count":1,"href":"https:\/\/tribunavm.com.ar\/index.php\/wp-json\/wp\/v2\/posts\/9033\/revisions"}],"predecessor-version":[{"id":9034,"href":"https:\/\/tribunavm.com.ar\/index.php\/wp-json\/wp\/v2\/posts\/9033\/revisions\/9034"}],"wp:featuredmedia":[{"embeddable":true,"href":"https:\/\/tribunavm.com.ar\/index.php\/wp-json\/wp\/v2\/media\/9035"}],"wp:attachment":[{"href":"https:\/\/tribunavm.com.ar\/index.php\/wp-json\/wp\/v2\/media?parent=9033"}],"wp:term":[{"taxonomy":"category","embeddable":true,"href":"https:\/\/tribunavm.com.ar\/index.php\/wp-json\/wp\/v2\/categories?post=9033"},{"taxonomy":"post_tag","embeddable":true,"href":"https:\/\/tribunavm.com.ar\/index.php\/wp-json\/wp\/v2\/tags?post=9033"}],"curies":[{"name":"wp","href":"https:\/\/api.w.org\/{rel}","templated":true}]}}