{"id":9036,"date":"2023-09-02T23:14:42","date_gmt":"2023-09-02T23:14:42","guid":{"rendered":"https:\/\/tribunavm.com.ar\/?p=9036"},"modified":"2023-09-02T23:14:42","modified_gmt":"2023-09-02T23:14:42","slug":"amcham-y-copal-rechazan-el-programa-de-precios-del-gobierno","status":"publish","type":"post","link":"https:\/\/tribunavm.com.ar\/index.php\/2023\/09\/02\/amcham-y-copal-rechazan-el-programa-de-precios-del-gobierno\/","title":{"rendered":"Amcham y Copal rechazan el programa de precios del Gobierno"},"content":{"rendered":"<div class=\"row clearfix\">\n<div class=\"col-md-8\">\n<p><span style=\"color: #212121; font-size: 1.5em; letter-spacing: -0.01em;\">El Gobierno anunci\u00f3 la renovaci\u00f3n de Precios Justos y las c\u00e1maras empresarias calificaron la pauta de aumentos como \u201cinviable\u201d.<\/span><\/p>\n<p><span style=\"font-weight: 400;\"><span class=\"dropcap \" style=\"background-color: #ffffff; color: #dd9933; border-color: #ffffff;\">E<\/span>l martes 15 de agosto, un d\u00eda despu\u00e9s de la devaluaci\u00f3n del 22% del d\u00f3lar, vencieron todos los acuerdos de precios en el marco de Precios Justos. En este marco, el Ministerio de Econom\u00eda anunci\u00f3 un relanzamiento del programa hasta noviembre, con aumentos de precios al 5% mensual por un lapso de 90 d\u00edas para los sectores de comercializaci\u00f3n de calzado, celulares, consumo masivo, indumentaria, insumos difundidos, motos y l\u00ednea blanca y peque\u00f1os electrodom\u00e9sticos.\u00a0<\/span><\/p>\n<p><span style=\"font-weight: 400;\">Sin embargo, distintas centrales empresarias rechazaron el acuerdo. La Coordinadora de las Industrias de Productos Alimenticios (Copal), a trav\u00e9s de un comunicado, reclam\u00f3 que \u201cla din\u00e1mica de control de precios impuesta en la \u00faltima semana por la Secretar\u00eda de Comercio no es posible ni sostenible si no se da lugar al entendimiento y al di\u00e1logo intersectorial\u201d.\u00a0<\/span><\/p>\n<p><span style=\"font-weight: 400;\">La entidad explic\u00f3 que el acuerdo se dio \u201csobre la base de una serie de convocatorias en lo individual a un conjunto de empresas del sector\u201d en el que las empresas \u201chan debido acatar para continuar abasteciendo, pero que de ninguna manera funciona sobre bases firmes, menos a\u00fan sobre los principios de un acuerdo voluntario\u201d. \u201cPretender que la industria de alimentos y bebidas pueda absorber el impacto de la reciente devaluaci\u00f3n es negar el marco de desequilibrios de costos y precios que afecta a este sector, al igual que al resto de la cadena de valor\u201d, a\u00f1adieron.<\/span><\/p>\n<p><span style=\"font-weight: 400;\">Por su parte, la C\u00e1mara de Comercio de los Estados Unidos en Argentina (AmCham), en una carta enviada al Ministerio de Econom\u00eda, calific\u00f3 la propuesta de \u201cinviable\u201d. \u201cEn las \u00faltimas dos semanas los costos de producci\u00f3n ponderados han aumentado entre un 15% y 32%, lo cual vuelve absolutamente inviable el primer aumento propuesto del 5%\u201d, explic\u00f3 la entidad, que mencion\u00f3 a su vez como dificultades que \u201chabr\u00e1 reapertura de paritarias de camioneros al 140%, proveedores aumentando entre 25% y 30% y condicionando la entrega de la materia prima o el producto intermedio, para mencionar solo algunos condicionantes\u201d.<\/span><\/p>\n<\/div>\n<\/div>\n","protected":false},"excerpt":{"rendered":"<p>El Gobierno anunci\u00f3 la renovaci\u00f3n de Precios Justos y las c\u00e1maras empresarias calificaron la pauta de aumentos como \u201cinviable\u201d.<\/p>\n","protected":false},"author":2,"featured_media":9037,"comment_status":"open","ping_status":"open","sticky":false,"template":"","format":"standard","meta":{"_exactmetrics_skip_tracking":false,"_exactmetrics_sitenote_active":false,"_exactmetrics_sitenote_note":"","_exactmetrics_sitenote_category":0,"jnews-multi-image_gallery":[],"jnews_single_post":{"source_name":"","source_url":"","via_name":"","via_url":"","override_template":"0","override":[{"template":"1","single_blog_custom":"","parallax":"1","fullscreen":"1","layout":"right-sidebar","sidebar":"default-sidebar","second_sidebar":"default-sidebar","sticky_sidebar":"1","share_position":"top","share_float_style":"share-monocrhome","show_share_counter":"1","show_view_counter":"1","show_featured":"1","show_post_meta":"1","show_post_author":"1","show_post_author_image":"1","show_post_date":"1","post_date_format":"default","post_date_format_custom":"Y\/m\/d","show_post_category":"1","show_post_reading_time":"0","post_reading_time_wpm":"300","show_zoom_button":"0","zoom_button_out_step":"2","zoom_button_in_step":"3","show_post_tag":"1","show_prev_next_post":"1","show_popup_post":"1","number_popup_post":"1","show_author_box":"0","show_post_related":"0","show_inline_post_related":"0"}],"override_image_size":"0","image_override":[{"single_post_thumbnail_size":"crop-500","single_post_gallery_size":"crop-500"}],"trending_post":"0","trending_post_position":"meta","trending_post_label":"Trending","sponsored_post":"0","sponsored_post_label":"Sponsored by","sponsored_post_name":"","sponsored_post_url":"","sponsored_post_logo_enable":"0","sponsored_post_logo":"","sponsored_post_desc":""},"jnews_primary_category":{"id":"278"},"jnews_social_meta":{"fb_title":"","fb_description":"","fb_image":"","twitter_title":"","twitter_description":"","twitter_image":""},"jnews_override_counter":{"override_view_counter":"0","view_counter_number":"0","override_share_counter":"0","share_counter_number":"0","override_like_counter":"0","like_counter_number":"0","override_dislike_counter":"0","dislike_counter_number":"0"},"_joinchat":[],"footnotes":""},"categories":[278],"tags":[303,39,161,228],"class_list":["post-9036","post","type-post","status-publish","format-standard","has-post-thumbnail","hentry","category-economia","tag-edicion-117","tag-gobierno","tag-inflacion","tag-sector"],"_links":{"self":[{"href":"https:\/\/tribunavm.com.ar\/index.php\/wp-json\/wp\/v2\/posts\/9036"}],"collection":[{"href":"https:\/\/tribunavm.com.ar\/index.php\/wp-json\/wp\/v2\/posts"}],"about":[{"href":"https:\/\/tribunavm.com.ar\/index.php\/wp-json\/wp\/v2\/types\/post"}],"author":[{"embeddable":true,"href":"https:\/\/tribunavm.com.ar\/index.php\/wp-json\/wp\/v2\/users\/2"}],"replies":[{"embeddable":true,"href":"https:\/\/tribunavm.com.ar\/index.php\/wp-json\/wp\/v2\/comments?post=9036"}],"version-history":[{"count":1,"href":"https:\/\/tribunavm.com.ar\/index.php\/wp-json\/wp\/v2\/posts\/9036\/revisions"}],"predecessor-version":[{"id":9038,"href":"https:\/\/tribunavm.com.ar\/index.php\/wp-json\/wp\/v2\/posts\/9036\/revisions\/9038"}],"wp:featuredmedia":[{"embeddable":true,"href":"https:\/\/tribunavm.com.ar\/index.php\/wp-json\/wp\/v2\/media\/9037"}],"wp:attachment":[{"href":"https:\/\/tribunavm.com.ar\/index.php\/wp-json\/wp\/v2\/media?parent=9036"}],"wp:term":[{"taxonomy":"category","embeddable":true,"href":"https:\/\/tribunavm.com.ar\/index.php\/wp-json\/wp\/v2\/categories?post=9036"},{"taxonomy":"post_tag","embeddable":true,"href":"https:\/\/tribunavm.com.ar\/index.php\/wp-json\/wp\/v2\/tags?post=9036"}],"curies":[{"name":"wp","href":"https:\/\/api.w.org\/{rel}","templated":true}]}}